{"id":13655,"date":"2024-04-19T20:32:15","date_gmt":"2024-04-19T23:32:15","guid":{"rendered":"https:\/\/jornalismo.ufsj.edu.br\/van\/?p=13655"},"modified":"2024-04-19T20:32:16","modified_gmt":"2024-04-19T23:32:16","slug":"o-sentido-e-sentir","status":"publish","type":"post","link":"http:\/\/jornalismo.ufsj.edu.br\/van\/o-sentido-e-sentir\/","title":{"rendered":"O sentido \u00e9 sentir"},"content":{"rendered":"\n<p class=\"has-text-align-right\"><strong>J\u00falia Diniz<\/strong><\/p>\n\n\n\n<div style=\"height:15px\" aria-hidden=\"true\" class=\"wp-block-spacer\"><\/div>\n\n\n\n<p>Esse ensaio emerge dando voz \u00e0 uma narrativa muito particular sobre observar e compartilhar. Envelhecer e ver a vida acontecendo \u00e9 maravilhosamente doloroso. A melancolia que habita em revisitar mem\u00f3rias e viver para cri\u00e1-las, traz uma sensibilidade perceptivamente mais consciente sobre crescer, perder e verdadeiramente sentir.<\/p>\n\n\n\n<p>Sentir o tempo perpassando nossa exist\u00eancia desperta a import\u00e2ncia da insignific\u00e2ncia particular que se faz especial no ato consciente de ser. E de estar. Presente.<\/p>\n\n\n\n<p>Dedico essa cole\u00e7\u00e3o \u00e0s reflex\u00f5es junto da minha melhor amiga, que compartilha da viv\u00eancia dela um pouco com a minha.<\/p>\n\n\n\n<p><\/p>\n\n\n\n<p class=\"has-text-align-center\"><strong>Fotos: J\u00falia Diniz<\/strong><\/p>\n\n\n<div class=\"wp-block-image\">\n<figure class=\"aligncenter size-large\"><img loading=\"lazy\" decoding=\"async\" width=\"1024\" height=\"682\" src=\"http:\/\/jornalismo.ufsj.edu.br\/van\/wp-content\/uploads\/2024\/04\/1estar-1024x682.jpg\" alt=\"\" class=\"wp-image-13656\" srcset=\"http:\/\/jornalismo.ufsj.edu.br\/van\/wp-content\/uploads\/2024\/04\/1estar-1024x682.jpg 1024w, http:\/\/jornalismo.ufsj.edu.br\/van\/wp-content\/uploads\/2024\/04\/1estar-300x200.jpg 300w, http:\/\/jornalismo.ufsj.edu.br\/van\/wp-content\/uploads\/2024\/04\/1estar-768x512.jpg 768w, http:\/\/jornalismo.ufsj.edu.br\/van\/wp-content\/uploads\/2024\/04\/1estar-900x600.jpg 900w, http:\/\/jornalismo.ufsj.edu.br\/van\/wp-content\/uploads\/2024\/04\/1estar.jpg 1280w\" sizes=\"auto, (max-width: 1024px) 100vw, 1024px\" \/><figcaption class=\"wp-element-caption\">Estar<\/figcaption><\/figure>\n<\/div>\n\n\n<div style=\"height:15px\" aria-hidden=\"true\" class=\"wp-block-spacer\"><\/div>\n\n\n<div class=\"wp-block-image\">\n<figure class=\"aligncenter size-large\"><img loading=\"lazy\" decoding=\"async\" width=\"1024\" height=\"682\" src=\"http:\/\/jornalismo.ufsj.edu.br\/van\/wp-content\/uploads\/2024\/04\/2lembrar-1024x682.jpg\" alt=\"\" class=\"wp-image-13658\" srcset=\"http:\/\/jornalismo.ufsj.edu.br\/van\/wp-content\/uploads\/2024\/04\/2lembrar-1024x682.jpg 1024w, http:\/\/jornalismo.ufsj.edu.br\/van\/wp-content\/uploads\/2024\/04\/2lembrar-300x200.jpg 300w, http:\/\/jornalismo.ufsj.edu.br\/van\/wp-content\/uploads\/2024\/04\/2lembrar-768x512.jpg 768w, http:\/\/jornalismo.ufsj.edu.br\/van\/wp-content\/uploads\/2024\/04\/2lembrar-900x600.jpg 900w, http:\/\/jornalismo.ufsj.edu.br\/van\/wp-content\/uploads\/2024\/04\/2lembrar.jpg 1280w\" sizes=\"auto, (max-width: 1024px) 100vw, 1024px\" \/><figcaption class=\"wp-element-caption\">Lembrar<\/figcaption><\/figure>\n<\/div>\n\n\n<div style=\"height:15px\" aria-hidden=\"true\" class=\"wp-block-spacer\"><\/div>\n\n\n<div class=\"wp-block-image\">\n<figure class=\"aligncenter size-large\"><img loading=\"lazy\" decoding=\"async\" width=\"1024\" height=\"682\" src=\"http:\/\/jornalismo.ufsj.edu.br\/van\/wp-content\/uploads\/2024\/04\/3descobrir-1024x682.jpg\" alt=\"\" class=\"wp-image-13659\" srcset=\"http:\/\/jornalismo.ufsj.edu.br\/van\/wp-content\/uploads\/2024\/04\/3descobrir-1024x682.jpg 1024w, http:\/\/jornalismo.ufsj.edu.br\/van\/wp-content\/uploads\/2024\/04\/3descobrir-300x200.jpg 300w, http:\/\/jornalismo.ufsj.edu.br\/van\/wp-content\/uploads\/2024\/04\/3descobrir-768x512.jpg 768w, http:\/\/jornalismo.ufsj.edu.br\/van\/wp-content\/uploads\/2024\/04\/3descobrir-900x600.jpg 900w, http:\/\/jornalismo.ufsj.edu.br\/van\/wp-content\/uploads\/2024\/04\/3descobrir.jpg 1280w\" sizes=\"auto, (max-width: 1024px) 100vw, 1024px\" \/><figcaption class=\"wp-element-caption\">Descobrir<\/figcaption><\/figure>\n<\/div>\n\n\n<div style=\"height:15px\" aria-hidden=\"true\" class=\"wp-block-spacer\"><\/div>\n\n\n<div class=\"wp-block-image\">\n<figure class=\"aligncenter size-large\"><img loading=\"lazy\" decoding=\"async\" width=\"1024\" height=\"682\" src=\"http:\/\/jornalismo.ufsj.edu.br\/van\/wp-content\/uploads\/2024\/04\/4mergulhar-1024x682.jpg\" alt=\"\" class=\"wp-image-13660\" srcset=\"http:\/\/jornalismo.ufsj.edu.br\/van\/wp-content\/uploads\/2024\/04\/4mergulhar-1024x682.jpg 1024w, http:\/\/jornalismo.ufsj.edu.br\/van\/wp-content\/uploads\/2024\/04\/4mergulhar-300x200.jpg 300w, http:\/\/jornalismo.ufsj.edu.br\/van\/wp-content\/uploads\/2024\/04\/4mergulhar-768x512.jpg 768w, http:\/\/jornalismo.ufsj.edu.br\/van\/wp-content\/uploads\/2024\/04\/4mergulhar-900x600.jpg 900w, http:\/\/jornalismo.ufsj.edu.br\/van\/wp-content\/uploads\/2024\/04\/4mergulhar.jpg 1280w\" sizes=\"auto, (max-width: 1024px) 100vw, 1024px\" \/><figcaption class=\"wp-element-caption\">Mergulhar<\/figcaption><\/figure>\n<\/div>\n\n\n<div style=\"height:15px\" aria-hidden=\"true\" class=\"wp-block-spacer\"><\/div>\n\n\n<div class=\"wp-block-image\">\n<figure class=\"aligncenter size-large\"><img loading=\"lazy\" decoding=\"async\" width=\"1024\" height=\"682\" src=\"http:\/\/jornalismo.ufsj.edu.br\/van\/wp-content\/uploads\/2024\/04\/5partir-1024x682.jpg\" alt=\"\" class=\"wp-image-13657\" srcset=\"http:\/\/jornalismo.ufsj.edu.br\/van\/wp-content\/uploads\/2024\/04\/5partir-1024x682.jpg 1024w, http:\/\/jornalismo.ufsj.edu.br\/van\/wp-content\/uploads\/2024\/04\/5partir-300x200.jpg 300w, http:\/\/jornalismo.ufsj.edu.br\/van\/wp-content\/uploads\/2024\/04\/5partir-768x512.jpg 768w, http:\/\/jornalismo.ufsj.edu.br\/van\/wp-content\/uploads\/2024\/04\/5partir-900x600.jpg 900w, http:\/\/jornalismo.ufsj.edu.br\/van\/wp-content\/uploads\/2024\/04\/5partir.jpg 1280w\" sizes=\"auto, (max-width: 1024px) 100vw, 1024px\" \/><figcaption class=\"wp-element-caption\">Partir<\/figcaption><\/figure>\n<\/div>\n\n\n<div style=\"height:15px\" aria-hidden=\"true\" class=\"wp-block-spacer\"><\/div>\n\n\n\n<p>Coment\u00e1rio da fot\u00f3grafa: As fotos d\u00e3o sequ\u00eancia \u00e0 percep\u00e7\u00e3o do tempo presente com base em mem\u00f3rias de dois senhores. Sentados na beira de um lago com seus reflexos, surgem as reflex\u00f5es sobre a juventude, a descoberta do mundo e o mergulho na profundidade da vida adulta. O ensaio encerra com a sa\u00edda dos dois de cena, fotografia que estampa os cl\u00e1ssicos \u00e1lbuns de fotografia que vemos dos nossos av\u00f3s. Esse desfecho d\u00e1 abertura para novas narrativas, que observam as lembran\u00e7as passadas e passam a criar as suas pr\u00f3prias.<\/p>\n\n\n\n<p>\u2018\u2019Trata-se de um convite para olhar para dentro e viver l\u00e1 fora\u2019\u2019<\/p>\n\n\n\n<p><strong>Playlist:<\/strong><\/p>\n\n\n\n<p>\u00b7 \u00a0 <a href=\"https:\/\/open.spotify.com\/intl-pt\/track\/5Df8LivqhhpY5m8eT8st70?si=7baf35c567bf4fc2\">Everything I know about love \u2013 Laufey<\/a><\/p>\n\n\n\n<p>\u00b7 \u00a0 <a href=\"https:\/\/open.spotify.com\/intl-pt\/track\/3QHONiXGMGU3z68mQInncF?si=dfd003cc1c3f4c02\">I\u2019ll be missing you &#8211; Faith Evans e Sean Combs<\/a><\/p>\n\n\n\n<p>\u00b7 \u00a0 <a href=\"https:\/\/open.spotify.com\/intl-pt\/track\/4KLZOU5V5XuEkvytSgyW6u?si=86963d2f755443b0\">Slow Down &#8211; Laufey<\/a><\/p>\n","protected":false},"excerpt":{"rendered":"<p>Esse ensaio emerge dando voz \u00e0 uma narrativa muito particular sobre observar e compartilhar. Envelhecer e ver a vida acontecendo \u00e9 maravilhosamente doloroso. A melancolia que habita em revisitar mem\u00f3rias e viver para cri\u00e1-las, traz uma sensibilidade perceptivamente mais consciente sobre crescer, perder e verdadeiramente sentir.<\/p>\n","protected":false},"author":2,"featured_media":13656,"comment_status":"closed","ping_status":"open","sticky":false,"template":"","format":"standard","meta":{"_monsterinsights_skip_tracking":false,"_monsterinsights_sitenote_active":false,"_monsterinsights_sitenote_note":"","_monsterinsights_sitenote_category":0,"_themeisle_gutenberg_block_has_review":false,"cybocfi_hide_featured_image":"yes","footnotes":""},"categories":[765],"tags":[152],"class_list":["post-13655","post","type-post","status-publish","format-standard","has-post-thumbnail","hentry","category-arte","tag-cultura"],"_links":{"self":[{"href":"http:\/\/jornalismo.ufsj.edu.br\/van\/wp-json\/wp\/v2\/posts\/13655","targetHints":{"allow":["GET"]}}],"collection":[{"href":"http:\/\/jornalismo.ufsj.edu.br\/van\/wp-json\/wp\/v2\/posts"}],"about":[{"href":"http:\/\/jornalismo.ufsj.edu.br\/van\/wp-json\/wp\/v2\/types\/post"}],"author":[{"embeddable":true,"href":"http:\/\/jornalismo.ufsj.edu.br\/van\/wp-json\/wp\/v2\/users\/2"}],"replies":[{"embeddable":true,"href":"http:\/\/jornalismo.ufsj.edu.br\/van\/wp-json\/wp\/v2\/comments?post=13655"}],"version-history":[{"count":1,"href":"http:\/\/jornalismo.ufsj.edu.br\/van\/wp-json\/wp\/v2\/posts\/13655\/revisions"}],"predecessor-version":[{"id":13661,"href":"http:\/\/jornalismo.ufsj.edu.br\/van\/wp-json\/wp\/v2\/posts\/13655\/revisions\/13661"}],"wp:featuredmedia":[{"embeddable":true,"href":"http:\/\/jornalismo.ufsj.edu.br\/van\/wp-json\/wp\/v2\/media\/13656"}],"wp:attachment":[{"href":"http:\/\/jornalismo.ufsj.edu.br\/van\/wp-json\/wp\/v2\/media?parent=13655"}],"wp:term":[{"taxonomy":"category","embeddable":true,"href":"http:\/\/jornalismo.ufsj.edu.br\/van\/wp-json\/wp\/v2\/categories?post=13655"},{"taxonomy":"post_tag","embeddable":true,"href":"http:\/\/jornalismo.ufsj.edu.br\/van\/wp-json\/wp\/v2\/tags?post=13655"}],"curies":[{"name":"wp","href":"https:\/\/api.w.org\/{rel}","templated":true}]}}