{"id":13577,"date":"2024-03-19T22:35:00","date_gmt":"2024-03-20T01:35:00","guid":{"rendered":"https:\/\/jornalismo.ufsj.edu.br\/van\/?p=13577"},"modified":"2024-03-20T09:42:31","modified_gmt":"2024-03-20T12:42:31","slug":"em-prol-dos-animais-de-rua-brecho-literario-em-sao-joao-del-rei","status":"publish","type":"post","link":"http:\/\/jornalismo.ufsj.edu.br\/van\/em-prol-dos-animais-de-rua-brecho-literario-em-sao-joao-del-rei\/","title":{"rendered":"Em prol dos animais de rua: Brech\u00f3 Liter\u00e1rio em S\u00e3o Jo\u00e3o del Rei"},"content":{"rendered":"\n<p class=\"has-text-align-right\"><strong>Por Igor Chaves e Isabela Barbosa<\/strong><\/p>\n\n\n\n<div style=\"height:15px\" aria-hidden=\"true\" class=\"wp-block-spacer\"><\/div>\n\n\n\n<p>Na \u00faltima <strong>quarta-feira (13)<\/strong>, o brech\u00f3 liter\u00e1rio beneficente de Paty Costa Leite esteve no Campus Dom Bosco da Universidade Federal de S\u00e3o Jo\u00e3o del-Rei (CDB). Geralmente, a a\u00e7\u00e3o acontece bimestralmente no P\u00e1tio Matosinhos, mas, <strong>devido a certa urg\u00eancia da causa animal<\/strong>, o bazar precisou realizar uma <strong>arrecada\u00e7\u00e3o extraordin\u00e1ria<\/strong> no CDB, a fim de angariar fundos para a Sociedade Protetora de Animais de S\u00e3o Jo\u00e3o del-Rei.<\/p>\n\n\n<div class=\"wp-block-image\">\n<figure class=\"aligncenter size-full is-resized\"><img loading=\"lazy\" decoding=\"async\" width=\"384\" height=\"512\" src=\"http:\/\/jornalismo.ufsj.edu.br\/van\/wp-content\/uploads\/2024\/03\/Patricia-Mara-de-Carvalho-Costa-Leite-Foto-Isabela-Barbosa.jpg\" alt=\"\" class=\"wp-image-13578\" style=\"width:466px;height:auto\" srcset=\"http:\/\/jornalismo.ufsj.edu.br\/van\/wp-content\/uploads\/2024\/03\/Patricia-Mara-de-Carvalho-Costa-Leite-Foto-Isabela-Barbosa.jpg 384w, http:\/\/jornalismo.ufsj.edu.br\/van\/wp-content\/uploads\/2024\/03\/Patricia-Mara-de-Carvalho-Costa-Leite-Foto-Isabela-Barbosa-225x300.jpg 225w\" sizes=\"auto, (max-width: 384px) 100vw, 384px\" \/><figcaption class=\"wp-element-caption\">Patr\u00edcia Mara de Carvalho Costa Leite &#8211; Foto: Isabela Barbosa<\/figcaption><\/figure>\n<\/div>\n\n\n<div style=\"height:15px\" aria-hidden=\"true\" class=\"wp-block-spacer\"><\/div>\n\n\n\n<p>Idealizado por Patr\u00edcia Mara de Carvalho Costa Leite, professora de l\u00edngua inglesa e lingu\u00edstica do Departamento de Letras, Artes e Cultura da UFSJ, o brech\u00f3 une a <strong>acessibilidade \u00e0 leitura<\/strong> com a <strong>causa animal<\/strong>. Sendo promovido desde 2019, os valores recolhidos pelo bazar s\u00e3o repassados \u00e0 <strong>Sociedade<\/strong><strong> S\u00e3o Francisco de Assis de Prote\u00e7\u00e3o aos Animais<\/strong>, que vem enfrentando <strong>momentos de crise<\/strong> frente \u00e0 <strong>falta de recursos<\/strong> e <strong>pouco incentivo do poder p\u00fablico<\/strong>.<\/p>\n\n\n\n<p>Segundo dados da <strong>Organiza\u00e7\u00e3o Mundial da Sa\u00fade (OMS)<\/strong>, em 2023 eram cerca de <strong>30 milh\u00f5es de c\u00e3es e gatos<\/strong> em situa\u00e7\u00e3o de rua no Brasil, <strong>sujeitos a maus-tratos, falta de alimento e abrigo<\/strong>. Posto isso, em entrevista para a VAN, Paty contou que o brech\u00f3 <strong>come\u00e7ou de forma org\u00e2nica<\/strong> a partir do seu desejo de <strong>ajudar na causa animal<\/strong> e acabou escalonando, funcionando at\u00e9 mesmo online, durante a pandemia: &#8220;Eu n\u00e3o tinha a ideia &#8216;eu vou fazer um brech\u00f3&#8217;, eu <strong>queria s\u00f3 ajudar<\/strong>, mas a\u00ed o brech\u00f3 come\u00e7ou e nunca mais parou&#8221;.<\/p>\n\n\n\n<div style=\"height:15px\" aria-hidden=\"true\" class=\"wp-block-spacer\"><\/div>\n\n\n<div class=\"wp-block-image\">\n<figure class=\"aligncenter size-full is-resized\"><img loading=\"lazy\" decoding=\"async\" width=\"512\" height=\"384\" src=\"http:\/\/jornalismo.ufsj.edu.br\/van\/wp-content\/uploads\/2024\/03\/Patricia-e-equipe-de-auxilio-Foto-Isabela-Barbosa.jpg\" alt=\"\" class=\"wp-image-13579\" style=\"width:841px;height:auto\" srcset=\"http:\/\/jornalismo.ufsj.edu.br\/van\/wp-content\/uploads\/2024\/03\/Patricia-e-equipe-de-auxilio-Foto-Isabela-Barbosa.jpg 512w, http:\/\/jornalismo.ufsj.edu.br\/van\/wp-content\/uploads\/2024\/03\/Patricia-e-equipe-de-auxilio-Foto-Isabela-Barbosa-300x225.jpg 300w, http:\/\/jornalismo.ufsj.edu.br\/van\/wp-content\/uploads\/2024\/03\/Patricia-e-equipe-de-auxilio-Foto-Isabela-Barbosa-200x150.jpg 200w\" sizes=\"auto, (max-width: 512px) 100vw, 512px\" \/><figcaption class=\"wp-element-caption\">Patr\u00edcia e equipe de aux\u00edlio &#8211; Foto: Isabela Barbosa<\/figcaption><\/figure>\n<\/div>\n\n\n<div style=\"height:15px\" aria-hidden=\"true\" class=\"wp-block-spacer\"><\/div>\n\n\n\n<p>Atualmente, o brech\u00f3 conta com <strong>apoio do Rotaract S\u00e3o Jo\u00e3o del-Rei<\/strong>, respons\u00e1vel por ajudar com a log\u00edstica. &#8220;Eles me ajudam a vender e ajudam a divulgar tamb\u00e9m\u2026a separar os livros\u2026eles me ajudam no processo todo. Ent\u00e3o \u00e9 por isso que a gente fez o brech\u00f3 e continuamos at\u00e9 hoje&#8221;, explicou Paty. Para ela, <strong>os animais na rua precisam ser vistos<\/strong> e, acima de tudo, <strong>amparados<\/strong>: &#8220;Eles n\u00e3o t\u00eam como pedir ajuda. Eles est\u00e3o a\u00ed, n\u00e9? Se a gente n\u00e3o olhar pra eles&#8230; Eles continuam ali. Ent\u00e3o alguma coisa precisa ser feita&#8221;.\u00a0<\/p>\n\n\n\n<p><\/p>\n","protected":false},"excerpt":{"rendered":"<p>Na \u00faltima quarta-feira (13), o brech\u00f3 liter\u00e1rio beneficente de Paty Costa Leite esteve no Campus Dom Bosco da Universidade Federal de S\u00e3o Jo\u00e3o del-Rei (CDB). Geralmente, a a\u00e7\u00e3o acontece bimestralmente no P\u00e1tio Matosinhos, mas, devido a certa urg\u00eancia da causa animal, o bazar precisou realizar uma arrecada\u00e7\u00e3o extraordin\u00e1ria no CDB, a fim de angariar fundos para a Sociedade Protetora de Animais de S\u00e3o Jo\u00e3o del-Rei.<\/p>\n","protected":false},"author":2,"featured_media":13579,"comment_status":"closed","ping_status":"open","sticky":false,"template":"","format":"standard","meta":{"_monsterinsights_skip_tracking":false,"_monsterinsights_sitenote_active":false,"_monsterinsights_sitenote_note":"","_monsterinsights_sitenote_category":0,"_themeisle_gutenberg_block_has_review":false,"cybocfi_hide_featured_image":"yes","footnotes":""},"categories":[13],"tags":[14],"class_list":["post-13577","post","type-post","status-publish","format-standard","has-post-thumbnail","hentry","category-cultura","tag-sao-joao-del-rei"],"_links":{"self":[{"href":"http:\/\/jornalismo.ufsj.edu.br\/van\/wp-json\/wp\/v2\/posts\/13577","targetHints":{"allow":["GET"]}}],"collection":[{"href":"http:\/\/jornalismo.ufsj.edu.br\/van\/wp-json\/wp\/v2\/posts"}],"about":[{"href":"http:\/\/jornalismo.ufsj.edu.br\/van\/wp-json\/wp\/v2\/types\/post"}],"author":[{"embeddable":true,"href":"http:\/\/jornalismo.ufsj.edu.br\/van\/wp-json\/wp\/v2\/users\/2"}],"replies":[{"embeddable":true,"href":"http:\/\/jornalismo.ufsj.edu.br\/van\/wp-json\/wp\/v2\/comments?post=13577"}],"version-history":[{"count":1,"href":"http:\/\/jornalismo.ufsj.edu.br\/van\/wp-json\/wp\/v2\/posts\/13577\/revisions"}],"predecessor-version":[{"id":13580,"href":"http:\/\/jornalismo.ufsj.edu.br\/van\/wp-json\/wp\/v2\/posts\/13577\/revisions\/13580"}],"wp:featuredmedia":[{"embeddable":true,"href":"http:\/\/jornalismo.ufsj.edu.br\/van\/wp-json\/wp\/v2\/media\/13579"}],"wp:attachment":[{"href":"http:\/\/jornalismo.ufsj.edu.br\/van\/wp-json\/wp\/v2\/media?parent=13577"}],"wp:term":[{"taxonomy":"category","embeddable":true,"href":"http:\/\/jornalismo.ufsj.edu.br\/van\/wp-json\/wp\/v2\/categories?post=13577"},{"taxonomy":"post_tag","embeddable":true,"href":"http:\/\/jornalismo.ufsj.edu.br\/van\/wp-json\/wp\/v2\/tags?post=13577"}],"curies":[{"name":"wp","href":"https:\/\/api.w.org\/{rel}","templated":true}]}}