{"id":13567,"date":"2024-03-15T18:45:50","date_gmt":"2024-03-15T21:45:50","guid":{"rendered":"https:\/\/jornalismo.ufsj.edu.br\/van\/?p=13567"},"modified":"2024-03-15T18:45:52","modified_gmt":"2024-03-15T21:45:52","slug":"apaexonados-a-historia-da-apae-de-sao-joao-del-rei","status":"publish","type":"post","link":"http:\/\/jornalismo.ufsj.edu.br\/van\/apaexonados-a-historia-da-apae-de-sao-joao-del-rei\/","title":{"rendered":"APAExonados:\u00a0 A hist\u00f3ria da APAE de S\u00e3o Jo\u00e3o del-Rei"},"content":{"rendered":"\n<p class=\"has-text-align-right\"><strong>Por Ana Julia Barbosa e L\u00edvia Fernandes<\/strong><\/p>\n\n\n\n<div style=\"height:15px\" aria-hidden=\"true\" class=\"wp-block-spacer\"><\/div>\n\n\n\n<p>Essa nova coluna da VAN se prop\u00f5e a informar e divulgar os trabalhos realizados pela Associa\u00e7\u00e3o de Pais e Amigos dos Excepcionais \u2013 APAE de S\u00e3o Jo\u00e3o del-Rei. Ent\u00e3o, para iniciarmos, conhe\u00e7a um pouco do surgimento da institui\u00e7\u00e3o e como ela impacta a vida das pessoas com defici\u00eancias por meio de seus servi\u00e7os.<\/p>\n\n\n\n<div style=\"height:15px\" aria-hidden=\"true\" class=\"wp-block-spacer\"><\/div>\n\n\n<div class=\"wp-block-image\">\n<figure class=\"aligncenter size-large\"><img loading=\"lazy\" decoding=\"async\" width=\"1024\" height=\"576\" src=\"http:\/\/jornalismo.ufsj.edu.br\/van\/wp-content\/uploads\/2024\/03\/foto-destaque-1024x576.jpg\" alt=\"\" class=\"wp-image-13570\" srcset=\"http:\/\/jornalismo.ufsj.edu.br\/van\/wp-content\/uploads\/2024\/03\/foto-destaque-1024x576.jpg 1024w, http:\/\/jornalismo.ufsj.edu.br\/van\/wp-content\/uploads\/2024\/03\/foto-destaque-300x169.jpg 300w, http:\/\/jornalismo.ufsj.edu.br\/van\/wp-content\/uploads\/2024\/03\/foto-destaque-768x432.jpg 768w, http:\/\/jornalismo.ufsj.edu.br\/van\/wp-content\/uploads\/2024\/03\/foto-destaque-1536x864.jpg 1536w, http:\/\/jornalismo.ufsj.edu.br\/van\/wp-content\/uploads\/2024\/03\/foto-destaque.jpg 1920w\" sizes=\"auto, (max-width: 1024px) 100vw, 1024px\" \/><\/figure>\n<\/div>\n\n\n<div style=\"height:15px\" aria-hidden=\"true\" class=\"wp-block-spacer\"><\/div>\n\n\n\n<p>A primeira APAE surgiu em 1954. Beatrice Bemis foi membro do corpo diplom\u00e1tico americano e m\u00e3e de uma crian\u00e7a portadora de S\u00edndrome de Down. Quando chegou ao Brasil, n\u00e3o encontrou uma escola que pudesse matricular a filha, ent\u00e3o, junto a outras fam\u00edlias e com apoio da Sociedade Pestalozzi do Brasil, come\u00e7ou a funcionar a primeira escola de APAEs para crian\u00e7as com defici\u00eancia.<\/p>\n\n\n\n<p>A demanda por esse tipo de institui\u00e7\u00e3o era grande e, rapidamente v\u00e1rias APAEs foram criadas. Registros apontam que em 8 anos foram criadas cerca de 16 unidades espalhadas pelo Brasil, e com isso, houve a necessidade de troca de experi\u00eancias, divulga\u00e7\u00e3o e padroniza\u00e7\u00e3o de terminologias e planejamento. Para resolver essas quest\u00f5es, foi realizada&nbsp; a 1\u00ba Reuni\u00e3o Nacional de Dirigentes&nbsp; Apaenos e, assim, discuss\u00f5es sobre as quest\u00f5es das pessoas com defici\u00eancia come\u00e7aram a ser discutidas.<\/p>\n\n\n\n<p>Dessa forma, foi decidido que para facilitar e unificar as institui\u00e7\u00f5es era necess\u00e1rio a cria\u00e7\u00e3o de um organismo nacional. Portanto, em 1962 criou-se a Federa\u00e7\u00e3o Nacional das APAEs, que adotaram como s\u00edmbolo a figura de uma flor margarida que simboliza o aluno, que tem em seu lado duas m\u00e3os, a da esquerda em posi\u00e7\u00e3o de amparo e a direita simboliza orienta\u00e7\u00e3o e prote\u00e7\u00e3o. E por fim, os louros em baixo s\u00e3o a recompensa pelas lutas, resultados dos esfor\u00e7os e a conquista da vit\u00f3ria .<\/p>\n\n\n\n<div style=\"height:15px\" aria-hidden=\"true\" class=\"wp-block-spacer\"><\/div>\n\n\n<div class=\"wp-block-image\">\n<figure class=\"aligncenter size-full\"><img loading=\"lazy\" decoding=\"async\" width=\"568\" height=\"370\" src=\"http:\/\/jornalismo.ufsj.edu.br\/van\/wp-content\/uploads\/2024\/03\/foto-1_-Simbolo-da-APAE-Foto_-Federacao-Nacional-das-Apaes.png\" alt=\"\" class=\"wp-image-13568\" srcset=\"http:\/\/jornalismo.ufsj.edu.br\/van\/wp-content\/uploads\/2024\/03\/foto-1_-Simbolo-da-APAE-Foto_-Federacao-Nacional-das-Apaes.png 568w, http:\/\/jornalismo.ufsj.edu.br\/van\/wp-content\/uploads\/2024\/03\/foto-1_-Simbolo-da-APAE-Foto_-Federacao-Nacional-das-Apaes-300x195.png 300w, http:\/\/jornalismo.ufsj.edu.br\/van\/wp-content\/uploads\/2024\/03\/foto-1_-Simbolo-da-APAE-Foto_-Federacao-Nacional-das-Apaes-370x241.png 370w\" sizes=\"auto, (max-width: 568px) 100vw, 568px\" \/><figcaption class=\"wp-element-caption\">S\u00edmbolo da APAE &#8211; Federa\u00e7\u00e3o Nacional das Apaes<\/figcaption><\/figure>\n<\/div>\n\n\n<div style=\"height:15px\" aria-hidden=\"true\" class=\"wp-block-spacer\"><\/div>\n\n\n\n<p>Em S\u00e3o Jo\u00e3o del-Rei no ano de 1964, o Instituto de Pedagogia e Psicologia pertencentes a Faculdade Dom Bosco, iniciaram uma \u201cescolinha experimental\u201d com uma turma de 26 crian\u00e7as e adolescentes com diferentes defici\u00eancias. Eles possu\u00edam equipamentos sofisticados, importados da Alemanha, Su\u00ed\u00e7a e It\u00e1lia, o que tornava o Laborat\u00f3rio de Psicologia um dos melhores da \u00e9poca aqui no Brasil. O objetivo era principalmente a pesquisa psicopedag\u00f3gica e ajuda aos familiares que tinham problemas educacionais em casa. As professoras eram as pr\u00f3prias alunas do curso. Em determinado momento, foi proposto o fim da escolinha, mas o vice-diretor\u00a0 Pe. Luiz Zver assumiu o projeto.<\/p>\n\n\n\n<div style=\"height:15px\" aria-hidden=\"true\" class=\"wp-block-spacer\"><\/div>\n\n\n<div class=\"wp-block-image\">\n<figure class=\"aligncenter size-large\"><img loading=\"lazy\" decoding=\"async\" width=\"697\" height=\"1024\" src=\"http:\/\/jornalismo.ufsj.edu.br\/van\/wp-content\/uploads\/2024\/03\/foto-2_-Os-alunos-tiveram-a-oportunidade-de-continuar-seus-estudos-e-acompanhamento-educacional.Foto_-Livro_Pequenas-Historias-ilustrada-APAE-de-Sao-Joao-del-Rei_-697x1024.jpg\" alt=\"\" class=\"wp-image-13569\" srcset=\"http:\/\/jornalismo.ufsj.edu.br\/van\/wp-content\/uploads\/2024\/03\/foto-2_-Os-alunos-tiveram-a-oportunidade-de-continuar-seus-estudos-e-acompanhamento-educacional.Foto_-Livro_Pequenas-Historias-ilustrada-APAE-de-Sao-Joao-del-Rei_-697x1024.jpg 697w, http:\/\/jornalismo.ufsj.edu.br\/van\/wp-content\/uploads\/2024\/03\/foto-2_-Os-alunos-tiveram-a-oportunidade-de-continuar-seus-estudos-e-acompanhamento-educacional.Foto_-Livro_Pequenas-Historias-ilustrada-APAE-de-Sao-Joao-del-Rei_-204x300.jpg 204w, http:\/\/jornalismo.ufsj.edu.br\/van\/wp-content\/uploads\/2024\/03\/foto-2_-Os-alunos-tiveram-a-oportunidade-de-continuar-seus-estudos-e-acompanhamento-educacional.Foto_-Livro_Pequenas-Historias-ilustrada-APAE-de-Sao-Joao-del-Rei_-768x1129.jpg 768w, http:\/\/jornalismo.ufsj.edu.br\/van\/wp-content\/uploads\/2024\/03\/foto-2_-Os-alunos-tiveram-a-oportunidade-de-continuar-seus-estudos-e-acompanhamento-educacional.Foto_-Livro_Pequenas-Historias-ilustrada-APAE-de-Sao-Joao-del-Rei_.jpg 871w\" sizes=\"auto, (max-width: 697px) 100vw, 697px\" \/><figcaption class=\"wp-element-caption\">Os alunos tiveram a oportunidade de continuar seus estudos e acompanhamento educacional &#8211; Foto Livro_Pequenas Hist\u00f3rias (ilustrada) APAE de S\u00e3o Jo\u00e3o del-Rei<\/figcaption><\/figure>\n<\/div>\n\n\n<div style=\"height:15px\" aria-hidden=\"true\" class=\"wp-block-spacer\"><\/div>\n\n\n\n<p>Em 1967, o III Congresso Nacional das APAEs ocorreu em Curitiba e contou com a presen\u00e7a de&nbsp; Luiz Zver. Durante o evento, ele recebeu orienta\u00e7\u00e3o do fundador da APAE de S\u00e3o Paulo, Dr. Antonio Clemente Filho, aprendendo como funcionava uma institui\u00e7\u00e3o como essa.<\/p>\n\n\n\n<p>Quando voltou para S\u00e3o Jo\u00e3o de-Rei, se reuniu com pessoas interessadas no assunto. Entre eles, um grupo de pais e pessoas com defici\u00eancia se juntaram ao ar livre na portaria da Faculdade Dom Bosco, sendo presidida pela professora Maria Lygia Rodrigues Santos Le\u00e3o. Eles tinham o objetivo de ali fundar\u00a0 a APAE sanjoanense. O primeiro presidente foi o advogado Dr. Pedro Alberto Salom\u00e9 de Oliveira, que realizou a estrutura jur\u00eddica b\u00e1sica, com elabora\u00e7\u00e3o do primeiro Estatuto e os registros necess\u00e1rios para o funcionamento da institui\u00e7\u00e3o.\u00a0<\/p>\n\n\n\n<div style=\"height:15px\" aria-hidden=\"true\" class=\"wp-block-spacer\"><\/div>\n\n\n<div class=\"wp-block-image\">\n<figure class=\"aligncenter size-large\"><img loading=\"lazy\" decoding=\"async\" width=\"1024\" height=\"655\" src=\"http:\/\/jornalismo.ufsj.edu.br\/van\/wp-content\/uploads\/2024\/03\/fot-1024x655.jpeg\" alt=\"\" class=\"wp-image-13571\" srcset=\"http:\/\/jornalismo.ufsj.edu.br\/van\/wp-content\/uploads\/2024\/03\/fot-1024x655.jpeg 1024w, http:\/\/jornalismo.ufsj.edu.br\/van\/wp-content\/uploads\/2024\/03\/fot-300x192.jpeg 300w, http:\/\/jornalismo.ufsj.edu.br\/van\/wp-content\/uploads\/2024\/03\/fot-768x491.jpeg 768w, http:\/\/jornalismo.ufsj.edu.br\/van\/wp-content\/uploads\/2024\/03\/fot.jpeg 1066w\" sizes=\"auto, (max-width: 1024px) 100vw, 1024px\" \/><figcaption class=\"wp-element-caption\">No mesmo ano o advogado se mudou para o Rio de Janeiro deixando a dire\u00e7\u00e3o da APAE para o Padre Luiz Zver que ficou no cargo por quase 40 anos. Foto Livro_Pequenas Hist\u00f3rias (ilustrada) APAE de S\u00e3o Jo\u00e3o del<\/figcaption><\/figure>\n<\/div>\n\n\n<div style=\"height:15px\" aria-hidden=\"true\" class=\"wp-block-spacer\"><\/div>\n\n\n\n<p>At\u00e9 hoje, a institui\u00e7\u00e3o atua na cidade, n\u00e3o mais no pr\u00e9dio do Dom Bosco. Apesar de mudan\u00e7as estruturais e de equipe, a APAE mant\u00e9m sua ess\u00eancia e seu objetivo de promover e articular a\u00e7\u00f5es em defesa de direitos, preven\u00e7\u00e3o, orienta\u00e7\u00e3o, presta\u00e7\u00e3o de servi\u00e7os, apoio \u00e0&nbsp; fam\u00edlia, direcionadas a melhorias na vida da pessoa com defici\u00eancia e a constru\u00e7\u00e3o de uma sociedade justa e solid\u00e1ria.&nbsp;&nbsp;<\/p>\n\n\n\n<figure class=\"wp-block-pullquote\"><blockquote><p>\u00a0Servi\u00e7o\u00a0<br>\u00a0Associa\u00e7\u00e3o de Pais e Amigos dos Excepcionais \u2013 APAE de S\u00e3o Jo\u00e3o del-Rei<br>Av. Leite de Castro, 1380 &#8211; F\u00e1bricas,<\/p><\/blockquote><\/figure>\n\n\n\n<p><a href=\"https:\/\/www.google.com\/search?q=apae+sjdr&amp;oq=apae+sjdr&amp;gs_lcrp=EgZjaHJvbWUqCggAEAAY4wIYgAQyCggAEAAY4wIYgAQyDQgBEC4YrwEYxwEYgATSAQgzNTYzajBqN6gCALACAA&amp;sourceid=chrome&amp;ie=UTF-8#\">(32) 3371-7227<\/a><\/p>\n\n\n\n<p>@apaesjdr&nbsp;&nbsp;<\/p>\n","protected":false},"excerpt":{"rendered":"<p>Essa nova coluna da VAN se prop\u00f5e a informar e divulgar os trabalhos realizados pela Associa\u00e7\u00e3o de Pais e Amigos dos Excepcionais \u2013 APAE de S\u00e3o Jo\u00e3o del-Rei. Ent\u00e3o, para iniciarmos, conhe\u00e7a um pouco do surgimento da institui\u00e7\u00e3o e como ela impacta a vida das pessoas com defici\u00eancias por meio de seus servi\u00e7os.<\/p>\n","protected":false},"author":2,"featured_media":13570,"comment_status":"closed","ping_status":"open","sticky":false,"template":"","format":"standard","meta":{"_monsterinsights_skip_tracking":false,"_monsterinsights_sitenote_active":false,"_monsterinsights_sitenote_note":"","_monsterinsights_sitenote_category":0,"_themeisle_gutenberg_block_has_review":false,"cybocfi_hide_featured_image":"yes","footnotes":""},"categories":[794],"tags":[14],"class_list":["post-13567","post","type-post","status-publish","format-standard","has-post-thumbnail","hentry","category-apaexonados","tag-sao-joao-del-rei"],"_links":{"self":[{"href":"http:\/\/jornalismo.ufsj.edu.br\/van\/wp-json\/wp\/v2\/posts\/13567","targetHints":{"allow":["GET"]}}],"collection":[{"href":"http:\/\/jornalismo.ufsj.edu.br\/van\/wp-json\/wp\/v2\/posts"}],"about":[{"href":"http:\/\/jornalismo.ufsj.edu.br\/van\/wp-json\/wp\/v2\/types\/post"}],"author":[{"embeddable":true,"href":"http:\/\/jornalismo.ufsj.edu.br\/van\/wp-json\/wp\/v2\/users\/2"}],"replies":[{"embeddable":true,"href":"http:\/\/jornalismo.ufsj.edu.br\/van\/wp-json\/wp\/v2\/comments?post=13567"}],"version-history":[{"count":1,"href":"http:\/\/jornalismo.ufsj.edu.br\/van\/wp-json\/wp\/v2\/posts\/13567\/revisions"}],"predecessor-version":[{"id":13572,"href":"http:\/\/jornalismo.ufsj.edu.br\/van\/wp-json\/wp\/v2\/posts\/13567\/revisions\/13572"}],"wp:featuredmedia":[{"embeddable":true,"href":"http:\/\/jornalismo.ufsj.edu.br\/van\/wp-json\/wp\/v2\/media\/13570"}],"wp:attachment":[{"href":"http:\/\/jornalismo.ufsj.edu.br\/van\/wp-json\/wp\/v2\/media?parent=13567"}],"wp:term":[{"taxonomy":"category","embeddable":true,"href":"http:\/\/jornalismo.ufsj.edu.br\/van\/wp-json\/wp\/v2\/categories?post=13567"},{"taxonomy":"post_tag","embeddable":true,"href":"http:\/\/jornalismo.ufsj.edu.br\/van\/wp-json\/wp\/v2\/tags?post=13567"}],"curies":[{"name":"wp","href":"https:\/\/api.w.org\/{rel}","templated":true}]}}