{"id":13565,"date":"2024-03-14T18:20:53","date_gmt":"2024-03-14T21:20:53","guid":{"rendered":"https:\/\/jornalismo.ufsj.edu.br\/van\/?p=13565"},"modified":"2024-03-15T18:23:47","modified_gmt":"2024-03-15T21:23:47","slug":"ama-futebol-e-e-novo-na-cidade-vem-saber-como-anda-o-time-que-move-sao-joao-del-rei-o-athletic-club","status":"publish","type":"post","link":"http:\/\/jornalismo.ufsj.edu.br\/van\/ama-futebol-e-e-novo-na-cidade-vem-saber-como-anda-o-time-que-move-sao-joao-del-rei-o-athletic-club\/","title":{"rendered":"Ama futebol e \u00e9 novo na cidade?\u00a0Vem saber como anda o time que move S\u00e3o Jo\u00e3o del-Rei, o Athletic Club."},"content":{"rendered":"\n<p class=\"has-text-align-right\"><strong>Yanni Paula Santana e Rafael Alonso<\/strong><\/p>\n\n\n\n<div style=\"height:15px\" aria-hidden=\"true\" class=\"wp-block-spacer\"><\/div>\n\n\n<div class=\"wp-block-image\">\n<figure class=\"aligncenter size-full is-resized\"><img loading=\"lazy\" decoding=\"async\" width=\"390\" height=\"512\" src=\"http:\/\/jornalismo.ufsj.edu.br\/van\/wp-content\/uploads\/2024\/03\/Athletic-Club.jpg\" alt=\"\" class=\"wp-image-13564\" style=\"width:764px;height:auto\" srcset=\"http:\/\/jornalismo.ufsj.edu.br\/van\/wp-content\/uploads\/2024\/03\/Athletic-Club.jpg 390w, http:\/\/jornalismo.ufsj.edu.br\/van\/wp-content\/uploads\/2024\/03\/Athletic-Club-229x300.jpg 229w\" sizes=\"auto, (max-width: 390px) 100vw, 390px\" \/><figcaption class=\"wp-element-caption\">Abertura da quarta rodada do Campeonato Mineiro de Futebol\/ Atl\u00e9tico Mineiro x Athletic Club. &#8211; Foto: Yanni Santana<\/figcaption><\/figure>\n<\/div>\n\n\n<div style=\"height:15px\" aria-hidden=\"true\" class=\"wp-block-spacer\"><\/div>\n\n\n\n<p>Ap\u00f3s um ano vitorioso, o Esquadr\u00e3o enfrenta um in\u00edcio de temporada conturbado. Rodrigo Santana comandou o time em nove partidas, registrando cinco vit\u00f3rias, um empate e tr\u00eas derrotas, com um aproveitamento de 59,25% dos pontos.<\/p>\n\n\n\n<p>A equipe n\u00e3o avan\u00e7ou para as semifinais do Campeonato Mineiro pela primeira vez em tr\u00eas anos, ficando com a quinta coloca\u00e7\u00e3o geral, somando 13 pontos. Em comum acordo, Rodrigo Santana deixou o comando da equipe, abrindo espa\u00e7o para o retorno de Roger Silva, em sua terceira passagem pelo clube.<\/p>\n\n\n\n<p>Roger estreou no jogo de ida, contra o Uberl\u00e2ndia, no Parque do Sabi\u00e1, pelo Trof\u00e9u Inconfid\u00eancia. Apesar do Athletic virar o placar, o jogo terminou empatado em 2&#215;2. No segundo desafio, a equipe viajou at\u00e9 o Maranh\u00e3o para enfrentar o CRB, sendo derrotada por 2&#215;0 e eliminada da Copa do Brasil, considerada priorit\u00e1ria pelos dirigentes.<\/p>\n\n\n\n<p>A torcida expressa preocupa\u00e7\u00e3o com as altera\u00e7\u00f5es no elenco entre o Mineiro e o Brasileiro. Especula\u00e7\u00f5es apontam o interesse do Atl\u00e9tico Mineiro no camisa 10, Robert, e a poss\u00edvel sa\u00edda do volante Wallison. Novos nomes, como R\u00f4mulo, de 36 anos, com t\u00edtulos europeus, foram anunciados, visando uma equipe mais competitiva para encarar a in\u00e9dita s\u00e9rie C.<\/p>\n","protected":false},"excerpt":{"rendered":"<p>Ap\u00f3s um ano vitorioso, o Esquadr\u00e3o enfrenta um in\u00edcio de temporada conturbado. Rodrigo Santana comandou o time em nove partidas, registrando cinco vit\u00f3rias, um empate e tr\u00eas derrotas, com um aproveitamento de 59,25% dos pontos.<\/p>\n","protected":false},"author":2,"featured_media":13564,"comment_status":"closed","ping_status":"open","sticky":false,"template":"","format":"standard","meta":{"_monsterinsights_skip_tracking":false,"_monsterinsights_sitenote_active":false,"_monsterinsights_sitenote_note":"","_monsterinsights_sitenote_category":0,"_themeisle_gutenberg_block_has_review":false,"cybocfi_hide_featured_image":"yes","footnotes":""},"categories":[16],"tags":[14],"class_list":["post-13565","post","type-post","status-publish","format-standard","has-post-thumbnail","hentry","category-esporte","tag-sao-joao-del-rei"],"_links":{"self":[{"href":"http:\/\/jornalismo.ufsj.edu.br\/van\/wp-json\/wp\/v2\/posts\/13565","targetHints":{"allow":["GET"]}}],"collection":[{"href":"http:\/\/jornalismo.ufsj.edu.br\/van\/wp-json\/wp\/v2\/posts"}],"about":[{"href":"http:\/\/jornalismo.ufsj.edu.br\/van\/wp-json\/wp\/v2\/types\/post"}],"author":[{"embeddable":true,"href":"http:\/\/jornalismo.ufsj.edu.br\/van\/wp-json\/wp\/v2\/users\/2"}],"replies":[{"embeddable":true,"href":"http:\/\/jornalismo.ufsj.edu.br\/van\/wp-json\/wp\/v2\/comments?post=13565"}],"version-history":[{"count":1,"href":"http:\/\/jornalismo.ufsj.edu.br\/van\/wp-json\/wp\/v2\/posts\/13565\/revisions"}],"predecessor-version":[{"id":13566,"href":"http:\/\/jornalismo.ufsj.edu.br\/van\/wp-json\/wp\/v2\/posts\/13565\/revisions\/13566"}],"wp:featuredmedia":[{"embeddable":true,"href":"http:\/\/jornalismo.ufsj.edu.br\/van\/wp-json\/wp\/v2\/media\/13564"}],"wp:attachment":[{"href":"http:\/\/jornalismo.ufsj.edu.br\/van\/wp-json\/wp\/v2\/media?parent=13565"}],"wp:term":[{"taxonomy":"category","embeddable":true,"href":"http:\/\/jornalismo.ufsj.edu.br\/van\/wp-json\/wp\/v2\/categories?post=13565"},{"taxonomy":"post_tag","embeddable":true,"href":"http:\/\/jornalismo.ufsj.edu.br\/van\/wp-json\/wp\/v2\/tags?post=13565"}],"curies":[{"name":"wp","href":"https:\/\/api.w.org\/{rel}","templated":true}]}}