{"id":13508,"date":"2024-03-06T13:20:32","date_gmt":"2024-03-06T16:20:32","guid":{"rendered":"https:\/\/jornalismo.ufsj.edu.br\/van\/?p=13508"},"modified":"2024-03-06T13:20:33","modified_gmt":"2024-03-06T16:20:33","slug":"cursinho-popular-edson-luis","status":"publish","type":"post","link":"http:\/\/jornalismo.ufsj.edu.br\/van\/cursinho-popular-edson-luis\/","title":{"rendered":"Cursinho Popular Edson Lu\u00eds"},"content":{"rendered":"\n<p><\/p>\n\n\n\n<p><em>Mais que um espa\u00e7o de aprendizado, um espa\u00e7o de transforma\u00e7\u00e3o<\/em><\/p>\n\n\n\n<p class=\"has-text-align-right\"><strong>\u00a0Por Andhrey Taier<\/strong><\/p>\n\n\n\n<p>Com mais de uma d\u00e9cada de hist\u00f3ria, o Cursinho Popular Edson Lu\u00eds (CPEL) \u00e9 um projeto de extens\u00e3o da UFSJ (Universidade Federal de S\u00e3o Jo\u00e3o del-Rei), onde alunos do ensino superior lecionam para vestibulandos em situa\u00e7\u00e3o social vulner\u00e1vel. Com uma m\u00e9dia de 50 alunos por ano, o projeto busca mostrar como a universidade \u00e9 um lugar para todos, e tamb\u00e9m transmite uma vis\u00e3o de mudan\u00e7a e transforma\u00e7\u00e3o poss\u00edveis atrav\u00e9s da educa\u00e7\u00e3o.<\/p>\n\n\n\n<p>No in\u00edcio era&nbsp; apenas de uma iniciativa promovida por esses universit\u00e1rios, com a ideia de \u201cLevar o povo e a classe trabalhadora para a universidade\u201d, como cita Thiago Malverde, educador do Cursinho e aluno do curso de biologia. O CPEL s\u00f3 chegou a ser vinculado \u00e0 UFSJ posteriormente. Atrav\u00e9s desse v\u00ednculo, o projeto passou a receber recursos atrav\u00e9s da PROEX (Pr\u00f3-reitoria de Extens\u00e3o e Cultura), e conseguiu se instalar no Campus Dom Bosco (CDB), onde as aulas ocorrem atualmente. Esse novo espa\u00e7o propicia, ainda mais, a miss\u00e3o do Cursinho, uma vez que estreita a rela\u00e7\u00e3o dos alunos com o ambiente universit\u00e1rio, seja pela intera\u00e7\u00e3o com o espa\u00e7o do Campus ou com aulas em laborat\u00f3rios, por exemplo.<\/p>\n\n\n\n<p>Apesar disso, o CPEL ainda conta com doa\u00e7\u00f5es e vaquinhas promovidas pelos educadores, a fim de promover cada vez mais um ambiente agrad\u00e1vel e acolhedor para os alunos.<\/p>\n\n\n\n<p>S\u00e3o diversos aprovados a cada ano. Segundo Pedro S\u00e1vio, discente de Psicologia e educador de n\u00facleo, nos \u00faltimos anos se manteve uma m\u00e9dia de 30 aprovados em v\u00e1rios cursos, mesmo durante a pandemia, quando as aulas eram feitas de forma remota e havia in\u00fameros empecilhos devido a falta de recursos.<\/p>\n\n\n\n<p>O Cursinho conta com uma m\u00e9dia de 40 educadores e recebe alunos de toda a regi\u00e3o das Vertentes. Suas vagas s\u00e3o focadas naqueles em situa\u00e7\u00e3o de maior vulnerabilidade, seja em quest\u00e3o financeira ou em rela\u00e7\u00e3o \u00e0 sexualidade, g\u00eanero ou etnia. Seus crit\u00e9rios seguem a premissa da iniciativa do CPEL, buscando \u201cDar voz aos silenciados\u201d e uma nova perspectiva de vida atrav\u00e9s do ensino e da educa\u00e7\u00e3o.<\/p>\n\n\n\n<p>Mesmo sendo um cursinho popular, ou seja, gratuito, conta com um problema recorrente de evas\u00e3o escolar. Isso se tornou mais evidente ainda durante a \u00e9poca de pandemia, onde v\u00e1rios alunos acabaram deixando as aulas por n\u00e3o terem recursos para as acompanhar. A evas\u00e3o n\u00e3o afeta apenas o Cursinho, mas sim, toda a \u00e1rea da educa\u00e7\u00e3o, evidenciando o quanto a busca pelo conhecimento \u00e9 elitizada.<\/p>\n\n\n\n<p>Dentro do pr\u00f3prio CPEL ex-educadores e ex-alunos promovem pesquisas sobre essa situa\u00e7\u00e3o, desenvolvendo estudos e trabalhos sobre o quanto a desigualdade social afeta a forma\u00e7\u00e3o do cidad\u00e3o.<\/p>\n\n\n\n<p>O Cursinho tamb\u00e9m carrega o objetivo de forma\u00e7\u00e3o dos alunos da licenciatura como educadores. \u201cEu que sou professor, entendo hoje que grande parte da minha forma\u00e7\u00e3o \u00e9 pelo Cursinho Popular\u201d, relembra Thiago Malverde. Ele tamb\u00e9m cita que \u00e9 dentro do CPEL que se v\u00ea de fato como o educador que sempre quis ser, onde mais do que apenas entregar o conte\u00fado que vai ser usado nos vestibulares, ele pode transmitir o conhecimento de forma que o aluno possa traz\u00ea-lo \u00e0 sua realidade e se tornar protagonista, uma vez que a educa\u00e7\u00e3o sofre com o sucateamento constante.<\/p>\n\n\n\n<p>Segundo Pedro S\u00e1vio a principal mensagem que o CPEL transmite, tanto para seus alunos quanto para a sociedade como um todo, \u00e9 o de transforma\u00e7\u00e3o: \u201cPorque, enfim, a educa\u00e7\u00e3o popular vem muito desse lugar de entender quais s\u00e3o os desafios que eles (alunos) enfrentam na vida deles, e junto deles fazer com que venham a esse mundo universit\u00e1rio entendendo que s\u00e3o protagonistas. \u00c9 quando eles assumem esse lugar de protagonismo que nossa miss\u00e3o est\u00e1 cumprida\u201d<\/p>\n\n\n\n<p>Confira um pouco do trabalho realizado pelo Cursinho Popular:<\/p>\n\n\n\n<p><\/p>\n\n\n\n<figure class=\"wp-block-gallery has-nested-images columns-default is-cropped wp-block-gallery-1 is-layout-flex wp-block-gallery-is-layout-flex\">\n<figure class=\"wp-block-image size-large\"><img loading=\"lazy\" decoding=\"async\" width=\"1024\" height=\"1024\" data-id=\"13524\" src=\"https:\/\/jornalismo.ufsj.edu.br\/van\/wp-content\/uploads\/2024\/03\/WhatsApp-Image-2024-03-05-at-11.06.28-1024x1024.jpeg\" alt=\"\" class=\"wp-image-13524\" srcset=\"http:\/\/jornalismo.ufsj.edu.br\/van\/wp-content\/uploads\/2024\/03\/WhatsApp-Image-2024-03-05-at-11.06.28-1024x1024.jpeg 1024w, http:\/\/jornalismo.ufsj.edu.br\/van\/wp-content\/uploads\/2024\/03\/WhatsApp-Image-2024-03-05-at-11.06.28-300x300.jpeg 300w, http:\/\/jornalismo.ufsj.edu.br\/van\/wp-content\/uploads\/2024\/03\/WhatsApp-Image-2024-03-05-at-11.06.28-150x150.jpeg 150w, http:\/\/jornalismo.ufsj.edu.br\/van\/wp-content\/uploads\/2024\/03\/WhatsApp-Image-2024-03-05-at-11.06.28-768x768.jpeg 768w, http:\/\/jornalismo.ufsj.edu.br\/van\/wp-content\/uploads\/2024\/03\/WhatsApp-Image-2024-03-05-at-11.06.28.jpeg 1496w\" sizes=\"auto, (max-width: 1024px) 100vw, 1024px\" \/><\/figure>\n\n\n\n<figure class=\"wp-block-image size-large\"><img loading=\"lazy\" decoding=\"async\" width=\"1024\" height=\"1024\" data-id=\"13523\" src=\"https:\/\/jornalismo.ufsj.edu.br\/van\/wp-content\/uploads\/2024\/03\/WhatsApp-Image-2024-03-05-at-11.07.20-1024x1024.jpeg\" alt=\"\" class=\"wp-image-13523\" srcset=\"http:\/\/jornalismo.ufsj.edu.br\/van\/wp-content\/uploads\/2024\/03\/WhatsApp-Image-2024-03-05-at-11.07.20-1024x1024.jpeg 1024w, http:\/\/jornalismo.ufsj.edu.br\/van\/wp-content\/uploads\/2024\/03\/WhatsApp-Image-2024-03-05-at-11.07.20-300x300.jpeg 300w, http:\/\/jornalismo.ufsj.edu.br\/van\/wp-content\/uploads\/2024\/03\/WhatsApp-Image-2024-03-05-at-11.07.20-150x150.jpeg 150w, http:\/\/jornalismo.ufsj.edu.br\/van\/wp-content\/uploads\/2024\/03\/WhatsApp-Image-2024-03-05-at-11.07.20-768x768.jpeg 768w, http:\/\/jornalismo.ufsj.edu.br\/van\/wp-content\/uploads\/2024\/03\/WhatsApp-Image-2024-03-05-at-11.07.20.jpeg 1496w\" sizes=\"auto, (max-width: 1024px) 100vw, 1024px\" \/><\/figure>\n\n\n\n<figure class=\"wp-block-image size-large\"><img loading=\"lazy\" decoding=\"async\" width=\"640\" height=\"640\" data-id=\"13522\" src=\"https:\/\/jornalismo.ufsj.edu.br\/van\/wp-content\/uploads\/2024\/03\/WhatsApp-Image-2024-03-05-at-11.07.20-3.jpeg\" alt=\"\" class=\"wp-image-13522\" srcset=\"http:\/\/jornalismo.ufsj.edu.br\/van\/wp-content\/uploads\/2024\/03\/WhatsApp-Image-2024-03-05-at-11.07.20-3.jpeg 640w, http:\/\/jornalismo.ufsj.edu.br\/van\/wp-content\/uploads\/2024\/03\/WhatsApp-Image-2024-03-05-at-11.07.20-3-300x300.jpeg 300w, http:\/\/jornalismo.ufsj.edu.br\/van\/wp-content\/uploads\/2024\/03\/WhatsApp-Image-2024-03-05-at-11.07.20-3-150x150.jpeg 150w\" sizes=\"auto, (max-width: 640px) 100vw, 640px\" \/><\/figure>\n\n\n\n<figure class=\"wp-block-image size-large\"><img loading=\"lazy\" decoding=\"async\" width=\"1024\" height=\"576\" data-id=\"13521\" src=\"https:\/\/jornalismo.ufsj.edu.br\/van\/wp-content\/uploads\/2024\/03\/WhatsApp-Image-2024-03-05-at-11.07.20-2-1024x576.jpeg\" alt=\"\" class=\"wp-image-13521\" srcset=\"http:\/\/jornalismo.ufsj.edu.br\/van\/wp-content\/uploads\/2024\/03\/WhatsApp-Image-2024-03-05-at-11.07.20-2-1024x576.jpeg 1024w, http:\/\/jornalismo.ufsj.edu.br\/van\/wp-content\/uploads\/2024\/03\/WhatsApp-Image-2024-03-05-at-11.07.20-2-300x169.jpeg 300w, http:\/\/jornalismo.ufsj.edu.br\/van\/wp-content\/uploads\/2024\/03\/WhatsApp-Image-2024-03-05-at-11.07.20-2-768x432.jpeg 768w, http:\/\/jornalismo.ufsj.edu.br\/van\/wp-content\/uploads\/2024\/03\/WhatsApp-Image-2024-03-05-at-11.07.20-2-1536x864.jpeg 1536w, http:\/\/jornalismo.ufsj.edu.br\/van\/wp-content\/uploads\/2024\/03\/WhatsApp-Image-2024-03-05-at-11.07.20-2.jpeg 1599w\" sizes=\"auto, (max-width: 1024px) 100vw, 1024px\" \/><\/figure>\n\n\n\n<figure class=\"wp-block-image size-large\"><img loading=\"lazy\" decoding=\"async\" width=\"1024\" height=\"768\" data-id=\"13520\" src=\"https:\/\/jornalismo.ufsj.edu.br\/van\/wp-content\/uploads\/2024\/03\/WhatsApp-Image-2024-03-05-at-11.07.20-1-1024x768.jpeg\" alt=\"\" class=\"wp-image-13520\" srcset=\"http:\/\/jornalismo.ufsj.edu.br\/van\/wp-content\/uploads\/2024\/03\/WhatsApp-Image-2024-03-05-at-11.07.20-1-1024x768.jpeg 1024w, http:\/\/jornalismo.ufsj.edu.br\/van\/wp-content\/uploads\/2024\/03\/WhatsApp-Image-2024-03-05-at-11.07.20-1-300x225.jpeg 300w, http:\/\/jornalismo.ufsj.edu.br\/van\/wp-content\/uploads\/2024\/03\/WhatsApp-Image-2024-03-05-at-11.07.20-1-768x576.jpeg 768w, http:\/\/jornalismo.ufsj.edu.br\/van\/wp-content\/uploads\/2024\/03\/WhatsApp-Image-2024-03-05-at-11.07.20-1-1536x1153.jpeg 1536w, http:\/\/jornalismo.ufsj.edu.br\/van\/wp-content\/uploads\/2024\/03\/WhatsApp-Image-2024-03-05-at-11.07.20-1-200x150.jpeg 200w, http:\/\/jornalismo.ufsj.edu.br\/van\/wp-content\/uploads\/2024\/03\/WhatsApp-Image-2024-03-05-at-11.07.20-1.jpeg 1599w\" sizes=\"auto, (max-width: 1024px) 100vw, 1024px\" \/><\/figure>\n\n\n\n<figure class=\"wp-block-image size-large\"><img loading=\"lazy\" decoding=\"async\" width=\"1024\" height=\"572\" data-id=\"13519\" src=\"https:\/\/jornalismo.ufsj.edu.br\/van\/wp-content\/uploads\/2024\/03\/WhatsApp-Image-2024-03-05-at-11.07.19-1024x572.jpeg\" alt=\"\" class=\"wp-image-13519\" srcset=\"http:\/\/jornalismo.ufsj.edu.br\/van\/wp-content\/uploads\/2024\/03\/WhatsApp-Image-2024-03-05-at-11.07.19-1024x572.jpeg 1024w, http:\/\/jornalismo.ufsj.edu.br\/van\/wp-content\/uploads\/2024\/03\/WhatsApp-Image-2024-03-05-at-11.07.19-300x168.jpeg 300w, http:\/\/jornalismo.ufsj.edu.br\/van\/wp-content\/uploads\/2024\/03\/WhatsApp-Image-2024-03-05-at-11.07.19-768x429.jpeg 768w, http:\/\/jornalismo.ufsj.edu.br\/van\/wp-content\/uploads\/2024\/03\/WhatsApp-Image-2024-03-05-at-11.07.19.jpeg 1261w\" sizes=\"auto, (max-width: 1024px) 100vw, 1024px\" \/><\/figure>\n\n\n\n<figure class=\"wp-block-image size-large\"><img loading=\"lazy\" decoding=\"async\" width=\"768\" height=\"1024\" data-id=\"13518\" src=\"https:\/\/jornalismo.ufsj.edu.br\/van\/wp-content\/uploads\/2024\/03\/WhatsApp-Image-2024-03-05-at-11.07.19-4-768x1024.jpeg\" alt=\"\" class=\"wp-image-13518\" srcset=\"http:\/\/jornalismo.ufsj.edu.br\/van\/wp-content\/uploads\/2024\/03\/WhatsApp-Image-2024-03-05-at-11.07.19-4-768x1024.jpeg 768w, http:\/\/jornalismo.ufsj.edu.br\/van\/wp-content\/uploads\/2024\/03\/WhatsApp-Image-2024-03-05-at-11.07.19-4-225x300.jpeg 225w, http:\/\/jornalismo.ufsj.edu.br\/van\/wp-content\/uploads\/2024\/03\/WhatsApp-Image-2024-03-05-at-11.07.19-4-1152x1536.jpeg 1152w, http:\/\/jornalismo.ufsj.edu.br\/van\/wp-content\/uploads\/2024\/03\/WhatsApp-Image-2024-03-05-at-11.07.19-4.jpeg 1200w\" sizes=\"auto, (max-width: 768px) 100vw, 768px\" \/><\/figure>\n\n\n\n<figure class=\"wp-block-image size-large\"><img loading=\"lazy\" decoding=\"async\" width=\"1024\" height=\"898\" data-id=\"13517\" src=\"https:\/\/jornalismo.ufsj.edu.br\/van\/wp-content\/uploads\/2024\/03\/WhatsApp-Image-2024-03-05-at-11.07.19-3-1024x898.jpeg\" alt=\"\" class=\"wp-image-13517\" srcset=\"http:\/\/jornalismo.ufsj.edu.br\/van\/wp-content\/uploads\/2024\/03\/WhatsApp-Image-2024-03-05-at-11.07.19-3-1024x898.jpeg 1024w, http:\/\/jornalismo.ufsj.edu.br\/van\/wp-content\/uploads\/2024\/03\/WhatsApp-Image-2024-03-05-at-11.07.19-3-300x263.jpeg 300w, http:\/\/jornalismo.ufsj.edu.br\/van\/wp-content\/uploads\/2024\/03\/WhatsApp-Image-2024-03-05-at-11.07.19-3-768x673.jpeg 768w, http:\/\/jornalismo.ufsj.edu.br\/van\/wp-content\/uploads\/2024\/03\/WhatsApp-Image-2024-03-05-at-11.07.19-3.jpeg 1080w\" sizes=\"auto, (max-width: 1024px) 100vw, 1024px\" \/><\/figure>\n\n\n\n<figure class=\"wp-block-image size-large\"><img loading=\"lazy\" decoding=\"async\" width=\"1024\" height=\"896\" data-id=\"13516\" src=\"https:\/\/jornalismo.ufsj.edu.br\/van\/wp-content\/uploads\/2024\/03\/WhatsApp-Image-2024-03-05-at-11.07.19-2-1024x896.jpeg\" alt=\"\" class=\"wp-image-13516\" srcset=\"http:\/\/jornalismo.ufsj.edu.br\/van\/wp-content\/uploads\/2024\/03\/WhatsApp-Image-2024-03-05-at-11.07.19-2-1024x896.jpeg 1024w, http:\/\/jornalismo.ufsj.edu.br\/van\/wp-content\/uploads\/2024\/03\/WhatsApp-Image-2024-03-05-at-11.07.19-2-300x263.jpeg 300w, http:\/\/jornalismo.ufsj.edu.br\/van\/wp-content\/uploads\/2024\/03\/WhatsApp-Image-2024-03-05-at-11.07.19-2-768x672.jpeg 768w, http:\/\/jornalismo.ufsj.edu.br\/van\/wp-content\/uploads\/2024\/03\/WhatsApp-Image-2024-03-05-at-11.07.19-2.jpeg 1080w\" sizes=\"auto, (max-width: 1024px) 100vw, 1024px\" \/><\/figure>\n\n\n\n<figure class=\"wp-block-image size-large\"><img loading=\"lazy\" decoding=\"async\" width=\"1024\" height=\"897\" data-id=\"13515\" src=\"https:\/\/jornalismo.ufsj.edu.br\/van\/wp-content\/uploads\/2024\/03\/WhatsApp-Image-2024-03-05-at-11.07.19-1-1024x897.jpeg\" alt=\"\" class=\"wp-image-13515\" srcset=\"http:\/\/jornalismo.ufsj.edu.br\/van\/wp-content\/uploads\/2024\/03\/WhatsApp-Image-2024-03-05-at-11.07.19-1-1024x897.jpeg 1024w, http:\/\/jornalismo.ufsj.edu.br\/van\/wp-content\/uploads\/2024\/03\/WhatsApp-Image-2024-03-05-at-11.07.19-1-300x263.jpeg 300w, http:\/\/jornalismo.ufsj.edu.br\/van\/wp-content\/uploads\/2024\/03\/WhatsApp-Image-2024-03-05-at-11.07.19-1-768x673.jpeg 768w, http:\/\/jornalismo.ufsj.edu.br\/van\/wp-content\/uploads\/2024\/03\/WhatsApp-Image-2024-03-05-at-11.07.19-1.jpeg 1080w\" sizes=\"auto, (max-width: 1024px) 100vw, 1024px\" \/><\/figure>\n\n\n\n<figure class=\"wp-block-image size-large\"><img loading=\"lazy\" decoding=\"async\" width=\"1024\" height=\"1024\" data-id=\"13514\" src=\"https:\/\/jornalismo.ufsj.edu.br\/van\/wp-content\/uploads\/2024\/03\/WhatsApp-Image-2024-03-05-at-11.07.18-1024x1024.jpeg\" alt=\"\" class=\"wp-image-13514\" srcset=\"http:\/\/jornalismo.ufsj.edu.br\/van\/wp-content\/uploads\/2024\/03\/WhatsApp-Image-2024-03-05-at-11.07.18-1024x1024.jpeg 1024w, http:\/\/jornalismo.ufsj.edu.br\/van\/wp-content\/uploads\/2024\/03\/WhatsApp-Image-2024-03-05-at-11.07.18-300x300.jpeg 300w, http:\/\/jornalismo.ufsj.edu.br\/van\/wp-content\/uploads\/2024\/03\/WhatsApp-Image-2024-03-05-at-11.07.18-150x150.jpeg 150w, http:\/\/jornalismo.ufsj.edu.br\/van\/wp-content\/uploads\/2024\/03\/WhatsApp-Image-2024-03-05-at-11.07.18-768x768.jpeg 768w, http:\/\/jornalismo.ufsj.edu.br\/van\/wp-content\/uploads\/2024\/03\/WhatsApp-Image-2024-03-05-at-11.07.18.jpeg 1066w\" sizes=\"auto, (max-width: 1024px) 100vw, 1024px\" \/><\/figure>\n\n\n\n<figure class=\"wp-block-image size-large\"><img loading=\"lazy\" decoding=\"async\" width=\"1024\" height=\"576\" data-id=\"13513\" src=\"https:\/\/jornalismo.ufsj.edu.br\/van\/wp-content\/uploads\/2024\/03\/WhatsApp-Image-2024-03-05-at-11.07.18-1-1024x576.jpeg\" alt=\"\" class=\"wp-image-13513\" srcset=\"http:\/\/jornalismo.ufsj.edu.br\/van\/wp-content\/uploads\/2024\/03\/WhatsApp-Image-2024-03-05-at-11.07.18-1-1024x576.jpeg 1024w, http:\/\/jornalismo.ufsj.edu.br\/van\/wp-content\/uploads\/2024\/03\/WhatsApp-Image-2024-03-05-at-11.07.18-1-300x169.jpeg 300w, http:\/\/jornalismo.ufsj.edu.br\/van\/wp-content\/uploads\/2024\/03\/WhatsApp-Image-2024-03-05-at-11.07.18-1-768x432.jpeg 768w, http:\/\/jornalismo.ufsj.edu.br\/van\/wp-content\/uploads\/2024\/03\/WhatsApp-Image-2024-03-05-at-11.07.18-1.jpeg 1260w\" sizes=\"auto, (max-width: 1024px) 100vw, 1024px\" \/><\/figure>\n\n\n\n<figure class=\"wp-block-image size-large\"><img loading=\"lazy\" decoding=\"async\" width=\"640\" height=\"640\" data-id=\"13512\" src=\"https:\/\/jornalismo.ufsj.edu.br\/van\/wp-content\/uploads\/2024\/03\/WhatsApp-Image-2024-03-05-at-11.06.30.jpeg\" alt=\"\" class=\"wp-image-13512\" srcset=\"http:\/\/jornalismo.ufsj.edu.br\/van\/wp-content\/uploads\/2024\/03\/WhatsApp-Image-2024-03-05-at-11.06.30.jpeg 640w, http:\/\/jornalismo.ufsj.edu.br\/van\/wp-content\/uploads\/2024\/03\/WhatsApp-Image-2024-03-05-at-11.06.30-300x300.jpeg 300w, http:\/\/jornalismo.ufsj.edu.br\/van\/wp-content\/uploads\/2024\/03\/WhatsApp-Image-2024-03-05-at-11.06.30-150x150.jpeg 150w\" sizes=\"auto, (max-width: 640px) 100vw, 640px\" \/><\/figure>\n\n\n\n<figure class=\"wp-block-image size-large\"><img loading=\"lazy\" decoding=\"async\" width=\"1024\" height=\"1024\" data-id=\"13511\" src=\"https:\/\/jornalismo.ufsj.edu.br\/van\/wp-content\/uploads\/2024\/03\/WhatsApp-Image-2024-03-05-at-11.06.29-1024x1024.jpeg\" alt=\"\" class=\"wp-image-13511\" srcset=\"http:\/\/jornalismo.ufsj.edu.br\/van\/wp-content\/uploads\/2024\/03\/WhatsApp-Image-2024-03-05-at-11.06.29-1024x1024.jpeg 1024w, http:\/\/jornalismo.ufsj.edu.br\/van\/wp-content\/uploads\/2024\/03\/WhatsApp-Image-2024-03-05-at-11.06.29-300x300.jpeg 300w, http:\/\/jornalismo.ufsj.edu.br\/van\/wp-content\/uploads\/2024\/03\/WhatsApp-Image-2024-03-05-at-11.06.29-150x150.jpeg 150w, http:\/\/jornalismo.ufsj.edu.br\/van\/wp-content\/uploads\/2024\/03\/WhatsApp-Image-2024-03-05-at-11.06.29-768x768.jpeg 768w, http:\/\/jornalismo.ufsj.edu.br\/van\/wp-content\/uploads\/2024\/03\/WhatsApp-Image-2024-03-05-at-11.06.29.jpeg 1080w\" sizes=\"auto, (max-width: 1024px) 100vw, 1024px\" \/><\/figure>\n\n\n\n<figure class=\"wp-block-image size-large\"><img loading=\"lazy\" decoding=\"async\" width=\"1024\" height=\"1024\" data-id=\"13510\" src=\"https:\/\/jornalismo.ufsj.edu.br\/van\/wp-content\/uploads\/2024\/03\/WhatsApp-Image-2024-03-05-at-11.06.29-2-1024x1024.jpeg\" alt=\"\" class=\"wp-image-13510\" srcset=\"http:\/\/jornalismo.ufsj.edu.br\/van\/wp-content\/uploads\/2024\/03\/WhatsApp-Image-2024-03-05-at-11.06.29-2-1024x1024.jpeg 1024w, http:\/\/jornalismo.ufsj.edu.br\/van\/wp-content\/uploads\/2024\/03\/WhatsApp-Image-2024-03-05-at-11.06.29-2-300x300.jpeg 300w, http:\/\/jornalismo.ufsj.edu.br\/van\/wp-content\/uploads\/2024\/03\/WhatsApp-Image-2024-03-05-at-11.06.29-2-150x150.jpeg 150w, http:\/\/jornalismo.ufsj.edu.br\/van\/wp-content\/uploads\/2024\/03\/WhatsApp-Image-2024-03-05-at-11.06.29-2-768x768.jpeg 768w, http:\/\/jornalismo.ufsj.edu.br\/van\/wp-content\/uploads\/2024\/03\/WhatsApp-Image-2024-03-05-at-11.06.29-2.jpeg 1080w\" sizes=\"auto, (max-width: 1024px) 100vw, 1024px\" \/><\/figure>\n\n\n\n<figure class=\"wp-block-image size-large\"><img loading=\"lazy\" decoding=\"async\" width=\"1024\" height=\"1024\" data-id=\"13509\" src=\"https:\/\/jornalismo.ufsj.edu.br\/van\/wp-content\/uploads\/2024\/03\/WhatsApp-Image-2024-03-05-at-11.06.29-1-1024x1024.jpeg\" alt=\"\" class=\"wp-image-13509\" srcset=\"http:\/\/jornalismo.ufsj.edu.br\/van\/wp-content\/uploads\/2024\/03\/WhatsApp-Image-2024-03-05-at-11.06.29-1-1024x1024.jpeg 1024w, http:\/\/jornalismo.ufsj.edu.br\/van\/wp-content\/uploads\/2024\/03\/WhatsApp-Image-2024-03-05-at-11.06.29-1-300x300.jpeg 300w, http:\/\/jornalismo.ufsj.edu.br\/van\/wp-content\/uploads\/2024\/03\/WhatsApp-Image-2024-03-05-at-11.06.29-1-150x150.jpeg 150w, http:\/\/jornalismo.ufsj.edu.br\/van\/wp-content\/uploads\/2024\/03\/WhatsApp-Image-2024-03-05-at-11.06.29-1-768x768.jpeg 768w, http:\/\/jornalismo.ufsj.edu.br\/van\/wp-content\/uploads\/2024\/03\/WhatsApp-Image-2024-03-05-at-11.06.29-1.jpeg 1080w\" sizes=\"auto, (max-width: 1024px) 100vw, 1024px\" \/><\/figure>\n<\/figure>\n\n\n\n<p>Fotos: Reprodu\u00e7\u00e3o\/ Acervo pessoal<\/p>\n\n\n\n<p>Servi\u00e7o<\/p>\n\n\n\n<p>Acompanhe o Cursinho no Instagram @cursinhoedsonluis<\/p>\n","protected":false},"excerpt":{"rendered":"<p>Com mais de uma d\u00e9cada de hist\u00f3ria, o Cursinho Popular Edson Lu\u00eds (CPEL) \u00e9 um projeto de extens\u00e3o da UFSJ (Universidade Federal de S\u00e3o Jo\u00e3o del-Rei), onde alunos do ensino superior lecionam para vestibulandos em situa\u00e7\u00e3o social vulner\u00e1vel. <\/p>\n","protected":false},"author":2,"featured_media":13509,"comment_status":"closed","ping_status":"open","sticky":false,"template":"","format":"standard","meta":{"_monsterinsights_skip_tracking":false,"_monsterinsights_sitenote_active":false,"_monsterinsights_sitenote_note":"","_monsterinsights_sitenote_category":0,"_themeisle_gutenberg_block_has_review":false,"cybocfi_hide_featured_image":"yes","footnotes":""},"categories":[387],"tags":[14],"class_list":["post-13508","post","type-post","status-publish","format-standard","has-post-thumbnail","hentry","category-educacao","tag-sao-joao-del-rei"],"_links":{"self":[{"href":"http:\/\/jornalismo.ufsj.edu.br\/van\/wp-json\/wp\/v2\/posts\/13508","targetHints":{"allow":["GET"]}}],"collection":[{"href":"http:\/\/jornalismo.ufsj.edu.br\/van\/wp-json\/wp\/v2\/posts"}],"about":[{"href":"http:\/\/jornalismo.ufsj.edu.br\/van\/wp-json\/wp\/v2\/types\/post"}],"author":[{"embeddable":true,"href":"http:\/\/jornalismo.ufsj.edu.br\/van\/wp-json\/wp\/v2\/users\/2"}],"replies":[{"embeddable":true,"href":"http:\/\/jornalismo.ufsj.edu.br\/van\/wp-json\/wp\/v2\/comments?post=13508"}],"version-history":[{"count":1,"href":"http:\/\/jornalismo.ufsj.edu.br\/van\/wp-json\/wp\/v2\/posts\/13508\/revisions"}],"predecessor-version":[{"id":13525,"href":"http:\/\/jornalismo.ufsj.edu.br\/van\/wp-json\/wp\/v2\/posts\/13508\/revisions\/13525"}],"wp:featuredmedia":[{"embeddable":true,"href":"http:\/\/jornalismo.ufsj.edu.br\/van\/wp-json\/wp\/v2\/media\/13509"}],"wp:attachment":[{"href":"http:\/\/jornalismo.ufsj.edu.br\/van\/wp-json\/wp\/v2\/media?parent=13508"}],"wp:term":[{"taxonomy":"category","embeddable":true,"href":"http:\/\/jornalismo.ufsj.edu.br\/van\/wp-json\/wp\/v2\/categories?post=13508"},{"taxonomy":"post_tag","embeddable":true,"href":"http:\/\/jornalismo.ufsj.edu.br\/van\/wp-json\/wp\/v2\/tags?post=13508"}],"curies":[{"name":"wp","href":"https:\/\/api.w.org\/{rel}","templated":true}]}}