{"id":13498,"date":"2024-02-16T06:32:29","date_gmt":"2024-02-16T09:32:29","guid":{"rendered":"https:\/\/jornalismo.ufsj.edu.br\/van\/?p=13498"},"modified":"2024-02-16T06:32:30","modified_gmt":"2024-02-16T09:32:30","slug":"vidas-passadas-o-peso-do-e-se-eu-tivesse-escolhido-ele-algo-seria-diferente","status":"publish","type":"post","link":"http:\/\/jornalismo.ufsj.edu.br\/van\/vidas-passadas-o-peso-do-e-se-eu-tivesse-escolhido-ele-algo-seria-diferente\/","title":{"rendered":"VIDAS PASSADAS : O peso do \u201cE se eu tivesse escolhido ele, algo seria diferente?\u201d"},"content":{"rendered":"\n<p><\/p>\n\n\n\n<p class=\"has-text-align-right\"><strong>Por: K\u00e9ssia Carolaine<\/strong><\/p>\n\n\n\n<div style=\"height:15px\" aria-hidden=\"true\" class=\"wp-block-spacer\"><\/div>\n\n\n\n<blockquote class=\"wp-block-quote is-layout-flow wp-block-quote-is-layout-flow\">\n<p><strong>\u201cVoc\u00ea sonha em uma l\u00edngua que eu n\u00e3o consigo entender. \u00c9 como se estivesse esse mundo dentro de voc\u00ea onde eu n\u00e3o consigo ir.\u201d<\/strong><\/p>\n<\/blockquote>\n\n\n\n<p><\/p>\n\n\n\n<p>Em \u201cVidas passadas\u201d, iremos acompanhar a hist\u00f3ria de Nora e Hae Sung. Ambos foram melhores amigos de inf\u00e2ncia que, aos poucos, foram se transformando em um amor puro e sincero de duas crian\u00e7as. Quando os pais de Nora decidem se mudar para Nova York para conseguirem mais prest\u00edgio profissional, ela e Hae Sung perdem o contato. Anos depois, em um acaso, os dois se reencontram e os sentimentos e quest\u00f5es do passado voltam a atorment\u00e1-los.<\/p>\n\n\n\n<p>O longa come\u00e7a com tr\u00eas pessoas em um bar e uma pergunta que est\u00e1 sendo feita por um indiv\u00edduo que n\u00e3o conseguimos ver. A pergunta que se sucede nesta cena \u00e9: \u201cquem voc\u00ea acha que \u00e9 namorado dela?\u201d \u00c9 neste momento que o filme volta anos atr\u00e1s para de fato estabelecer uma hist\u00f3ria linear. Talvez a beleza deste filme seja a ternura que \u00e9 expressada, tanto pelos personagens quanto pela cinematografia e dire\u00e7\u00e3o. Cada frame remete ao sentimento de uma abra\u00e7o quentinho e tranquilidade.<\/p>\n\n\n\n<p>Greta Lee, a atriz que d\u00e1 vida a Nora, consegue transmitir todas as emo\u00e7\u00f5es de sua personagem com maestria. N\u00e3o sou muito f\u00e3 de atua\u00e7\u00f5es \u201cexplosivas\u201d, apesar de compreender cem por cento que alguns filmes e s\u00e9ries v\u00e3o exigir um tom mais expressivo dos atores. N\u00e3o \u00e9 o que temos aqui. Como dito anteriormente, o tom do longa \u00e9 mais calmo e, claro, que as performances dos atores teriam que ser mais focadas em pequenas express\u00f5es e olhares que transmitem infinitos sentimentos. Voltando para Greta, ela conseguiu obter e transmitir o melhor de Nora. At\u00e9 porque, sua personagem \u00e9 cativante, inteligente e en\u00e9rgica. Nos momentos onde o filme obtia um tom mais dram\u00e1tico, Greta teve \u00eaxito em abra\u00e7ar estes sentimentos tamb\u00e9m e de uma forma linda, fazendo nosso cora\u00e7\u00e3o e emo\u00e7\u00f5es ficarem balanceados.<\/p>\n\n\n\n<p>Hae Sung \u00e9 interpretado pelo talentoso Tae Yoo. Personagem que tamb\u00e9m carrega uma tranquilidade, por\u00e9m diferente de Nora, Hae Sung deixa impl\u00edcito que ainda \u00e9 atormentado pelas escolhas de outro algu\u00e9m (no caso de Nora). Al\u00e9m disso, \u00e9 percept\u00edvel como ele tem muito a dizer mas n\u00e3o o faz, at\u00e9 um certo momento. Outro personagem que \u00e9 importante para a trama \u00e9 Arthur,&nbsp; interpretado por John Magaro. Arthur \u00e9 marido de Nora, e em quase todo tempo esperamos que ele d\u00ea um passo errado para julg\u00e1-lo. N\u00e3o \u00e9 isto que acontece aqui. Poderia ter sido diferente em qualquer outra produ\u00e7\u00e3o, mas aqui, Arthur \u00e9 aquele marido amoroso, leal e que compreende que sua esposa precisa de um espa\u00e7o para lidar com os sentimentos \u00e0 tona.&nbsp;<\/p>\n\n\n\n<p>O longa n\u00e3o seria t\u00e3o bem recebido pela cr\u00edtica se&nbsp; focasse apenas na hist\u00f3ria de Nora e Hae Sung. O complemento com a dire\u00e7\u00e3o magistral de Celine Song (que tamb\u00e9m \u00e9 roteirista do filme), a trilha sonora simplista mas eficaz e cinematografia conseguem engrandecer o filme emocionalmente. Talvez o motivo para o filme ser t\u00e3o \u00edntimo, seja pelo fato dele ser baseado na hist\u00f3ria de vida da pr\u00f3pria diretora. Outro destaque no filme, s\u00e3o as cenas onde a c\u00e2mera se aproxima do rosto dos protagonistas, transmitindo o sentimento de intimidade, apesar de muitas vezes esse sentimento vir acompanhado de uma certa estranheza tamb\u00e9m. Imagine por um instante que, depois de anos,&nbsp; voc\u00ea reencontra seu primeiro amor\u2026 Claro que seria um pouco estranho, n\u00e3o?<\/p>\n\n\n\n<p>No decorrer da hist\u00f3ria, acompanhamos Nora e Hae Sung andando pela cidade de Nova York, nos pontos mais marcantes da cidade. \u00c9 interessante como a din\u00e2mica deles funciona. Muita coisa a ser dita, por\u00e9m, um certo receio de deix\u00e1-las sair. Minha parte favorita, e um artif\u00edcio que tem sido muito usado em filmes, \u00e9 o sil\u00eancio. Em alguns longas \u00e9 usado de uma forma arriscada e equivocada, o que pode atrapalhar a experi\u00eancia. Em outras produ\u00e7\u00f5es, por\u00e9m, ele pode ser uma boa carta na manga se usado da forma correta. \u00c9 o que acontece aqui. Em diversas cenas, os personagens ficam em um sil\u00eancio ensurdecedor, mas n\u00e3o desconfort\u00e1vel. A sensa\u00e7\u00e3o que passa nesses momentos, \u00e9 a de nostalgia para os dois lados. Muitas lembran\u00e7as vagando pelas mem\u00f3rias de ambos, se recordando da inf\u00e2ncia e como eles eram c\u00famplices um do outro.<\/p>\n\n\n\n<p>Vidas passadas \u00e9 sobre afeto, decis\u00f5es e impacto. Afeto por ser um sentimento t\u00e3o importante a ser compartilhado com outras pessoas no decorrer da nossa trajet\u00f3ria. E este afeto pode sim se transformar em amor. Decis\u00f5es impactam nossa vida e a vida das pessoas que temos intimidade, que fazem parte do nosso c\u00edrculo social. Pode ser assombroso o simples pensamento de que qualquer decis\u00e3o que \u00e9 tomada, sejam elas importantes ou n\u00e3o, o curso da nossa vida pode mudar drasticamente.&nbsp;<\/p>\n","protected":false},"excerpt":{"rendered":"<p>Em \u201cVidas passadas\u201d, iremos acompanhar a hist\u00f3ria de Nora e Hae Sung. Ambos foram melhores amigos de inf\u00e2ncia que, aos poucos, foram se transformando em um amor puro e sincero de duas crian\u00e7as. <\/p>\n","protected":false},"author":2,"featured_media":13497,"comment_status":"closed","ping_status":"open","sticky":false,"template":"","format":"standard","meta":{"_monsterinsights_skip_tracking":false,"_monsterinsights_sitenote_active":false,"_monsterinsights_sitenote_note":"","_monsterinsights_sitenote_category":0,"_themeisle_gutenberg_block_has_review":false,"cybocfi_hide_featured_image":"yes","footnotes":""},"categories":[13],"tags":[152],"class_list":["post-13498","post","type-post","status-publish","format-standard","has-post-thumbnail","hentry","category-cultura","tag-cultura"],"_links":{"self":[{"href":"http:\/\/jornalismo.ufsj.edu.br\/van\/wp-json\/wp\/v2\/posts\/13498","targetHints":{"allow":["GET"]}}],"collection":[{"href":"http:\/\/jornalismo.ufsj.edu.br\/van\/wp-json\/wp\/v2\/posts"}],"about":[{"href":"http:\/\/jornalismo.ufsj.edu.br\/van\/wp-json\/wp\/v2\/types\/post"}],"author":[{"embeddable":true,"href":"http:\/\/jornalismo.ufsj.edu.br\/van\/wp-json\/wp\/v2\/users\/2"}],"replies":[{"embeddable":true,"href":"http:\/\/jornalismo.ufsj.edu.br\/van\/wp-json\/wp\/v2\/comments?post=13498"}],"version-history":[{"count":1,"href":"http:\/\/jornalismo.ufsj.edu.br\/van\/wp-json\/wp\/v2\/posts\/13498\/revisions"}],"predecessor-version":[{"id":13499,"href":"http:\/\/jornalismo.ufsj.edu.br\/van\/wp-json\/wp\/v2\/posts\/13498\/revisions\/13499"}],"wp:featuredmedia":[{"embeddable":true,"href":"http:\/\/jornalismo.ufsj.edu.br\/van\/wp-json\/wp\/v2\/media\/13497"}],"wp:attachment":[{"href":"http:\/\/jornalismo.ufsj.edu.br\/van\/wp-json\/wp\/v2\/media?parent=13498"}],"wp:term":[{"taxonomy":"category","embeddable":true,"href":"http:\/\/jornalismo.ufsj.edu.br\/van\/wp-json\/wp\/v2\/categories?post=13498"},{"taxonomy":"post_tag","embeddable":true,"href":"http:\/\/jornalismo.ufsj.edu.br\/van\/wp-json\/wp\/v2\/tags?post=13498"}],"curies":[{"name":"wp","href":"https:\/\/api.w.org\/{rel}","templated":true}]}}