{"id":13495,"date":"2024-02-14T18:39:49","date_gmt":"2024-02-14T21:39:49","guid":{"rendered":"https:\/\/jornalismo.ufsj.edu.br\/van\/?p=13495"},"modified":"2024-02-14T18:39:50","modified_gmt":"2024-02-14T21:39:50","slug":"a-biblioteca-da-meia-noite-matt-haig","status":"publish","type":"post","link":"http:\/\/jornalismo.ufsj.edu.br\/van\/a-biblioteca-da-meia-noite-matt-haig\/","title":{"rendered":"A Biblioteca da Meia-Noite, Matt Haig"},"content":{"rendered":"\n<p><\/p>\n\n\n\n<p class=\"has-text-align-right\"><strong>Por Eduarda Cardoso<\/strong><\/p>\n\n\n\n<div style=\"height:15px\" aria-hidden=\"true\" class=\"wp-block-spacer\"><\/div>\n\n\n\n<p><em>\u201cSe voc\u00ea tem como objetivo ser algo que n\u00e3o \u00e9, vai sempre fracassar. Tenha como objetivo ser voc\u00ea.\u201d<\/em><\/p>\n\n\n\n<p><\/p>\n\n\n\n<p>Dispon\u00edvel na Biblioteca Municipal de S\u00e3o Jo\u00e3o del-Rei, o livro A Biblioteca da meia Noite foi escrito por Matt Haig em 2020, e conta a hist\u00f3ria de Nora Seed. Aos 35 anos \u00e9 uma mulher arrependida, sem prop\u00f3sito e sem gosto pela vida. Apesar de muitos talentos, a lembran\u00e7a das decis\u00f5es do passado e as consequ\u00eancias ainda a assombram. Ap\u00f3s uma s\u00e9rie de acontecimentos ruins, Nora toma uma medida dr\u00e1stica, que a leva para a biblioteca da meia-noite. Ali, ela teria a chance de vivenciar todas as varia\u00e7\u00f5es de sua pr\u00f3pria vida, como um efeito borboleta. Com o aux\u00edlio de uma velha amiga, naquele lugar entre a vida e a morte, ela poderia escolher entre ser nadadora ol\u00edmpica, reatar e iniciar relacionamentos, ser uma estrela do rock, uma glaciologista\u2026eram muitas op\u00e7\u00f5es. Mas qual era a melhor vida? Qual vida Nora escolheria?\u00a0<\/p>\n\n\n\n<p>Ao testar todas as op\u00e7\u00f5es poss\u00edveis, ela permite se conhecer melhor em todas as suas vers\u00f5es. Pessoas novas e pessoas do passado tamb\u00e9m reaparecem, trazendo \u00e0 tona todos os traumas e lembran\u00e7as ruins. Mas agora Nora se torna experiente em sua pr\u00f3pria vida, conhece o amor, a felicidade, a adrenalina e a fama. Ela \u00e9 inteligente, mas faz escolhas ruins, \u00e0s vezes. Essa \u00e9 uma obra de fic\u00e7\u00e3o popular nas redes sociais.<br><\/p>\n\n\n\n<figure class=\"wp-block-pullquote\"><blockquote><p><strong>Servi\u00e7o<br><\/strong>Para fazer a sua carteirinha \u00e9 s\u00f3 levar CPF, RG, comprovante de resid\u00eancia e foto 3\u00d74 recente na biblioteca. Menores de 16\u00a0 anos dever\u00e3o ir acompanhados dos respons\u00e1veis.<br>A taxa da carteirinha \u00e9 R$5,00, com validade de um ano.<br><a href=\"https:\/\/www.google.com\/search?client=firefox-b-d&amp;sca_esv=587717745&amp;q=biblioteca+municipal+baptista+caetano+d%27almeida+endere%C3%A7o&amp;ludocid=10436391852278727718&amp;sa=X&amp;ved=2ahUKEwiFy8jfnfaCAxUlr5UCHZPPD7kQ6BN6BAhSEAI\">Endere\u00e7o<\/a>: Pra\u00e7a Frei Orlando, 90 \u2013 Centro, S\u00e3o Jo\u00e3o del Rei \u2013 MG, 36307-352<br>Instagram @bibliotecamunicipalsdjr<br>Telefone:<a href=\"https:\/\/www.google.com\/search?client=firefox-b-d&amp;q=biblioteca+municipal+s%C3%A3o+joao+del+rei\"> (32) 3373-4779<\/a><\/p><\/blockquote><\/figure>\n","protected":false},"excerpt":{"rendered":"<p>Dispon\u00edvel na Biblioteca Municipal de S\u00e3o Jo\u00e3o del-Rei, o livro A Biblioteca da meia Noite foi escrito por Matt Haig em 2020, e conta a hist\u00f3ria de Nora Seed.<\/p>\n","protected":false},"author":2,"featured_media":13494,"comment_status":"closed","ping_status":"open","sticky":false,"template":"","format":"standard","meta":{"_monsterinsights_skip_tracking":false,"_monsterinsights_sitenote_active":false,"_monsterinsights_sitenote_note":"","_monsterinsights_sitenote_category":0,"_themeisle_gutenberg_block_has_review":false,"cybocfi_hide_featured_image":"yes","footnotes":""},"categories":[13],"tags":[],"class_list":["post-13495","post","type-post","status-publish","format-standard","has-post-thumbnail","hentry","category-cultura"],"_links":{"self":[{"href":"http:\/\/jornalismo.ufsj.edu.br\/van\/wp-json\/wp\/v2\/posts\/13495","targetHints":{"allow":["GET"]}}],"collection":[{"href":"http:\/\/jornalismo.ufsj.edu.br\/van\/wp-json\/wp\/v2\/posts"}],"about":[{"href":"http:\/\/jornalismo.ufsj.edu.br\/van\/wp-json\/wp\/v2\/types\/post"}],"author":[{"embeddable":true,"href":"http:\/\/jornalismo.ufsj.edu.br\/van\/wp-json\/wp\/v2\/users\/2"}],"replies":[{"embeddable":true,"href":"http:\/\/jornalismo.ufsj.edu.br\/van\/wp-json\/wp\/v2\/comments?post=13495"}],"version-history":[{"count":1,"href":"http:\/\/jornalismo.ufsj.edu.br\/van\/wp-json\/wp\/v2\/posts\/13495\/revisions"}],"predecessor-version":[{"id":13496,"href":"http:\/\/jornalismo.ufsj.edu.br\/van\/wp-json\/wp\/v2\/posts\/13495\/revisions\/13496"}],"wp:featuredmedia":[{"embeddable":true,"href":"http:\/\/jornalismo.ufsj.edu.br\/van\/wp-json\/wp\/v2\/media\/13494"}],"wp:attachment":[{"href":"http:\/\/jornalismo.ufsj.edu.br\/van\/wp-json\/wp\/v2\/media?parent=13495"}],"wp:term":[{"taxonomy":"category","embeddable":true,"href":"http:\/\/jornalismo.ufsj.edu.br\/van\/wp-json\/wp\/v2\/categories?post=13495"},{"taxonomy":"post_tag","embeddable":true,"href":"http:\/\/jornalismo.ufsj.edu.br\/van\/wp-json\/wp\/v2\/tags?post=13495"}],"curies":[{"name":"wp","href":"https:\/\/api.w.org\/{rel}","templated":true}]}}