{"id":13390,"date":"2023-12-26T07:00:00","date_gmt":"2023-12-26T10:00:00","guid":{"rendered":"https:\/\/jornalismo.ufsj.edu.br\/van\/?p=13390"},"modified":"2023-12-24T08:16:20","modified_gmt":"2023-12-24T11:16:20","slug":"entrevista-com-davi-12-anos-e-amante-da-literatura","status":"publish","type":"post","link":"http:\/\/jornalismo.ufsj.edu.br\/van\/entrevista-com-davi-12-anos-e-amante-da-literatura\/","title":{"rendered":"Entrevista com Davi: 12 anos e amante da literatura"},"content":{"rendered":"\n<p><strong>&nbsp;<\/strong><\/p>\n\n\n\n<p class=\"has-text-align-right\"><strong>Por Isabela Barbosa<\/strong><\/p>\n\n\n\n<div style=\"height:25px\" aria-hidden=\"true\" class=\"wp-block-spacer\"><\/div>\n\n\n\n<p>Davi tem 12 anos, \u00e9 de S\u00e3o Jo\u00e3o del Rei e encantado pela literatura. Ap\u00f3s tirar sua carteirinha da biblioteca municipal da cidade, com o apoio da m\u00e3e Josiane, Davi pega emprestado cerca de seis livros por semana. Durante essa entrevista, Josiane e Davi contam um pouquinho dessa trajet\u00f3ria do jovem leitor e&nbsp; mostram a grande import\u00e2ncia de&nbsp; incentivar a literatura no cotidiano infantil.<\/p>\n\n\n\n<div style=\"height:22px\" aria-hidden=\"true\" class=\"wp-block-spacer\"><\/div>\n\n\n<div class=\"wp-block-image\">\n<figure class=\"aligncenter size-large\"><img loading=\"lazy\" decoding=\"async\" width=\"885\" height=\"1024\" src=\"http:\/\/jornalismo.ufsj.edu.br\/van\/wp-content\/uploads\/2023\/12\/Josiane-e-Davi-na-Biblioteca-Municipal_Foto-por_-Isabela-Barbosa--885x1024.jpg\" alt=\"\" class=\"wp-image-13396\" srcset=\"http:\/\/jornalismo.ufsj.edu.br\/van\/wp-content\/uploads\/2023\/12\/Josiane-e-Davi-na-Biblioteca-Municipal_Foto-por_-Isabela-Barbosa--885x1024.jpg 885w, http:\/\/jornalismo.ufsj.edu.br\/van\/wp-content\/uploads\/2023\/12\/Josiane-e-Davi-na-Biblioteca-Municipal_Foto-por_-Isabela-Barbosa--259x300.jpg 259w, http:\/\/jornalismo.ufsj.edu.br\/van\/wp-content\/uploads\/2023\/12\/Josiane-e-Davi-na-Biblioteca-Municipal_Foto-por_-Isabela-Barbosa--768x889.jpg 768w, http:\/\/jornalismo.ufsj.edu.br\/van\/wp-content\/uploads\/2023\/12\/Josiane-e-Davi-na-Biblioteca-Municipal_Foto-por_-Isabela-Barbosa-.jpg 1106w\" sizes=\"auto, (max-width: 885px) 100vw, 885px\" \/><figcaption class=\"wp-element-caption\">Josiane e Davi na Biblioteca Municipal &#8211; Foto por  Isabela Barbosa<\/figcaption><\/figure>\n<\/div>\n\n\n<div style=\"height:25px\" aria-hidden=\"true\" class=\"wp-block-spacer\"><\/div>\n\n\n\n<h4 class=\"wp-block-heading\"><strong>Como come\u00e7ou esse interesse pela leitura e pelos livros da biblioteca?<\/strong><\/h4>\n\n\n\n<p><strong>Davi: <\/strong>Uma vez que eu aprendi a ler, eu j\u00e1 comecei a ler bastante os livros. Na biblioteca, faz mais ou menos um ano e meio que pego livros. Geralmente leio os seis livros emprestados na semana mesmo. Os que s\u00e3o maiores \u00e0s vezes levam um pouquinho mais de tempo.<\/p>\n\n\n\n<h4 class=\"wp-block-heading\"><strong>Qual \u00e9 o seu livro favorito, Davi?<\/strong><\/h4>\n\n\n\n<p><strong>Davi: <\/strong>Meu livro favorito \u00e9 o\u2026 eu tenho v\u00e1rios! \u201cDi\u00e1rio de um banana 2 &#8211; Rodrick \u00e9 o cara\u201d \u00e9 um deles. Tamb\u00e9m gosto de \u201cHarry Potter e as rel\u00edquias da morte\u201d e de \u201cHarry Potter e o enigma do pr\u00edncipe\u201d.&nbsp;<\/p>\n\n\n\n<p><strong>Josiane:<\/strong> Harry Potter \u00e9 da minha \u00e9poca, mas Di\u00e1rio de um banana eu n\u00e3o conhecia, Davi conheceu por um amiguinho da escola e j\u00e1 me pediu pra ver se tinha na biblioteca.<\/p>\n\n\n\n<p><strong>Davi:<\/strong> E agora virou uma febre na escola, j\u00e1 tem na biblioteca da pr\u00f3pria escola e todos os meus amigos tamb\u00e9m gostam.&nbsp;<\/p>\n\n\n\n<h4 class=\"wp-block-heading\"><strong>Josiane, como um conselho para as m\u00e3es, qual voc\u00ea considera seu principal papel no desenvolvimento desse interesse?<\/strong><\/h4>\n\n\n\n<p><strong>Josiane:<\/strong> O incentivo. Antes de o Davi come\u00e7ar a ler, lembro que comprei dois livrinhos de animais para ele em uma feira que teve em S\u00e3o Jo\u00e3o, com hist\u00f3rias bem pequenininhas e quebra-cabe\u00e7as de quatro pe\u00e7as com os animais. Minha m\u00e3e falou assim: \u201cQue isso? Comprar livro pro menino? Nem sabe ler ainda, t\u00e1 doida?\u201d e eu respondi \u201cUai m\u00e3e, tem que incentivar\u201d. At\u00e9 na escolinha, j\u00e1 est\u00e3o fugindo um pouco dos cl\u00e1ssicos, n\u00e3o que n\u00e3o sejam importantes, mas talvez as crian\u00e7as j\u00e1 queiram ler outras coisas e se interessem por outros tipos de livros, e est\u00e3o percebendo isso nas escolas, comprando revistinhas e outros livros.<\/p>\n\n\n\n<h4 class=\"wp-block-heading\"><strong>Por onde come\u00e7ar a incorporar a leitura no cotidiano infanto-juvenil?<\/strong><\/h4>\n\n\n\n<ol class=\"wp-block-list\" start=\"4\"><\/ol>\n\n\n\n<p><strong>Josiane: <\/strong>Eu sempre gostei muito de ler. Na inf\u00e2ncia, eu fui incentivada pela minha madrinha, ent\u00e3o trabalhei muito isso com o Davi. Eu ia lendo as historinhas com ele, montando os quebra-cabe\u00e7as dos livrinhos, at\u00e9 que ele foi guardando a hist\u00f3ria e come\u00e7ou a me contar; depois fomos adquirindo outros, foi ganhando livros das pessoas pr\u00f3ximas at\u00e9 chegar na cole\u00e7\u00e3o de livros que ele tem hoje. Mas \u00e9 isso, incentivar sempre, ir contando historinhas, mesmo que a crian\u00e7a ainda n\u00e3o saiba ler.<\/p>\n\n\n\n<h4 class=\"wp-block-heading\"><strong>O que voc\u00ea mais gosta sobre a literatura?<\/strong><\/h4>\n\n\n\n<p><strong>Davi: <\/strong>Gosto de livros grandes. Quanto maior o livro melhor, se n\u00e3o vai acabar r\u00e1pido.<\/p>\n\n\n\n<h4 class=\"wp-block-heading\"><strong>Para finalizar, uma indica\u00e7\u00e3o de leitura.&nbsp;<\/strong><\/h4>\n\n\n\n<p><strong>Davi: <\/strong>As aventuras de Donald, Peninha, Tio Patinhas, Mickey e Pateta. Personagens da Disney, que tamb\u00e9m gosto muito de ler.<\/p>\n\n\n\n<div style=\"height:25px\" aria-hidden=\"true\" class=\"wp-block-spacer\"><\/div>\n\n\n<div class=\"wp-block-image\">\n<figure class=\"aligncenter size-large\"><img loading=\"lazy\" decoding=\"async\" width=\"768\" height=\"1024\" src=\"http:\/\/jornalismo.ufsj.edu.br\/van\/wp-content\/uploads\/2023\/12\/Davi-com-seus-livros-favoritos_Foto-por_-Isabela-Barbosa_-768x1024.jpg\" alt=\"\" class=\"wp-image-13395\" srcset=\"http:\/\/jornalismo.ufsj.edu.br\/van\/wp-content\/uploads\/2023\/12\/Davi-com-seus-livros-favoritos_Foto-por_-Isabela-Barbosa_-768x1024.jpg 768w, http:\/\/jornalismo.ufsj.edu.br\/van\/wp-content\/uploads\/2023\/12\/Davi-com-seus-livros-favoritos_Foto-por_-Isabela-Barbosa_-225x300.jpg 225w, http:\/\/jornalismo.ufsj.edu.br\/van\/wp-content\/uploads\/2023\/12\/Davi-com-seus-livros-favoritos_Foto-por_-Isabela-Barbosa_.jpg 960w\" sizes=\"auto, (max-width: 768px) 100vw, 768px\" \/><figcaption class=\"wp-element-caption\">Davi com seus livros favoritos &#8211; Foto por Isabela Barbosa<\/figcaption><\/figure>\n<\/div>\n\n\n<div style=\"height:25px\" aria-hidden=\"true\" class=\"wp-block-spacer\"><\/div>\n\n\n\n<p>Para concluir, a literatura vem se fazendo essencial na forma\u00e7\u00e3o de Davi e parte indispens\u00e1vel de sua hist\u00f3ria. Atrav\u00e9s do incentivo \u00e0 literatura, como indica Josiane, \u00e9 poss\u00edvel transformar as crian\u00e7as e adolescentes, construir homens e mulheres admir\u00e1veis que, por sua vez, tomam para si o poder de transformar o mundo.&nbsp;<\/p>\n\n\n\n<div style=\"height:25px\" aria-hidden=\"true\" class=\"wp-block-spacer\"><\/div>\n\n\n\n<blockquote class=\"wp-block-quote is-layout-flow wp-block-quote-is-layout-flow\">\n<p>\u201cN\u00e3o era mais <em>um menino <\/em>com um livro, mas <em>um homem<\/em> com seu amante\u201d, Clarice Lispector.<\/p>\n<\/blockquote>\n","protected":false},"excerpt":{"rendered":"<p>Davi tem 12 anos, \u00e9 de S\u00e3o Jo\u00e3o del Rei e encantado pela literatura. Ap\u00f3s tirar sua carteirinha da biblioteca municipal da cidade, com o apoio da m\u00e3e Josiane, Davi pega emprestado cerca de seis livros por semana. Durante essa entrevista, Josiane e Davi contam um pouquinho dessa trajet\u00f3ria do jovem leitor e\u00a0 mostram a grande import\u00e2ncia de\u00a0 incentivar a literatura no cotidiano infantil.<\/p>\n","protected":false},"author":2,"featured_media":13396,"comment_status":"closed","ping_status":"open","sticky":false,"template":"","format":"standard","meta":{"_monsterinsights_skip_tracking":false,"_monsterinsights_sitenote_active":false,"_monsterinsights_sitenote_note":"","_monsterinsights_sitenote_category":0,"_themeisle_gutenberg_block_has_review":false,"cybocfi_hide_featured_image":"yes","footnotes":""},"categories":[13],"tags":[152,14],"class_list":["post-13390","post","type-post","status-publish","format-standard","has-post-thumbnail","hentry","category-cultura","tag-cultura","tag-sao-joao-del-rei"],"_links":{"self":[{"href":"http:\/\/jornalismo.ufsj.edu.br\/van\/wp-json\/wp\/v2\/posts\/13390","targetHints":{"allow":["GET"]}}],"collection":[{"href":"http:\/\/jornalismo.ufsj.edu.br\/van\/wp-json\/wp\/v2\/posts"}],"about":[{"href":"http:\/\/jornalismo.ufsj.edu.br\/van\/wp-json\/wp\/v2\/types\/post"}],"author":[{"embeddable":true,"href":"http:\/\/jornalismo.ufsj.edu.br\/van\/wp-json\/wp\/v2\/users\/2"}],"replies":[{"embeddable":true,"href":"http:\/\/jornalismo.ufsj.edu.br\/van\/wp-json\/wp\/v2\/comments?post=13390"}],"version-history":[{"count":5,"href":"http:\/\/jornalismo.ufsj.edu.br\/van\/wp-json\/wp\/v2\/posts\/13390\/revisions"}],"predecessor-version":[{"id":13400,"href":"http:\/\/jornalismo.ufsj.edu.br\/van\/wp-json\/wp\/v2\/posts\/13390\/revisions\/13400"}],"wp:featuredmedia":[{"embeddable":true,"href":"http:\/\/jornalismo.ufsj.edu.br\/van\/wp-json\/wp\/v2\/media\/13396"}],"wp:attachment":[{"href":"http:\/\/jornalismo.ufsj.edu.br\/van\/wp-json\/wp\/v2\/media?parent=13390"}],"wp:term":[{"taxonomy":"category","embeddable":true,"href":"http:\/\/jornalismo.ufsj.edu.br\/van\/wp-json\/wp\/v2\/categories?post=13390"},{"taxonomy":"post_tag","embeddable":true,"href":"http:\/\/jornalismo.ufsj.edu.br\/van\/wp-json\/wp\/v2\/tags?post=13390"}],"curies":[{"name":"wp","href":"https:\/\/api.w.org\/{rel}","templated":true}]}}