{"id":12526,"date":"2023-05-24T21:59:11","date_gmt":"2023-05-25T00:59:11","guid":{"rendered":"https:\/\/jornalismo.ufsj.edu.br\/van\/?p=12526"},"modified":"2023-05-26T15:02:23","modified_gmt":"2023-05-26T18:02:23","slug":"por-que-saude-mental-materna-importa","status":"publish","type":"post","link":"http:\/\/jornalismo.ufsj.edu.br\/van\/por-que-saude-mental-materna-importa\/","title":{"rendered":"Por que sa\u00fade mental materna importa?"},"content":{"rendered":"\n<p><em>Por Geovana Nunes, Let\u00edcia Vilela e Rebeca Costa&nbsp;<\/em><\/p>\n\n\n\n<p>Com narra\u00e7\u00e3o de Let\u00edcia Vilela e grava\u00e7\u00e3o de Rebeca Costa e Geovana Nunes, a reportagem de hoje \u00e9 sobre a luta pela aprova\u00e7\u00e3o da iniciativa popular do Maio Furta-Cor em S\u00e3o Jo\u00e3o del-Rei.&nbsp;<\/p>\n\n\n\n<p>Confira agora!<\/p>\n\n\n\n<figure class=\"wp-block-embed is-type-video is-provider-youtube wp-block-embed-youtube wp-embed-aspect-16-9 wp-has-aspect-ratio\"><div class=\"wp-block-embed__wrapper\">\n<iframe loading=\"lazy\" title=\"Reportagem final\" width=\"640\" height=\"360\" src=\"https:\/\/www.youtube.com\/embed\/IVo4FIuTZ6s?feature=oembed\" frameborder=\"0\" allow=\"accelerometer; autoplay; clipboard-write; encrypted-media; gyroscope; picture-in-picture; web-share\" referrerpolicy=\"strict-origin-when-cross-origin\" allowfullscreen><\/iframe>\n<\/div><\/figure>\n","protected":false},"excerpt":{"rendered":"<p>Com narra\u00e7\u00e3o de Let\u00edcia Vilela e grava\u00e7\u00e3o de Rebeca Costa e Geovana Nunes, a reportagem de hoje \u00e9 sobre a luta pela aprova\u00e7\u00e3o da iniciativa popular do Maio Furta-Cor em S\u00e3o Jo\u00e3o del-Rei.\u00a0<\/p>\n","protected":false},"author":2,"featured_media":12527,"comment_status":"open","ping_status":"open","sticky":false,"template":"","format":"standard","meta":{"_monsterinsights_skip_tracking":false,"_monsterinsights_sitenote_active":false,"_monsterinsights_sitenote_note":"","_monsterinsights_sitenote_category":0,"_themeisle_gutenberg_block_has_review":false,"cybocfi_hide_featured_image":"","footnotes":""},"categories":[696,15,109],"tags":[768,14,770],"class_list":["post-12526","post","type-post","status-publish","format-standard","has-post-thumbnail","hentry","category-cidadania","category-politica","category-sao-joao-del-rei-microrregiao-de-sao-joao-del-rei","tag-maternidade","tag-sao-joao-del-rei","tag-vereadora-livia-guimaraes"],"_links":{"self":[{"href":"http:\/\/jornalismo.ufsj.edu.br\/van\/wp-json\/wp\/v2\/posts\/12526","targetHints":{"allow":["GET"]}}],"collection":[{"href":"http:\/\/jornalismo.ufsj.edu.br\/van\/wp-json\/wp\/v2\/posts"}],"about":[{"href":"http:\/\/jornalismo.ufsj.edu.br\/van\/wp-json\/wp\/v2\/types\/post"}],"author":[{"embeddable":true,"href":"http:\/\/jornalismo.ufsj.edu.br\/van\/wp-json\/wp\/v2\/users\/2"}],"replies":[{"embeddable":true,"href":"http:\/\/jornalismo.ufsj.edu.br\/van\/wp-json\/wp\/v2\/comments?post=12526"}],"version-history":[{"count":2,"href":"http:\/\/jornalismo.ufsj.edu.br\/van\/wp-json\/wp\/v2\/posts\/12526\/revisions"}],"predecessor-version":[{"id":12538,"href":"http:\/\/jornalismo.ufsj.edu.br\/van\/wp-json\/wp\/v2\/posts\/12526\/revisions\/12538"}],"wp:featuredmedia":[{"embeddable":true,"href":"http:\/\/jornalismo.ufsj.edu.br\/van\/wp-json\/wp\/v2\/media\/12527"}],"wp:attachment":[{"href":"http:\/\/jornalismo.ufsj.edu.br\/van\/wp-json\/wp\/v2\/media?parent=12526"}],"wp:term":[{"taxonomy":"category","embeddable":true,"href":"http:\/\/jornalismo.ufsj.edu.br\/van\/wp-json\/wp\/v2\/categories?post=12526"},{"taxonomy":"post_tag","embeddable":true,"href":"http:\/\/jornalismo.ufsj.edu.br\/van\/wp-json\/wp\/v2\/tags?post=12526"}],"curies":[{"name":"wp","href":"https:\/\/api.w.org\/{rel}","templated":true}]}}