{"id":12475,"date":"2023-05-22T10:47:06","date_gmt":"2023-05-22T13:47:06","guid":{"rendered":"https:\/\/jornalismo.ufsj.edu.br\/van\/?p=12475"},"modified":"2023-05-22T10:47:08","modified_gmt":"2023-05-22T13:47:08","slug":"somos-todos-campeoes-entrevista-marcio-rafael-silva","status":"publish","type":"post","link":"http:\/\/jornalismo.ufsj.edu.br\/van\/somos-todos-campeoes-entrevista-marcio-rafael-silva\/","title":{"rendered":"Somos todos campe\u00f5es: uma entrevista com M\u00e1rcio Rafael da Silva"},"content":{"rendered":"\n<p class=\"has-text-align-right\"><strong>Por Ana Luiza Fagundes, Lara Cristina Reis, Mariana Bessa e Rafael Alonso Amaral de Deus<\/strong><\/p>\n\n\n<div class=\"wp-block-image\">\n<figure class=\"aligncenter size-full\"><img loading=\"lazy\" decoding=\"async\" width=\"540\" height=\"360\" src=\"https:\/\/jornalismo.ufsj.edu.br\/van\/wp-content\/uploads\/2023\/05\/WhatsApp-Image-2023-05-20-at-16.46.46.jpeg\" alt=\"\" class=\"wp-image-12476\" srcset=\"http:\/\/jornalismo.ufsj.edu.br\/van\/wp-content\/uploads\/2023\/05\/WhatsApp-Image-2023-05-20-at-16.46.46.jpeg 540w, http:\/\/jornalismo.ufsj.edu.br\/van\/wp-content\/uploads\/2023\/05\/WhatsApp-Image-2023-05-20-at-16.46.46-300x200.jpeg 300w\" sizes=\"auto, (max-width: 540px) 100vw, 540px\" \/><figcaption class=\"wp-element-caption\">Reprodu\u00e7\u00e3o: Instagram &#8211; <em>Prefeitura de Tiradentes <\/em><\/figcaption><\/figure>\n<\/div>\n\n\n<p><\/p>\n\n\n\n<p><\/p>\n\n\n\n<p>&#8220;Por muito tempo confundiram necessidade especial com incapacidade produtiva&#8221;, reflete M\u00e1rcio Rafael da Silva, um dos fundadores da Muttley Inclus\u00e3o Social, em entrevista \u00e0 Vertentes Ag\u00eancia de Not\u00edcias (VAN).<\/p>\n\n\n\n<p>Utilizando o esporte como ferramenta de inclus\u00e3o, o projeto organiza corridas paral\u00edmpicas em S\u00e3o Jo\u00e3o del-Rei e regi\u00e3o desde dezembro de 2019. Assim, com ao menos 6 condutores e o uso de triciclos, a corrida se desenrola para a alegria dos envolvidos.<\/p>\n\n\n\n<p>Al\u00e9m de trabalhar como pedreiro, M\u00e1rcio contribui ativamente para a realiza\u00e7\u00e3o das atividades esportivas. Afinal, est\u00e1 entre os respons\u00e1veis por ajudar a empurrar o triciclo e pela seguran\u00e7a dos corredores e da equipe durante o percurso.<\/p>\n\n\n\n<p><\/p>\n\n\n\n<p><\/p>\n\n\n\n<p><strong>&#8211;<\/strong> <strong>Qual foi a motiva\u00e7\u00e3o para fundar o projeto? A ideia partiu de quem?<\/strong><\/p>\n\n\n\n<p><em>A motiva\u00e7\u00e3o era fazer o bem para as pessoas com necessidades especiais. Hoje, eu vejo que tamb\u00e9m faz bem para os pais &#8211; os filhos enlouquecem de alegria e ver o sorriso deles ao final, recebendo sua medalha ou trof\u00e9u, \u00e9 inacredit\u00e1vel, maravilhoso. \u00c9 imposs\u00edvel colocar em palavras o sentimento que n\u00f3s, corredores, sentimos ao final de cada evento.<\/em><\/p>\n\n\n\n<p><em>A ideia veio do Everton Ribeiro &#8211; hoje, meu amigo &#8211; e chegou at\u00e9 mim atrav\u00e9s de uma amiga em comum. Ela me disse que um colega de trabalho de seu esposo tinha visto uma corrida em Belo Horizonte (era a Volta Internacional da Pampulha) onde os pais transportavam seus filhos em triciclos adaptados. Disse tamb\u00e9m que ele n\u00e3o sabia o que fazer, pois queria trazer este projeto para nossa cidade. Abracei a causa na mesma hora e, em dezembro de 2019, fiz uma corrida para arrecadar dinheiro e comprar nosso primeiro triciclo. Surgiu ent\u00e3o o nosso projeto, com o nome Muttley Inclus\u00e3o Social (Minhas Pernas S\u00e3o Suas), fazendo inclus\u00e3o atrav\u00e9s do esporte.<\/em><\/p>\n\n\n\n<p><\/p>\n\n\n\n<p><\/p>\n\n\n\n<p><strong>&#8211;<\/strong> <strong>Foi dif\u00edcil dar vida a corrida?<\/strong><\/p>\n\n\n\n<p><em>O in\u00edcio foi muito dif\u00edcil, porque eu n\u00e3o tinha nenhum conhecimento de como organizar um evento de corrida. Fui \u00e0 luta, buscando ajuda financeira das empresas da cidade e, com isso e o apoio da Secretaria Municipal de Esportes, tivemos \u00eaxito. Mesmo com todos os custos para realizar o evento, que n\u00e3o s\u00e3o poucos, o saldo final foi praticamente o valor do nosso primeiro triciclo.<\/em><\/p>\n\n\n\n<p><\/p>\n\n\n\n<p><\/p>\n\n\n\n<p>&#8211; <strong>A corrida atendeu as expectativas pensadas?<\/strong><\/p>\n\n\n\n<p><em>Sim, o objetivo final da nossa primeira corrida era comprar o triciclo, e ela atendeu nossas expectativas. O evento ocorreu no dia 22 dezembro de 2019, e nosso primeiro cadeirante a participar foi o Igor da Silva Aquino, que usou sua pr\u00f3pria cadeira para participar, pois ainda n\u00e3o t\u00ednhamos o triciclo.<\/em><\/p>\n\n\n\n<p><\/p>\n\n\n\n<p><\/p>\n\n\n\n<p><strong>&#8211; Como funciona?<\/strong><\/p>\n\n\n\n<p><em>O funcionamento \u00e9 bem simples e a participa\u00e7\u00e3o \u00e9 gratuita para os participantes cadeirantes. J\u00e1 os condutores t\u00eam que desembolsar algum valor, pois as cortesias oferecidas pelos organizadores das corridas n\u00e3o s\u00e3o suficientes para toda equipe.<\/em><\/p>\n\n\n\n<p><\/p>\n\n\n\n<p><\/p>\n\n\n\n<p><strong>&#8211; Existem planos futuros para o projeto? Quais seriam?<\/strong><\/p>\n\n\n\n<p><em>Temos ideias novas surgindo. Uma delas \u00e9 a confec\u00e7\u00e3o de um triciclo duplo, para podermos levar uma pessoa especial e um acompanhante (pai, m\u00e3e, tio, amigo). Este equipamento n\u00e3o existe para comprar. Ent\u00e3o, j\u00e1 estamos em contato com a UFSJ para colocar em pr\u00e1tica este sonho, que foi exclusivamente uma ideia minha. Com ele, os pais tamb\u00e9m v\u00e3o poder sentir a emo\u00e7\u00e3o do seu filho durante a corrida.<\/em><\/p>\n\n\n\n<p><em>Tamb\u00e9m planejamos buscar mais um triciclo, mas ainda n\u00e3o temos verba, porque um equipamento deste fica em torno de tr\u00eas mil reais.<\/em><\/p>\n\n\n\n<p><\/p>\n\n\n\n<p><\/p>\n\n\n\n<p><strong>&#8211; Para a comunidade em geral, qual a melhor forma de apoiar e se envolver com a causa?<\/strong><\/p>\n\n\n\n<p><em>Precisamos de apoio financeiro. Os custos para as corridas da nossa cidade e regi\u00e3o n\u00e3o s\u00e3o altos, mas, para a 3\u00b0 corrida Muttley Inclus\u00e3o Social, que ser\u00e1 realizada em 03 de dezembro de 2023, as despesas ultrapassam o valor de treze mil reais. Al\u00e9m da ajuda financeira, tamb\u00e9m aceitamos brindes, para serem sorteados entre todos que participarem do evento.<\/em><\/p>\n\n\n\n<p><\/p>\n\n\n\n<p><\/p>\n\n\n\n<p><strong>&#8211;<\/strong> <strong>Houve alguma corrida ou pessoa em espec\u00edfico que marcou de uma forma especial a sua hist\u00f3ria e a desse projeto?<\/strong><\/p>\n\n\n\n<p><em>Nossa primeira corrida foi a que nos levou a alavancar o projeto. Ent\u00e3o, ela jamais ser\u00e1 esquecida, principalmente ao ver o primeiro cadeirante a participar, mesmo com sua cadeira. Hoje, j\u00e1 revezamos entre 18 pessoas especiais e todas j\u00e1 fazem parte da equipe Muttley Inclus\u00e3o Social, sem exce\u00e7\u00e3o. Para refletir, digo que: Por muito tempo confundiram necessidade especial com incapacidade produtiva.<\/em><\/p>\n\n\n\n<p><\/p>\n\n\n<div class=\"wp-block-image\">\n<figure class=\"aligncenter size-full\"><img loading=\"lazy\" decoding=\"async\" width=\"540\" height=\"360\" src=\"https:\/\/jornalismo.ufsj.edu.br\/van\/wp-content\/uploads\/2023\/05\/WhatsApp-Image-2023-05-20-at-16.47.02.jpeg\" alt=\"\" class=\"wp-image-12478\" srcset=\"http:\/\/jornalismo.ufsj.edu.br\/van\/wp-content\/uploads\/2023\/05\/WhatsApp-Image-2023-05-20-at-16.47.02.jpeg 540w, http:\/\/jornalismo.ufsj.edu.br\/van\/wp-content\/uploads\/2023\/05\/WhatsApp-Image-2023-05-20-at-16.47.02-300x200.jpeg 300w\" sizes=\"auto, (max-width: 540px) 100vw, 540px\" \/><figcaption class=\"wp-element-caption\">Reprodu\u00e7\u00e3o:  Instagram &#8211; <em>Muttley &#8211; Inclus\u00e3o Social<\/em><\/figcaption><\/figure>\n<\/div>\n\n\n<p><\/p>\n\n\n\n<p><\/p>\n\n\n\n<p>Estendendo um convite \u00e0s pessoas &#8220;com qualquer necessidade especial que queiram participar dos eventos&#8221;, M\u00e1rcio comenta que, para fazer parte do projeto, basta entrar em contato pelo telefone (32) 99946 7689, de M\u00e1rcio Rafael, ou (32) 98402 7117, de Everton Ribeiro. Ele conclui a entrevista com uma chamada \u00e0 reflex\u00e3o: &#8220;N\u00e3o h\u00e1 caminhos diferentes e sim diferentes jeitos de se caminhar\u201d.<\/p>\n\n\n\n<p><\/p>\n","protected":false},"excerpt":{"rendered":"<p>&#8220;Por muito tempo confundiram necessidade especial com incapacidade produtiva&#8221;, reflete M\u00e1rcio Rafael, um dos fundadores da Muttley Inclus\u00e3o Social, projeto que organiza corridas paral\u00edmpicas em S\u00e3o Jo\u00e3o del-Rei e regi\u00e3o<\/p>\n","protected":false},"author":2,"featured_media":12476,"comment_status":"closed","ping_status":"open","sticky":false,"template":"","format":"standard","meta":{"_monsterinsights_skip_tracking":false,"_monsterinsights_sitenote_active":false,"_monsterinsights_sitenote_note":"","_monsterinsights_sitenote_category":0,"_themeisle_gutenberg_block_has_review":false,"cybocfi_hide_featured_image":"","footnotes":""},"categories":[710,696,767,16,109],"tags":[27,93,14,159],"class_list":["post-12475","post","type-post","status-publish","format-standard","has-post-thumbnail","hentry","category-campo-dos-vertentes","category-cidadania","category-entrevista","category-esporte","category-sao-joao-del-rei-microrregiao-de-sao-joao-del-rei","tag-esportes","tag-lazer","tag-sao-joao-del-rei","tag-saude"],"_links":{"self":[{"href":"http:\/\/jornalismo.ufsj.edu.br\/van\/wp-json\/wp\/v2\/posts\/12475","targetHints":{"allow":["GET"]}}],"collection":[{"href":"http:\/\/jornalismo.ufsj.edu.br\/van\/wp-json\/wp\/v2\/posts"}],"about":[{"href":"http:\/\/jornalismo.ufsj.edu.br\/van\/wp-json\/wp\/v2\/types\/post"}],"author":[{"embeddable":true,"href":"http:\/\/jornalismo.ufsj.edu.br\/van\/wp-json\/wp\/v2\/users\/2"}],"replies":[{"embeddable":true,"href":"http:\/\/jornalismo.ufsj.edu.br\/van\/wp-json\/wp\/v2\/comments?post=12475"}],"version-history":[{"count":4,"href":"http:\/\/jornalismo.ufsj.edu.br\/van\/wp-json\/wp\/v2\/posts\/12475\/revisions"}],"predecessor-version":[{"id":12481,"href":"http:\/\/jornalismo.ufsj.edu.br\/van\/wp-json\/wp\/v2\/posts\/12475\/revisions\/12481"}],"wp:featuredmedia":[{"embeddable":true,"href":"http:\/\/jornalismo.ufsj.edu.br\/van\/wp-json\/wp\/v2\/media\/12476"}],"wp:attachment":[{"href":"http:\/\/jornalismo.ufsj.edu.br\/van\/wp-json\/wp\/v2\/media?parent=12475"}],"wp:term":[{"taxonomy":"category","embeddable":true,"href":"http:\/\/jornalismo.ufsj.edu.br\/van\/wp-json\/wp\/v2\/categories?post=12475"},{"taxonomy":"post_tag","embeddable":true,"href":"http:\/\/jornalismo.ufsj.edu.br\/van\/wp-json\/wp\/v2\/tags?post=12475"}],"curies":[{"name":"wp","href":"https:\/\/api.w.org\/{rel}","templated":true}]}}