{"id":12468,"date":"2023-05-18T15:17:33","date_gmt":"2023-05-18T18:17:33","guid":{"rendered":"https:\/\/jornalismo.ufsj.edu.br\/van\/?p=12468"},"modified":"2023-05-22T10:48:39","modified_gmt":"2023-05-22T13:48:39","slug":"jubileu-de-santa-rita-celebracao-da-padroeira-de-ritapolis-comeca-nesta-sexta-19","status":"publish","type":"post","link":"http:\/\/jornalismo.ufsj.edu.br\/van\/jubileu-de-santa-rita-celebracao-da-padroeira-de-ritapolis-comeca-nesta-sexta-19\/","title":{"rendered":"Jubileu de Santa Rita: celebra\u00e7\u00e3o da padroeira de Rit\u00e1polis come\u00e7a nesta sexta (19)"},"content":{"rendered":"\n<p><em>O maior evento cultural e religioso da cidade chega ao seu auge no dia 22 e atrai moradores locais e turistas da regi\u00e3o<\/em><\/p>\n\n\n\n<p class=\"has-text-align-right\"><strong>Por Ana Gabriela Oliveira, Anna J\u00falia Braga e Cec\u00edlia Rodrigues<\/strong><\/p>\n\n\n<div class=\"wp-block-image\">\n<figure class=\"aligncenter size-full is-resized\"><img loading=\"lazy\" decoding=\"async\" src=\"https:\/\/jornalismo.ufsj.edu.br\/van\/wp-content\/uploads\/2023\/05\/WhatsApp-Image-2023-05-18-at-14.53.43.jpeg\" alt=\"\" class=\"wp-image-12469\" width=\"502\" height=\"501\" srcset=\"http:\/\/jornalismo.ufsj.edu.br\/van\/wp-content\/uploads\/2023\/05\/WhatsApp-Image-2023-05-18-at-14.53.43.jpeg 759w, http:\/\/jornalismo.ufsj.edu.br\/van\/wp-content\/uploads\/2023\/05\/WhatsApp-Image-2023-05-18-at-14.53.43-300x300.jpeg 300w, http:\/\/jornalismo.ufsj.edu.br\/van\/wp-content\/uploads\/2023\/05\/WhatsApp-Image-2023-05-18-at-14.53.43-150x150.jpeg 150w\" sizes=\"auto, (max-width: 502px) 100vw, 502px\" \/><figcaption class=\"wp-element-caption\">Imagem e Par\u00f3quia de Santa Rita<br>Reprodu\u00e7\u00e3o: Prefeitura de Rit\u00e1polis<\/figcaption><\/figure>\n<\/div>\n\n\n<p><\/p>\n\n\n\n<p>O Jubileu de Santa Rita \u00e9 um dos maiores eventos da cidade de Rit\u00e1polis, que tem a Santa como padroeira, atraindo tanto moradores locais quanto turistas da regi\u00e3o. A programa\u00e7\u00e3o da festa tem seu auge de p\u00fablico no dia 22 de maio, segunda-feira, contando com diversas missas, carreata e uma prociss\u00e3o, al\u00e9m de apresenta\u00e7\u00f5es musicais durante a noite.<\/p>\n\n\n\n<p>A tradi\u00e7\u00e3o ritapolitana data de 1854, desde a funda\u00e7\u00e3o da Par\u00f3quia de Santa Rita na cidade. A regi\u00e3o da Pra\u00e7a Tiradentes, logo em frente \u00e0 par\u00f3quia, se anima com as barraquinhas montadas e a venda de produtos artesanais, quitutes e bebidas \u2013 lembrancinhas, doces, jantas, salgados, bebidas quentes e geladas e at\u00e9 um jogo de bingo, a v\u00edspora. O Palco Principal tamb\u00e9m \u00e9 instalado neste mesmo lugar, onde os shows acontecem. Apesar do cunho religioso, as apresenta\u00e7\u00f5es e a movimenta\u00e7\u00e3o da pra\u00e7a s\u00e3o pontos altos da celebra\u00e7\u00e3o e boas op\u00e7\u00f5es para aqueles que querem conhecer a festa sem participar das manifesta\u00e7\u00f5es religiosas.<\/p>\n\n\n\n<p>As missas e novenas j\u00e1 come\u00e7aram pelo munic\u00edpio, mas ainda acontecer\u00e3o neste final de semana: s\u00e1bado e domingo, \u00e0s 9h30min, \u00e0s 15h e \u00e0s 19h. O dia mais importante da celebra\u00e7\u00e3o \u00e9 na pr\u00f3xima segunda-feira (22). A programa\u00e7\u00e3o come\u00e7a meia-noite em ponto, com as homenagens \u00e0 Santa Rita de C\u00e1ssia. \u00c0s 6h da manh\u00e3, ocorre a Alvorada Festiva, seguida por quatro missas que acontecem das 7h at\u00e9 \u00e0s 16h. Neste mesmo dia, tamb\u00e9m haver\u00e1 uma apresenta\u00e7\u00e3o musical da Banda do 11\u00ba Batalh\u00e3o de Infantaria de Montanha, \u00e0s 14:30. Por fim, a prociss\u00e3o com a imagem da Santa sair\u00e1 \u00e0s 18h.<\/p>\n\n\n\n<p>Por ter datas coincidentes com um outro evento ritapolitano, o Maio Cultural, ambos dividir\u00e3o a programa\u00e7\u00e3o noturna de shows, todos come\u00e7ando a partir das 22h no Palco Principal. Na sexta (19), o show de L\u00e9o de Freitas abre as comemora\u00e7\u00f5es. No s\u00e1bado (20), ser\u00e1 a vez da Banda Relux dominar o palco. Por fim, no domingo (21), o Clube da Seresta ser\u00e1 a trilha sonora da noite.<\/p>\n\n\n\n<p><\/p>\n\n\n\n<p><strong>Programa\u00e7\u00e3o:<\/strong><\/p>\n\n\n\n<ul class=\"wp-block-list\">\n<li>20 de maio (s\u00e1bado): Santa Missa e Novena \u00e0s 9h30min, \u00e0s 15h e 19h<\/li>\n\n\n\n<li>21 de maio (domingo): \u00e0s 8h, Santa Missa e Novena, \u00e0s 15h, 17h e 19h<\/li>\n\n\n\n<li>22 de maio (segunda-feira):<\/li>\n<\/ul>\n\n\n\n<div class=\"wp-block-group\"><div class=\"wp-block-group__inner-container is-layout-constrained wp-block-group-is-layout-constrained\">\n<div class=\"wp-block-group has-black-color has-text-color is-vertical is-nowrap is-layout-flex wp-container-core-group-is-layout-947ac36b wp-block-group-is-layout-flex\">\n<p class=\"has-text-align-left\">&#8211; 0h: Homenagens a Santa Rita de C\u00e1ssia e b\u00ean\u00e7\u00e3o dos fi\u00e9is<\/p>\n\n\n\n<p class=\"has-text-align-left\">&#8211; 6h: Alvorada festiva<\/p>\n\n\n\n<p class=\"has-text-align-left\">&#8211; 7h, 8h30, 13h e 16h: Santa Missa<\/p>\n\n\n\n<p class=\"has-text-align-left\">&#8211; 10h30min: Santa Missa solene concelebrada<\/p>\n\n\n\n<p class=\"has-text-align-left\">&#8211; 14h30min: Apresenta\u00e7\u00e3o da Banda do 11\u00b0 BI de S\u00e3o Jo\u00e3o del-Rei<\/p>\n\n\n\n<p class=\"has-text-align-left\">&#8211; 18h: Santa Missa solene concelebrada campal. Em seguida, piedosa Prociss\u00e3o luminosa com a imagem de Santa Rita de C\u00e1ssia<\/p>\n\n\n\n<p><\/p>\n\n\n\n<p><strong>Shows do Maio Cultural:<\/strong><\/p>\n\n\n\n<ul class=\"wp-block-list\">\n<li>18 de maio (quinta-feira): Apresenta\u00e7\u00e3o dos artistas de Rit\u00e1polis na Live Cultural da R\u00e1dio Gabirobas, \u00e0s 19h<\/li>\n\n\n\n<li>19 de maio (sexta-feira): Show do cantor L\u00e9o de Freitas, a partir das 22h<\/li>\n\n\n\n<li>20 de maio (s\u00e1bado): Show da Banda Relux, a partir das 22h<\/li>\n\n\n\n<li>21 de maio (domingo): Clube da Seresta, \u00e0s 22h<\/li>\n\n\n\n<li>22 de maio (segunda): Apresenta\u00e7\u00e3o musical da Banda do 11\u00ba Batalh\u00e3o de Infantaria de Montanha, \u00e0s 14:30<\/li>\n<\/ul>\n<\/div>\n<\/div><\/div>\n","protected":false},"excerpt":{"rendered":"<p>O maior evento cultural e religioso da cidade chega ao seu auge no dia 22 e atrai moradores locais e turistas da regi\u00e3o<\/p>\n","protected":false},"author":2,"featured_media":12469,"comment_status":"closed","ping_status":"open","sticky":false,"template":"","format":"standard","meta":{"_monsterinsights_skip_tracking":false,"_monsterinsights_sitenote_active":false,"_monsterinsights_sitenote_note":"","_monsterinsights_sitenote_category":0,"_themeisle_gutenberg_block_has_review":false,"cybocfi_hide_featured_image":"","footnotes":""},"categories":[368,710,17,13,756,31],"tags":[149,152,39,165],"class_list":["post-12468","post","type-post","status-publish","format-standard","has-post-thumbnail","hentry","category-agenda-van","category-campo-dos-vertentes","category-cidade","category-cultura","category-religiao","category-ritapolis","tag-cidades","tag-cultura","tag-religiao","tag-ritapolis"],"_links":{"self":[{"href":"http:\/\/jornalismo.ufsj.edu.br\/van\/wp-json\/wp\/v2\/posts\/12468","targetHints":{"allow":["GET"]}}],"collection":[{"href":"http:\/\/jornalismo.ufsj.edu.br\/van\/wp-json\/wp\/v2\/posts"}],"about":[{"href":"http:\/\/jornalismo.ufsj.edu.br\/van\/wp-json\/wp\/v2\/types\/post"}],"author":[{"embeddable":true,"href":"http:\/\/jornalismo.ufsj.edu.br\/van\/wp-json\/wp\/v2\/users\/2"}],"replies":[{"embeddable":true,"href":"http:\/\/jornalismo.ufsj.edu.br\/van\/wp-json\/wp\/v2\/comments?post=12468"}],"version-history":[{"count":5,"href":"http:\/\/jornalismo.ufsj.edu.br\/van\/wp-json\/wp\/v2\/posts\/12468\/revisions"}],"predecessor-version":[{"id":12483,"href":"http:\/\/jornalismo.ufsj.edu.br\/van\/wp-json\/wp\/v2\/posts\/12468\/revisions\/12483"}],"wp:featuredmedia":[{"embeddable":true,"href":"http:\/\/jornalismo.ufsj.edu.br\/van\/wp-json\/wp\/v2\/media\/12469"}],"wp:attachment":[{"href":"http:\/\/jornalismo.ufsj.edu.br\/van\/wp-json\/wp\/v2\/media?parent=12468"}],"wp:term":[{"taxonomy":"category","embeddable":true,"href":"http:\/\/jornalismo.ufsj.edu.br\/van\/wp-json\/wp\/v2\/categories?post=12468"},{"taxonomy":"post_tag","embeddable":true,"href":"http:\/\/jornalismo.ufsj.edu.br\/van\/wp-json\/wp\/v2\/tags?post=12468"}],"curies":[{"name":"wp","href":"https:\/\/api.w.org\/{rel}","templated":true}]}}