{"id":12461,"date":"2023-05-18T14:23:40","date_gmt":"2023-05-18T17:23:40","guid":{"rendered":"https:\/\/jornalismo.ufsj.edu.br\/van\/?p=12461"},"modified":"2023-05-26T15:05:30","modified_gmt":"2023-05-26T18:05:30","slug":"apae-acolhimento-e-inseguranca-financeira","status":"publish","type":"post","link":"http:\/\/jornalismo.ufsj.edu.br\/van\/apae-acolhimento-e-inseguranca-financeira\/","title":{"rendered":"APAE: Acolhimento e Inseguran\u00e7a Financeira"},"content":{"rendered":"\n<p><em>por Jo\u00e3o Gusm\u00e3o e Jo\u00e3o Murad<\/em><\/p>\n\n\n\n<figure class=\"wp-block-image size-large\"><img loading=\"lazy\" decoding=\"async\" width=\"1024\" height=\"576\" src=\"https:\/\/jornalismo.ufsj.edu.br\/van\/wp-content\/uploads\/2023\/05\/Foto-Capa-1024x576.png\" alt=\"\" class=\"wp-image-12462\" srcset=\"http:\/\/jornalismo.ufsj.edu.br\/van\/wp-content\/uploads\/2023\/05\/Foto-Capa-1024x576.png 1024w, http:\/\/jornalismo.ufsj.edu.br\/van\/wp-content\/uploads\/2023\/05\/Foto-Capa-300x169.png 300w, http:\/\/jornalismo.ufsj.edu.br\/van\/wp-content\/uploads\/2023\/05\/Foto-Capa-768x432.png 768w, http:\/\/jornalismo.ufsj.edu.br\/van\/wp-content\/uploads\/2023\/05\/Foto-Capa.png 1280w\" sizes=\"auto, (max-width: 1024px) 100vw, 1024px\" \/><\/figure>\n\n\n\n<p><em>Adriano, aluno da APAE, na oficina de pintura. Foto: Jo\u00e3o Gusm\u00e3o<\/em><\/p>\n\n\n\n\n\n<figure class=\"wp-block-gallery has-nested-images columns-default is-cropped wp-block-gallery-1 is-layout-flex wp-block-gallery-is-layout-flex\"><\/figure>\n\n\n\n<figure class=\"wp-block-embed is-type-video is-provider-youtube wp-block-embed-youtube wp-embed-aspect-16-9 wp-has-aspect-ratio\"><div class=\"wp-block-embed__wrapper\">\n<iframe loading=\"lazy\" title=\"APAE Acolhimento e Inseguran\u00e7a Financeira\" width=\"640\" height=\"360\" src=\"https:\/\/www.youtube.com\/embed\/5TK8IyFL5hU?feature=oembed\" frameborder=\"0\" allow=\"accelerometer; autoplay; clipboard-write; encrypted-media; gyroscope; picture-in-picture; web-share\" referrerpolicy=\"strict-origin-when-cross-origin\" allowfullscreen><\/iframe>\n<\/div><\/figure>\n","protected":false},"excerpt":{"rendered":"<p>por Jo\u00e3o Gusm\u00e3o e Jo\u00e3o Murad Adriano, aluno da APAE, na oficina de pintura. Foto: Jo\u00e3o Gusm\u00e3o<\/p>\n","protected":false},"author":2,"featured_media":12463,"comment_status":"open","ping_status":"open","sticky":false,"template":"","format":"standard","meta":{"_monsterinsights_skip_tracking":false,"_monsterinsights_sitenote_active":false,"_monsterinsights_sitenote_note":"","_monsterinsights_sitenote_category":0,"_themeisle_gutenberg_block_has_review":false,"cybocfi_hide_featured_image":"","footnotes":""},"categories":[3,109],"tags":[679,14],"class_list":["post-12461","post","type-post","status-publish","format-standard","has-post-thumbnail","hentry","category-cidades","category-sao-joao-del-rei-microrregiao-de-sao-joao-del-rei","tag-apae","tag-sao-joao-del-rei"],"_links":{"self":[{"href":"http:\/\/jornalismo.ufsj.edu.br\/van\/wp-json\/wp\/v2\/posts\/12461","targetHints":{"allow":["GET"]}}],"collection":[{"href":"http:\/\/jornalismo.ufsj.edu.br\/van\/wp-json\/wp\/v2\/posts"}],"about":[{"href":"http:\/\/jornalismo.ufsj.edu.br\/van\/wp-json\/wp\/v2\/types\/post"}],"author":[{"embeddable":true,"href":"http:\/\/jornalismo.ufsj.edu.br\/van\/wp-json\/wp\/v2\/users\/2"}],"replies":[{"embeddable":true,"href":"http:\/\/jornalismo.ufsj.edu.br\/van\/wp-json\/wp\/v2\/comments?post=12461"}],"version-history":[{"count":2,"href":"http:\/\/jornalismo.ufsj.edu.br\/van\/wp-json\/wp\/v2\/posts\/12461\/revisions"}],"predecessor-version":[{"id":12529,"href":"http:\/\/jornalismo.ufsj.edu.br\/van\/wp-json\/wp\/v2\/posts\/12461\/revisions\/12529"}],"wp:featuredmedia":[{"embeddable":true,"href":"http:\/\/jornalismo.ufsj.edu.br\/van\/wp-json\/wp\/v2\/media\/12463"}],"wp:attachment":[{"href":"http:\/\/jornalismo.ufsj.edu.br\/van\/wp-json\/wp\/v2\/media?parent=12461"}],"wp:term":[{"taxonomy":"category","embeddable":true,"href":"http:\/\/jornalismo.ufsj.edu.br\/van\/wp-json\/wp\/v2\/categories?post=12461"},{"taxonomy":"post_tag","embeddable":true,"href":"http:\/\/jornalismo.ufsj.edu.br\/van\/wp-json\/wp\/v2\/tags?post=12461"}],"curies":[{"name":"wp","href":"https:\/\/api.w.org\/{rel}","templated":true}]}}