{"id":12274,"date":"2023-05-09T16:45:11","date_gmt":"2023-05-09T19:45:11","guid":{"rendered":"https:\/\/jornalismo.ufsj.edu.br\/van\/?p=12274"},"modified":"2023-05-09T17:05:40","modified_gmt":"2023-05-09T20:05:40","slug":"mobilidade-va-de-bike","status":"publish","type":"post","link":"http:\/\/jornalismo.ufsj.edu.br\/van\/mobilidade-va-de-bike\/","title":{"rendered":"Mobilidade: V\u00e1 de Bike!"},"content":{"rendered":"\n<p>por: Gabriel Rios, Mateus Castro e Anna Carolina<\/p>\n\n\n\n<p><\/p>\n\n\n\n<figure class=\"wp-block-image size-large\"><img loading=\"lazy\" decoding=\"async\" width=\"1024\" height=\"683\" src=\"https:\/\/jornalismo.ufsj.edu.br\/van\/wp-content\/uploads\/2023\/05\/Imagem-1-Sinalizacao-de-ciclovia-Av.-Visconde-do-Rio-Preto.-Por-Gabriel-Rios-1024x683.jpg\" alt=\"\" class=\"wp-image-12275\" srcset=\"http:\/\/jornalismo.ufsj.edu.br\/van\/wp-content\/uploads\/2023\/05\/Imagem-1-Sinalizacao-de-ciclovia-Av.-Visconde-do-Rio-Preto.-Por-Gabriel-Rios-1024x683.jpg 1024w, http:\/\/jornalismo.ufsj.edu.br\/van\/wp-content\/uploads\/2023\/05\/Imagem-1-Sinalizacao-de-ciclovia-Av.-Visconde-do-Rio-Preto.-Por-Gabriel-Rios-300x200.jpg 300w, http:\/\/jornalismo.ufsj.edu.br\/van\/wp-content\/uploads\/2023\/05\/Imagem-1-Sinalizacao-de-ciclovia-Av.-Visconde-do-Rio-Preto.-Por-Gabriel-Rios-768x512.jpg 768w, http:\/\/jornalismo.ufsj.edu.br\/van\/wp-content\/uploads\/2023\/05\/Imagem-1-Sinalizacao-de-ciclovia-Av.-Visconde-do-Rio-Preto.-Por-Gabriel-Rios-900x600.jpg 900w, http:\/\/jornalismo.ufsj.edu.br\/van\/wp-content\/uploads\/2023\/05\/Imagem-1-Sinalizacao-de-ciclovia-Av.-Visconde-do-Rio-Preto.-Por-Gabriel-Rios.jpg 1296w\" sizes=\"auto, (max-width: 1024px) 100vw, 1024px\" \/><\/figure>\n\n\n\n<p><em>Sinaliza\u00e7\u00e3o de ciclovia, Av. Visconde do Rio Preto. Por Gabriel Rios.<\/em><\/p>\n\n\n\n<p class=\"has-text-align-left\">&nbsp;Nesta semana o editorial de jornalismo ambiental da VAN se debru\u00e7a sobre a mobilidade urbana em S\u00e3o Jo\u00e3o del Rei, e nessa primeira mat\u00e9ria, daremos foco \u00e0s bicicletas.<\/p>\n\n\n\n<p class=\"has-text-align-left\">&nbsp;Diante do tr\u00e2nsito da cidade, especialmente nas vias mais movimentadas, urge a necessidade de repensar a forma de locomo\u00e7\u00e3o para curtas dist\u00e2ncias. Nesse contexto, surge a alternativa, v\u00e1 de bike!<\/p>\n\n\n\n<p class=\"has-text-align-left\">&nbsp;As bicicletas representam uma alternativa mais acess\u00edvel de transporte particular, uma vez que n\u00e3o utilizam combust\u00edvel e seu custo \u00e9 relativamente baixo. Al\u00e9m disso, seu tamanho e mobilidade permitem a fuga de vias congestionadas, podem reduzir o tr\u00e2nsito e s\u00e3o ecol\u00f3gicos. E, ainda tem a oportunidade para se exercitar.<\/p>\n\n\n\n<p class=\"has-text-align-left\">&nbsp;No entanto, pedalar pela cidade, tem suas dificuldades. A \u00fanica ciclovia existente est\u00e1 na Avenida Visconde do Rio Preto, sob administra\u00e7\u00e3o do governo federal. Outra faixa dedicada \u00e0s bicicletas est\u00e1 sendo constru\u00edda na Avenida Leite de Castro, em uma obra longa, que tamb\u00e9m dificulta a mobilidade.<\/p>\n\n\n\n<p>&nbsp;Al\u00e9m disso, ruas esburacadas, sinaliza\u00e7\u00e3o prec\u00e1ria e disputa de lugar no tr\u00e2nsito, dificultam a vida de quem usa as bicicletas como meio de transporte. Apesar dessas barreiras, as &#8220;bikes&#8221; s\u00e3o ve\u00edculos muito populares na cidade e fazem parte do cotidiano. Reconhecer isso \u00e9 reconhecer a necessidade de incentivar o seu uso.<\/p>\n\n\n\n<figure class=\"wp-block-image size-large\"><img loading=\"lazy\" decoding=\"async\" width=\"1024\" height=\"683\" src=\"https:\/\/jornalismo.ufsj.edu.br\/van\/wp-content\/uploads\/2023\/05\/imagem-2-Familia-de-bicicleta-na-Av.-Leite-de-Castro-por-Gabriel-Rios-1024x683.jpg\" alt=\"\" class=\"wp-image-12276\" srcset=\"http:\/\/jornalismo.ufsj.edu.br\/van\/wp-content\/uploads\/2023\/05\/imagem-2-Familia-de-bicicleta-na-Av.-Leite-de-Castro-por-Gabriel-Rios-1024x683.jpg 1024w, http:\/\/jornalismo.ufsj.edu.br\/van\/wp-content\/uploads\/2023\/05\/imagem-2-Familia-de-bicicleta-na-Av.-Leite-de-Castro-por-Gabriel-Rios-300x200.jpg 300w, http:\/\/jornalismo.ufsj.edu.br\/van\/wp-content\/uploads\/2023\/05\/imagem-2-Familia-de-bicicleta-na-Av.-Leite-de-Castro-por-Gabriel-Rios-768x512.jpg 768w, http:\/\/jornalismo.ufsj.edu.br\/van\/wp-content\/uploads\/2023\/05\/imagem-2-Familia-de-bicicleta-na-Av.-Leite-de-Castro-por-Gabriel-Rios-900x600.jpg 900w, http:\/\/jornalismo.ufsj.edu.br\/van\/wp-content\/uploads\/2023\/05\/imagem-2-Familia-de-bicicleta-na-Av.-Leite-de-Castro-por-Gabriel-Rios.jpg 1296w\" sizes=\"auto, (max-width: 1024px) 100vw, 1024px\" \/><\/figure>\n\n\n\n<p><em>Fam\u00edlia de bicicleta na Av. Leite de Castro, por Gabriel Rios.<\/em><\/p>\n\n\n\n<figure class=\"wp-block-image size-large\"><img loading=\"lazy\" decoding=\"async\" width=\"1024\" height=\"683\" src=\"https:\/\/jornalismo.ufsj.edu.br\/van\/wp-content\/uploads\/2023\/05\/Imagem-3-Homem-pedalando-na-Av.-Leite-de-Castro-por-Gabriel-Rios-1024x683.jpg\" alt=\"\" class=\"wp-image-12277\" srcset=\"http:\/\/jornalismo.ufsj.edu.br\/van\/wp-content\/uploads\/2023\/05\/Imagem-3-Homem-pedalando-na-Av.-Leite-de-Castro-por-Gabriel-Rios-1024x683.jpg 1024w, http:\/\/jornalismo.ufsj.edu.br\/van\/wp-content\/uploads\/2023\/05\/Imagem-3-Homem-pedalando-na-Av.-Leite-de-Castro-por-Gabriel-Rios-300x200.jpg 300w, http:\/\/jornalismo.ufsj.edu.br\/van\/wp-content\/uploads\/2023\/05\/Imagem-3-Homem-pedalando-na-Av.-Leite-de-Castro-por-Gabriel-Rios-768x512.jpg 768w, http:\/\/jornalismo.ufsj.edu.br\/van\/wp-content\/uploads\/2023\/05\/Imagem-3-Homem-pedalando-na-Av.-Leite-de-Castro-por-Gabriel-Rios-900x600.jpg 900w, http:\/\/jornalismo.ufsj.edu.br\/van\/wp-content\/uploads\/2023\/05\/Imagem-3-Homem-pedalando-na-Av.-Leite-de-Castro-por-Gabriel-Rios.jpg 1296w\" sizes=\"auto, (max-width: 1024px) 100vw, 1024px\" \/><\/figure>\n\n\n\n<p><em>Homem pedalando na Av. Leite de Castro, por Gabriel Rios.<\/em><\/p>\n\n\n\n<figure class=\"wp-block-image size-large\"><img loading=\"lazy\" decoding=\"async\" width=\"1024\" height=\"683\" src=\"https:\/\/jornalismo.ufsj.edu.br\/van\/wp-content\/uploads\/2023\/05\/Imagem-4-Homem-pedalando-na-rua-Av.-Leite-de-Castro-por-Gabriel-Rios-1024x683.jpg\" alt=\"\" class=\"wp-image-12278\" srcset=\"http:\/\/jornalismo.ufsj.edu.br\/van\/wp-content\/uploads\/2023\/05\/Imagem-4-Homem-pedalando-na-rua-Av.-Leite-de-Castro-por-Gabriel-Rios-1024x683.jpg 1024w, http:\/\/jornalismo.ufsj.edu.br\/van\/wp-content\/uploads\/2023\/05\/Imagem-4-Homem-pedalando-na-rua-Av.-Leite-de-Castro-por-Gabriel-Rios-300x200.jpg 300w, http:\/\/jornalismo.ufsj.edu.br\/van\/wp-content\/uploads\/2023\/05\/Imagem-4-Homem-pedalando-na-rua-Av.-Leite-de-Castro-por-Gabriel-Rios-768x512.jpg 768w, http:\/\/jornalismo.ufsj.edu.br\/van\/wp-content\/uploads\/2023\/05\/Imagem-4-Homem-pedalando-na-rua-Av.-Leite-de-Castro-por-Gabriel-Rios-900x600.jpg 900w, http:\/\/jornalismo.ufsj.edu.br\/van\/wp-content\/uploads\/2023\/05\/Imagem-4-Homem-pedalando-na-rua-Av.-Leite-de-Castro-por-Gabriel-Rios.jpg 1296w\" sizes=\"auto, (max-width: 1024px) 100vw, 1024px\" \/><\/figure>\n\n\n\n<p><em>Homem pedalando na rua, Av. Leite de Castro, por Gabriel Rios.<\/em><\/p>\n\n\n\n<figure class=\"wp-block-image size-large\"><img loading=\"lazy\" decoding=\"async\" width=\"1024\" height=\"683\" src=\"https:\/\/jornalismo.ufsj.edu.br\/van\/wp-content\/uploads\/2023\/05\/Imagem-5-Ciclovia-na-Av.-Visconde-do-Rio-Preto-por-Gabriel-Rios-1024x683.jpg\" alt=\"\" class=\"wp-image-12279\" srcset=\"http:\/\/jornalismo.ufsj.edu.br\/van\/wp-content\/uploads\/2023\/05\/Imagem-5-Ciclovia-na-Av.-Visconde-do-Rio-Preto-por-Gabriel-Rios-1024x683.jpg 1024w, http:\/\/jornalismo.ufsj.edu.br\/van\/wp-content\/uploads\/2023\/05\/Imagem-5-Ciclovia-na-Av.-Visconde-do-Rio-Preto-por-Gabriel-Rios-300x200.jpg 300w, http:\/\/jornalismo.ufsj.edu.br\/van\/wp-content\/uploads\/2023\/05\/Imagem-5-Ciclovia-na-Av.-Visconde-do-Rio-Preto-por-Gabriel-Rios-768x512.jpg 768w, http:\/\/jornalismo.ufsj.edu.br\/van\/wp-content\/uploads\/2023\/05\/Imagem-5-Ciclovia-na-Av.-Visconde-do-Rio-Preto-por-Gabriel-Rios-900x600.jpg 900w, http:\/\/jornalismo.ufsj.edu.br\/van\/wp-content\/uploads\/2023\/05\/Imagem-5-Ciclovia-na-Av.-Visconde-do-Rio-Preto-por-Gabriel-Rios.jpg 1296w\" sizes=\"auto, (max-width: 1024px) 100vw, 1024px\" \/><\/figure>\n\n\n\n<p><em>Ciclovia na Av. Visconde do Rio Preto, por Gabriel Rios.<\/em><\/p>\n\n\n\n<figure class=\"wp-block-image size-large\"><img loading=\"lazy\" decoding=\"async\" width=\"1024\" height=\"683\" src=\"https:\/\/jornalismo.ufsj.edu.br\/van\/wp-content\/uploads\/2023\/05\/Imagem-6-Obras-na-passarela-da-Av.-Leite-de-Castro-por-Gabriel-Rios-1024x683.jpg\" alt=\"\" class=\"wp-image-12280\" srcset=\"http:\/\/jornalismo.ufsj.edu.br\/van\/wp-content\/uploads\/2023\/05\/Imagem-6-Obras-na-passarela-da-Av.-Leite-de-Castro-por-Gabriel-Rios-1024x683.jpg 1024w, http:\/\/jornalismo.ufsj.edu.br\/van\/wp-content\/uploads\/2023\/05\/Imagem-6-Obras-na-passarela-da-Av.-Leite-de-Castro-por-Gabriel-Rios-300x200.jpg 300w, http:\/\/jornalismo.ufsj.edu.br\/van\/wp-content\/uploads\/2023\/05\/Imagem-6-Obras-na-passarela-da-Av.-Leite-de-Castro-por-Gabriel-Rios-768x512.jpg 768w, http:\/\/jornalismo.ufsj.edu.br\/van\/wp-content\/uploads\/2023\/05\/Imagem-6-Obras-na-passarela-da-Av.-Leite-de-Castro-por-Gabriel-Rios-900x600.jpg 900w, http:\/\/jornalismo.ufsj.edu.br\/van\/wp-content\/uploads\/2023\/05\/Imagem-6-Obras-na-passarela-da-Av.-Leite-de-Castro-por-Gabriel-Rios.jpg 1296w\" sizes=\"auto, (max-width: 1024px) 100vw, 1024px\" \/><\/figure>\n\n\n\n<p><em>Obras na passarela da Av. Leite de Castro, por Gabriel Rios.<\/em><\/p>\n\n\n\n<figure class=\"wp-block-image size-large is-resized\"><img loading=\"lazy\" decoding=\"async\" src=\"https:\/\/jornalismo.ufsj.edu.br\/van\/wp-content\/uploads\/2023\/05\/Imagem-7-Obras-na-Av.-Leite-de-Castro-por-Gabriel-Rios-1024x683.jpg\" alt=\"\" class=\"wp-image-12281\" width=\"840\" height=\"560\" srcset=\"http:\/\/jornalismo.ufsj.edu.br\/van\/wp-content\/uploads\/2023\/05\/Imagem-7-Obras-na-Av.-Leite-de-Castro-por-Gabriel-Rios-1024x683.jpg 1024w, http:\/\/jornalismo.ufsj.edu.br\/van\/wp-content\/uploads\/2023\/05\/Imagem-7-Obras-na-Av.-Leite-de-Castro-por-Gabriel-Rios-300x200.jpg 300w, http:\/\/jornalismo.ufsj.edu.br\/van\/wp-content\/uploads\/2023\/05\/Imagem-7-Obras-na-Av.-Leite-de-Castro-por-Gabriel-Rios-768x512.jpg 768w, http:\/\/jornalismo.ufsj.edu.br\/van\/wp-content\/uploads\/2023\/05\/Imagem-7-Obras-na-Av.-Leite-de-Castro-por-Gabriel-Rios-900x600.jpg 900w, http:\/\/jornalismo.ufsj.edu.br\/van\/wp-content\/uploads\/2023\/05\/Imagem-7-Obras-na-Av.-Leite-de-Castro-por-Gabriel-Rios.jpg 1296w\" sizes=\"auto, (max-width: 840px) 100vw, 840px\" \/><\/figure>\n\n\n\n<p><em>Obras na Av. Leite de Castro, por Gabriel Rios.<\/em><\/p>\n\n\n\n<figure class=\"wp-block-image size-large\"><img loading=\"lazy\" decoding=\"async\" width=\"1024\" height=\"683\" src=\"https:\/\/jornalismo.ufsj.edu.br\/van\/wp-content\/uploads\/2023\/05\/Imagem-8-Obra-incompleta-na-passarela-da-Av.-Leite-de-Castro-1024x683.jpg\" alt=\"\" class=\"wp-image-12282\" srcset=\"http:\/\/jornalismo.ufsj.edu.br\/van\/wp-content\/uploads\/2023\/05\/Imagem-8-Obra-incompleta-na-passarela-da-Av.-Leite-de-Castro-1024x683.jpg 1024w, http:\/\/jornalismo.ufsj.edu.br\/van\/wp-content\/uploads\/2023\/05\/Imagem-8-Obra-incompleta-na-passarela-da-Av.-Leite-de-Castro-300x200.jpg 300w, http:\/\/jornalismo.ufsj.edu.br\/van\/wp-content\/uploads\/2023\/05\/Imagem-8-Obra-incompleta-na-passarela-da-Av.-Leite-de-Castro-768x512.jpg 768w, http:\/\/jornalismo.ufsj.edu.br\/van\/wp-content\/uploads\/2023\/05\/Imagem-8-Obra-incompleta-na-passarela-da-Av.-Leite-de-Castro-900x600.jpg 900w, http:\/\/jornalismo.ufsj.edu.br\/van\/wp-content\/uploads\/2023\/05\/Imagem-8-Obra-incompleta-na-passarela-da-Av.-Leite-de-Castro.jpg 1296w\" sizes=\"auto, (max-width: 1024px) 100vw, 1024px\" \/><\/figure>\n\n\n\n<p><em>Obra incompleta na passarela da Av. Leite de Castro.<\/em><\/p>\n\n\n\n<figure class=\"wp-block-image size-large\"><img loading=\"lazy\" decoding=\"async\" width=\"1024\" height=\"683\" src=\"https:\/\/jornalismo.ufsj.edu.br\/van\/wp-content\/uploads\/2023\/05\/Imagem-9-Bicicleta-presa-ao-poste-na-ausencia-de-bicicletarios.-Por-Gabriel-Rios-1024x683.jpg\" alt=\"\" class=\"wp-image-12283\" srcset=\"http:\/\/jornalismo.ufsj.edu.br\/van\/wp-content\/uploads\/2023\/05\/Imagem-9-Bicicleta-presa-ao-poste-na-ausencia-de-bicicletarios.-Por-Gabriel-Rios-1024x683.jpg 1024w, http:\/\/jornalismo.ufsj.edu.br\/van\/wp-content\/uploads\/2023\/05\/Imagem-9-Bicicleta-presa-ao-poste-na-ausencia-de-bicicletarios.-Por-Gabriel-Rios-300x200.jpg 300w, http:\/\/jornalismo.ufsj.edu.br\/van\/wp-content\/uploads\/2023\/05\/Imagem-9-Bicicleta-presa-ao-poste-na-ausencia-de-bicicletarios.-Por-Gabriel-Rios-768x512.jpg 768w, http:\/\/jornalismo.ufsj.edu.br\/van\/wp-content\/uploads\/2023\/05\/Imagem-9-Bicicleta-presa-ao-poste-na-ausencia-de-bicicletarios.-Por-Gabriel-Rios-900x600.jpg 900w, http:\/\/jornalismo.ufsj.edu.br\/van\/wp-content\/uploads\/2023\/05\/Imagem-9-Bicicleta-presa-ao-poste-na-ausencia-de-bicicletarios.-Por-Gabriel-Rios.jpg 1296w\" sizes=\"auto, (max-width: 1024px) 100vw, 1024px\" \/><\/figure>\n\n\n\n<p><em>Bicicleta presa ao poste, na aus\u00eancia de biciclet\u00e1rios. Por Gabriel Rios.<\/em><\/p>\n\n\n\n<p>\u201cEu ando em S\u00e3o Jo\u00e3o de bicicleta tem uns 4 a 5 anos. E, o maior problema&nbsp; \u00e9 n\u00e3o ter ciclovia, esse \u00e9 o maior perigo. A gente n\u00e3o pode andar no passeio, porque atrapalha os pedestres e nas ruas os carros amea\u00e7am atropelar&nbsp; a gente. Esse \u00e9 o maior problema tamb\u00e9m. Como n\u00e3o tem ciclovia, a gente tem que andar no meio da rua. Mas, eles n\u00e3o respeitam. A gente s\u00f3 consegue andar na Leite de Castro e na Col\u00f4nia, que s\u00e3o lugares com pouca movimenta\u00e7\u00e3o de carro e que as ruas s\u00e3o mais largas\u201d. Rafael Santadrea&nbsp;<\/p>\n\n\n\n<p>\u201cAs dificuldades est\u00e3o relacionadas ao p\u00e9ssimo tr\u00e2nsito da cidade. A falta de ciclovias tamb\u00e9m porque as ruas s\u00e3o p\u00e9ssimas pra andar, s\u00e3o desestruturadas e destroem a bicicleta. Minha bike, ontem, teve que fazer um monte de revis\u00e3o geral. At\u00e9 nas pr\u00f3prias estradas, n\u00e3o tem acostamento pra andar\u201d. David Verdolin&nbsp;<\/p>\n\n\n\n<p>\u201cComprar uma bike em S\u00e3o Jo\u00e3o del-Rei \u00e9 uma boa op\u00e7\u00e3o para estudantes, que n\u00e3o precisam pegar o \u00f4nibus, que muitas das vezes vem lotado. Mas ao mesmo tempo, \u00e9 muito complicado porque os motoristas n\u00e3o respeitam os ciclistas. Quando eu tenho que andar de bike aqui, percebo a falta de uma ciclovia, os carros passam muito colados. Se voc\u00ea der qualquer bobeada, pode se envolver em um acidente. Ent\u00e3o, de modo geral, andar de bike em S\u00e3o Jo\u00e3o \u00e9 perigoso.\u201d Jo\u00e3o Pedro Mendes&nbsp;<\/p>\n\n\n\n<p>\u201cPara mim, a maior dificuldade como ciclista em S\u00e3o Jo\u00e3o s\u00e3o as ruas porque s\u00e3o cheias de buracos, a falta de ciclovia para passar pela cidade porque a gente sempre passa muito perto dos carros e parece que os motoristas n\u00e3o respeitam.\u201d Dante Damke&nbsp;<\/p>\n\n\n\n<p>\u201cH\u00e1 diversos problemas para os ciclistas na cidade. O centro hist\u00f3rico, em especial, com suas ruas de pedra, estreitas e pouca sinaliza\u00e7\u00e3o, dificulta a mobilidade e p\u00f5e a seguran\u00e7a em risco, com pouco espa\u00e7o de escape dos ve\u00edculos. Devido ao relevo da cidade, muitos bairros s\u00e3o bastante \u00edngremes, o que torna o deslocamento com bicicletas tradicionais impratic\u00e1vel. H\u00e1 tamb\u00e9m o problema de n\u00e3o haver ciclovia na maior parte da cidade, e muitos motoristas n\u00e3o respeitam ou se atentam o suficiente aos ciclistas, que precisam trafegar nos cantos das ruas\u201d. Bruno Espindola Mattar<\/p>\n\n\n\n<p><\/p>\n","protected":false},"excerpt":{"rendered":"<p>Nesta semana a VAN se debru\u00e7a sobre a mobilidade urbana em S\u00e3o Jo\u00e3o del-Rei, e nessa primeira mat\u00e9ria, daremos foco \u00e0s bicicletas.<\/p>\n","protected":false},"author":2,"featured_media":12275,"comment_status":"open","ping_status":"open","sticky":false,"template":"","format":"standard","meta":{"_monsterinsights_skip_tracking":false,"_monsterinsights_sitenote_active":false,"_monsterinsights_sitenote_note":"","_monsterinsights_sitenote_category":0,"_themeisle_gutenberg_block_has_review":false,"cybocfi_hide_featured_image":"","footnotes":""},"categories":[696,17,3,689,16,109],"tags":[],"class_list":["post-12274","post","type-post","status-publish","format-standard","has-post-thumbnail","hentry","category-cidadania","category-cidade","category-cidades","category-ensaio-fotografico","category-esporte","category-sao-joao-del-rei-microrregiao-de-sao-joao-del-rei"],"_links":{"self":[{"href":"http:\/\/jornalismo.ufsj.edu.br\/van\/wp-json\/wp\/v2\/posts\/12274","targetHints":{"allow":["GET"]}}],"collection":[{"href":"http:\/\/jornalismo.ufsj.edu.br\/van\/wp-json\/wp\/v2\/posts"}],"about":[{"href":"http:\/\/jornalismo.ufsj.edu.br\/van\/wp-json\/wp\/v2\/types\/post"}],"author":[{"embeddable":true,"href":"http:\/\/jornalismo.ufsj.edu.br\/van\/wp-json\/wp\/v2\/users\/2"}],"replies":[{"embeddable":true,"href":"http:\/\/jornalismo.ufsj.edu.br\/van\/wp-json\/wp\/v2\/comments?post=12274"}],"version-history":[{"count":3,"href":"http:\/\/jornalismo.ufsj.edu.br\/van\/wp-json\/wp\/v2\/posts\/12274\/revisions"}],"predecessor-version":[{"id":12287,"href":"http:\/\/jornalismo.ufsj.edu.br\/van\/wp-json\/wp\/v2\/posts\/12274\/revisions\/12287"}],"wp:featuredmedia":[{"embeddable":true,"href":"http:\/\/jornalismo.ufsj.edu.br\/van\/wp-json\/wp\/v2\/media\/12275"}],"wp:attachment":[{"href":"http:\/\/jornalismo.ufsj.edu.br\/van\/wp-json\/wp\/v2\/media?parent=12274"}],"wp:term":[{"taxonomy":"category","embeddable":true,"href":"http:\/\/jornalismo.ufsj.edu.br\/van\/wp-json\/wp\/v2\/categories?post=12274"},{"taxonomy":"post_tag","embeddable":true,"href":"http:\/\/jornalismo.ufsj.edu.br\/van\/wp-json\/wp\/v2\/tags?post=12274"}],"curies":[{"name":"wp","href":"https:\/\/api.w.org\/{rel}","templated":true}]}}