{"id":12255,"date":"2023-05-08T18:22:27","date_gmt":"2023-05-08T21:22:27","guid":{"rendered":"https:\/\/jornalismo.ufsj.edu.br\/van\/?p=12255"},"modified":"2023-05-09T17:33:43","modified_gmt":"2023-05-09T20:33:43","slug":"mobilidade-va-de-plano-de-mobilidade-urbana","status":"publish","type":"post","link":"http:\/\/jornalismo.ufsj.edu.br\/van\/mobilidade-va-de-plano-de-mobilidade-urbana\/","title":{"rendered":"Mobilidade: V\u00e1 de Plano de Mobilidade Urbana."},"content":{"rendered":"\n<p>por Gabriel Rios, Anna Carolina Gomes e Mateus Castro<\/p>\n\n\n\n<p>      S\u00e3o Jo\u00e3o del-Rei enfrenta desafios em rela\u00e7\u00e3o a mobilidade urbana h\u00e1 muito tempo. Com problemas na sinaliza\u00e7\u00e3o, precariedade das vias e um aumento do n\u00famero de ve\u00edculos circulando pelas ruas, a cidade tem enfrentado congestionamentos, acidentes e problemas relacionados \u00e0 polui\u00e7\u00e3o. <\/p>\n\n\n\n<p>      Moradores e turistas da cidade, muitas vezes enfrentam dificuldades para se deslocar. Os \u00f4nibus do transporte p\u00fablico s\u00e3o limitados e o servi\u00e7o \u00e9 insuficiente para atender \u00e0s demandas da popula\u00e7\u00e3o, gerando filas, atrasos e superlota\u00e7\u00e3o em hor\u00e1rios de pico. <\/p>\n\n\n\n<p>     Al\u00e9m disso, a falta de ciclovias e a falta de conscientiza\u00e7\u00e3o dos motoristas em rela\u00e7\u00e3o aos ciclistas e pedestres, tornam a circula\u00e7\u00e3o de bicicletas e caminhadas uma atividade arriscada em muitas ruas da cidade. A falta de sinaliza\u00e7\u00e3o adequada e a falta de fiscaliza\u00e7\u00e3o tamb\u00e9m contribuem para a inseguran\u00e7a. <\/p>\n\n\n\n<p class=\"has-text-align-left\">       Pensando nisso, a prefeitura de S\u00e3o Jo\u00e3o del Rei promoveu, entre outubro e dezembro do ano de 2022, audi\u00eancias p\u00fablicas sobre mobilidade urbana. A iniciativa busca atualizar o Plano de Mobilidade Urbana, cumprindo um acordo entre a gest\u00e3o municipal e o Minist\u00e9rio P\u00fablico do Estado de Minas Gerais e atendendo \u00e0 lei federal que estabelece uma pol\u00edtica nacional de mobilidade urbana. As audi\u00eancias contaram com a participa\u00e7\u00e3o popular e a partir delas o plano come\u00e7ou a ser desenvolvido. <\/p>\n\n\n\n<p class=\"has-text-align-left\">         Em entrevista, Ludmilla Spagnollo, arquiteta e servidora da prefeitura, que integra a Comiss\u00e3o de Mobilidade Urbana de S\u00e3o Jo\u00e3o del Rei, explica que o plano, deve ser publicizado ap\u00f3s a apresenta\u00e7\u00e3o ao Minist\u00e9rio P\u00fablico Estadual, no dia 15 de maio deste ano. Segundo a servidora, os temas mais citados nas audi\u00eancias foram a seguran\u00e7a e a falta de educa\u00e7\u00e3o no tr\u00e2nsito, a seguran\u00e7a para caminhar e a conserva\u00e7\u00e3o das cal\u00e7adas. Para solucionar esses problemas, a ideia \u00e9 a constru\u00e7\u00e3o de lombadas, sem\u00e1foros inteligentes e radares nas localidades mais cr\u00edticas, de acordo com os dados de boletins de ocorr\u00eancia cedidos pela Pol\u00edcia Militar. <\/p>\n\n\n\n<p class=\"has-text-align-left\">      Sobre o transporte p\u00fablico, Ludmilla exp\u00f5e que, de acordo com uma pesquisa com os usu\u00e1rios de \u00f4nibus do munic\u00edpio, as maiores demandas s\u00e3o a amplia\u00e7\u00e3o de hor\u00e1rios aos finais de semana, a noite e nos hor\u00e1rios de pico, atrasos, manuten\u00e7\u00e3o, mais op\u00e7\u00f5es para a recarga de cart\u00e3o magn\u00e9tico, pontos de \u00f4nibus e sugest\u00f5es para nova licita\u00e7\u00e3o. No entanto, ela ressalta que a complexidade do tema exige tempo e amadurecimento, uma vez que uma nova licita\u00e7\u00e3o deve ser planejada para sanar os problemas a longo prazo. <\/p>\n\n\n\n<p class=\"has-text-align-left\">      Perguntada sobre como o novo Plano de Mobilidade Urbana do munic\u00edpio deve abordar a quest\u00e3o das bicicletas, a arquiteta afirma que o modal recebe total protagonismo, considerando o tamanho e a topografia da cidade, a sustentabilidade, melhoria do tr\u00e2nsito e da sa\u00fade de quem o utiliza. <\/p>\n\n\n\n<p class=\"has-text-align-left\">    Portanto, o plano prev\u00ea uma malha ciclovi\u00e1ria extensa passando pelas principais vias do munic\u00edpio e tamb\u00e9m interligando com o munic\u00edpio de Santa Cruz de Minas em parceria com a prefeitura da cidade vizinha.<\/p>\n\n\n\n<p class=\"has-text-align-left\">    J\u00e1 sobre a quest\u00e3o ambiental, a servidora esclarece que a redu\u00e7\u00e3o das emiss\u00f5es de g\u00e1s carb\u00f4nico \u00e9 um dos pilares principais do plano, por meio da valoriza\u00e7\u00e3o do transporte p\u00fablico, o incentivo ao transporte por bicicletas e caminhadas e a prefer\u00eancia por ve\u00edculos que n\u00e3o utilizem combust\u00edveis f\u00f3sseis. Trazendo tamb\u00e9m, a integra\u00e7\u00e3o de diferentes modais, como a liga\u00e7\u00e3o de ciclovias aos pontos de \u00f4nibus e biciclet\u00e1rios p\u00fablicos.<\/p>\n\n\n\n<figure class=\"wp-block-image size-full\"><img loading=\"lazy\" decoding=\"async\" width=\"768\" height=\"512\" src=\"http:\/\/jornalismo.ufsj.edu.br\/van\/wp-content\/uploads\/2023\/05\/IMG-20230505-WA0008-3.jpg\" alt=\"\" class=\"wp-image-12270\" srcset=\"http:\/\/jornalismo.ufsj.edu.br\/van\/wp-content\/uploads\/2023\/05\/IMG-20230505-WA0008-3.jpg 768w, http:\/\/jornalismo.ufsj.edu.br\/van\/wp-content\/uploads\/2023\/05\/IMG-20230505-WA0008-3-300x200.jpg 300w\" sizes=\"auto, (max-width: 768px) 100vw, 768px\" \/><\/figure>\n\n\n\n<p><em>Imagem: reprodu\u00e7\u00e3o de Vertentes Ag\u00eancia de Not\u00edcias (VAN-UFSJ)<\/em><\/p>\n","protected":false},"excerpt":{"rendered":"<p>S\u00e3o Jo\u00e3o del-Rei enfrenta desafios em rela\u00e7\u00e3o a mobilidade urbana h\u00e1 muito tempo. Com problemas na sinaliza\u00e7\u00e3o, congestionamento e polui\u00e7\u00e3o.<\/p>\n","protected":false},"author":2,"featured_media":12256,"comment_status":"open","ping_status":"open","sticky":false,"template":"","format":"standard","meta":{"_monsterinsights_skip_tracking":false,"_monsterinsights_sitenote_active":false,"_monsterinsights_sitenote_note":"","_monsterinsights_sitenote_category":0,"_themeisle_gutenberg_block_has_review":false,"cybocfi_hide_featured_image":"","footnotes":""},"categories":[368,696,17,18,15,109],"tags":[149,153,14],"class_list":["post-12255","post","type-post","status-publish","format-standard","has-post-thumbnail","hentry","category-agenda-van","category-cidadania","category-cidade","category-meio-ambiente","category-politica","category-sao-joao-del-rei-microrregiao-de-sao-joao-del-rei","tag-cidades","tag-politica","tag-sao-joao-del-rei"],"_links":{"self":[{"href":"http:\/\/jornalismo.ufsj.edu.br\/van\/wp-json\/wp\/v2\/posts\/12255","targetHints":{"allow":["GET"]}}],"collection":[{"href":"http:\/\/jornalismo.ufsj.edu.br\/van\/wp-json\/wp\/v2\/posts"}],"about":[{"href":"http:\/\/jornalismo.ufsj.edu.br\/van\/wp-json\/wp\/v2\/types\/post"}],"author":[{"embeddable":true,"href":"http:\/\/jornalismo.ufsj.edu.br\/van\/wp-json\/wp\/v2\/users\/2"}],"replies":[{"embeddable":true,"href":"http:\/\/jornalismo.ufsj.edu.br\/van\/wp-json\/wp\/v2\/comments?post=12255"}],"version-history":[{"count":10,"href":"http:\/\/jornalismo.ufsj.edu.br\/van\/wp-json\/wp\/v2\/posts\/12255\/revisions"}],"predecessor-version":[{"id":12296,"href":"http:\/\/jornalismo.ufsj.edu.br\/van\/wp-json\/wp\/v2\/posts\/12255\/revisions\/12296"}],"wp:featuredmedia":[{"embeddable":true,"href":"http:\/\/jornalismo.ufsj.edu.br\/van\/wp-json\/wp\/v2\/media\/12256"}],"wp:attachment":[{"href":"http:\/\/jornalismo.ufsj.edu.br\/van\/wp-json\/wp\/v2\/media?parent=12255"}],"wp:term":[{"taxonomy":"category","embeddable":true,"href":"http:\/\/jornalismo.ufsj.edu.br\/van\/wp-json\/wp\/v2\/categories?post=12255"},{"taxonomy":"post_tag","embeddable":true,"href":"http:\/\/jornalismo.ufsj.edu.br\/van\/wp-json\/wp\/v2\/tags?post=12255"}],"curies":[{"name":"wp","href":"https:\/\/api.w.org\/{rel}","templated":true}]}}