{"id":11707,"date":"2022-10-08T09:20:02","date_gmt":"2022-10-08T12:20:02","guid":{"rendered":"http:\/\/jornalismo.ufsj.edu.br\/van\/?p=11707"},"modified":"2022-10-08T09:21:49","modified_gmt":"2022-10-08T12:21:49","slug":"caminhabilidade-em-sao-joao-del-rei-a-busca-por-acessibilidade","status":"publish","type":"post","link":"http:\/\/jornalismo.ufsj.edu.br\/van\/caminhabilidade-em-sao-joao-del-rei-a-busca-por-acessibilidade\/","title":{"rendered":"Caminhabilidade em S\u00e3o Jo\u00e3o del-Rei: a busca por acessibilidade"},"content":{"rendered":"\n<p>Apesar de projetos da Prefeitura Municipal, a realidade de moradores s\u00e3o-joanenses com defici\u00eancia f\u00edsica \u00e9 preocupante.<\/p>\n\n\n\n<p class=\"has-text-align-right has-small-font-size\"><strong>Por Christopher Faria e Clarice Muscalu<\/strong><\/p>\n\n\n\n<p class=\"has-text-align-right has-small-font-size\"><strong>Revisado por: Samantha Souza<\/strong><\/p>\n\n\n\n<p>De acordo com o Instituto de Transportes de Pol\u00edticas e Desenvolvimento (ITPD), o termo \u201ccaminhabilidade\u201d pode ser compreendido como \u201ca medida em que as caracter\u00edsticas do ambiente urbano favorecem a sua utiliza\u00e7\u00e3o para deslocamentos a p\u00e9\u201d. Entende-se tamb\u00e9m nessa tem\u00e1tica a import\u00e2ncia da acessibilidade e da inclus\u00e3o.<\/p>\n\n\n\n<p>Em S\u00e3o Jo\u00e3o del-Rei, o t\u00f3pico da acessibilidade ainda \u00e9 um assunto pouco levantado. Segundo Cl\u00e1udio Dinali Lombelo, cadeirante, pesquisador e ativista do Grupo de Acessibilidade Arquitet\u00f4nica e Urban\u00edstica (GRAAU), a dificuldade de se deslocar pela cidade \u00e9 enorme e se d\u00e1 pela falta de rampas nas ruas e em pr\u00e9dios p\u00fablicos, pelas ruas esburacadas e por transportes p\u00fablicos inacess\u00edveis.<\/p>\n\n\n\n<p>-\u201c\u00c9 extremamente dif\u00edcil usufruir o meu direito de ir e vir\u201d, afirma Lombelo.<\/p>\n\n\n\n<p><\/p>\n\n\n\n<figure class=\"wp-block-image size-full is-resized\"><img loading=\"lazy\" decoding=\"async\" src=\"http:\/\/jornalismo.ufsj.edu.br\/van\/wp-content\/uploads\/2022\/10\/caminhabilidade-01.png\" alt=\"Cl\u00e1udio Lombelo com dificuldades para se locomover nas cal\u00e7adas da rua 21 de dezembro em S\u00e3o Jo\u00e3o del-Rei\" class=\"wp-image-11706\" width=\"839\" height=\"641\" srcset=\"http:\/\/jornalismo.ufsj.edu.br\/van\/wp-content\/uploads\/2022\/10\/caminhabilidade-01.png 389w, http:\/\/jornalismo.ufsj.edu.br\/van\/wp-content\/uploads\/2022\/10\/caminhabilidade-01-300x229.png 300w\" sizes=\"auto, (max-width: 839px) 100vw, 839px\" \/><figcaption>Cl\u00e1udio Lombelo com dificuldades para se locomover nas cal\u00e7adas da rua 21 de dezembro em S\u00e3o Jo\u00e3o del-Rei. Reprodu\u00e7\u00e3o\/Cl\u00e1udio Lombelo<\/figcaption><\/figure>\n\n\n\n<p><\/p>\n\n\n\n<p>Cl\u00e1udio relata algumas dificuldades quanto \u00e0 falta de acessibilidade na cidade. Em consultas m\u00e9dicas, por exemplo, o atendimento \u00e9 feito na rua devido ao espa\u00e7o mal planejado para sua cadeira de rodas. Ademais, afirma que n\u00e3o consegue participar das reuni\u00f5es p\u00fablicas na C\u00e2mara Municipal por n\u00e3o ser um ambiente acess\u00edvel e que isso \u00e9 decepcionante, uma vez que n\u00e3o pode exercer seu direito \u00e0 cidadania.<\/p>\n\n\n\n<p><\/p>\n\n\n\n<blockquote class=\"wp-block-quote is-layout-flow wp-block-quote-is-layout-flow\"><p><strong><em>&#8211; \u201c\u00c9 uma grande exclus\u00e3o n\u00e3o permitir que um cidad\u00e3o, que contribui com as suas obriga\u00e7\u00f5es municipais, n\u00e3o possa participar ativamente no seu munic\u00edpio\u201d, Cl\u00e1udio Lombelo.<\/em><\/strong><\/p><\/blockquote>\n\n\n\n<p><\/p>\n\n\n\n<figure class=\"wp-block-image size-full is-resized\"><img loading=\"lazy\" decoding=\"async\" src=\"http:\/\/jornalismo.ufsj.edu.br\/van\/wp-content\/uploads\/2022\/10\/caminhabilidade-02.png\" alt=\"Atendimento m\u00e9dico \u00e9 realizado na rua porque posto de sa\u00fade n\u00e3o comporta o tamanho da cadeira de rodas.\" class=\"wp-image-11705\" width=\"840\" height=\"536\" srcset=\"http:\/\/jornalismo.ufsj.edu.br\/van\/wp-content\/uploads\/2022\/10\/caminhabilidade-02.png 409w, http:\/\/jornalismo.ufsj.edu.br\/van\/wp-content\/uploads\/2022\/10\/caminhabilidade-02-300x191.png 300w\" sizes=\"auto, (max-width: 840px) 100vw, 840px\" \/><figcaption>Atendimento m\u00e9dico \u00e9 realizado na rua porque posto de sa\u00fade n\u00e3o comporta o tamanho da cadeira de rodas. Reprodu\u00e7\u00e3o\/Cl\u00e1udio Lombello <\/figcaption><\/figure>\n\n\n\n<p><\/p>\n\n\n\n<p>Nesse cen\u00e1rio, a prefeitura de S\u00e3o Jo\u00e3o del-Rei providenciou, em dezembro do ano passado, 98 cadeiras de rodas \u00e0s pessoas com defici\u00eancia. O intuito do projeto era estimular uma cidade mais acess\u00edvel. No entanto, os moradores, assim como Cl\u00e1udio, demonstraram insatisfa\u00e7\u00e3o com a iniciativa, dado que n\u00e3o solucionou efetivamente as quest\u00f5es de caminhabilidade para pessoas portadoras de defici\u00eancia.<\/p>\n\n\n\n<p>Em 2019, a Comiss\u00e3o de Mobilidade Urbana da prefeitura desenvolveu um Plano de Mobilidade Urbana atualizado, por\u00e9m n\u00e3o foram realizadas consultas p\u00fablicas ou audi\u00eancias em raz\u00e3o da pandemia da Covid-19. Na proposta, o plano seria a base para a abordagem da estrutura f\u00edsica das ruas, rampas e cal\u00e7adas. Fernanda Nascimento Corghi, professora do curso de Arquitetura e Urbanismo da Universidade Federal de S\u00e3o Jo\u00e3o Del Rei (UFSJ) e coordenadora do grupo &#8220;Design Para Todos\u201d, afirma que a topografia da cidade n\u00e3o se preocupa com o pedestre nem com o transporte p\u00fablico. Para ela, a cidade n\u00e3o tem um tra\u00e7ado coerente com a topografia, muito menos com as necessidades do ser humano.<\/p>\n\n\n\n<p><\/p>\n\n\n\n<figure class=\"wp-block-image size-full is-resized\"><img loading=\"lazy\" decoding=\"async\" src=\"http:\/\/jornalismo.ufsj.edu.br\/van\/wp-content\/uploads\/2022\/10\/caminhabilidade-03.png\" alt=\"Imagem ilustrativa do grupo \u201cDesign Para Todos\u201d\" class=\"wp-image-11704\" width=\"839\" height=\"788\" srcset=\"http:\/\/jornalismo.ufsj.edu.br\/van\/wp-content\/uploads\/2022\/10\/caminhabilidade-03.png 331w, http:\/\/jornalismo.ufsj.edu.br\/van\/wp-content\/uploads\/2022\/10\/caminhabilidade-03-300x282.png 300w\" sizes=\"auto, (max-width: 839px) 100vw, 839px\" \/><figcaption>Imagem ilustrativa do grupo \u201cDesign Para Todos\u201d \nReprodu\u00e7\u00e3o\/Instagram (@design_para_todos_)\n<\/figcaption><\/figure>\n\n\n\n<p><\/p>\n\n\n\n<p>Corghi afirma que as cal\u00e7adas n\u00e3o fazem uma boa transi\u00e7\u00e3o, nem com as ruas nem com os lotes, impedindo a locomo\u00e7\u00e3o dos cadeirantes:<\/p>\n\n\n\n<p>-\u201cO que temos na cidade s\u00e3o ilhas de acessibilidade, isso quando um lote sequer \u00e9 acess\u00edvel\u201d.<\/p>\n\n\n\n<p><\/p>\n\n\n\n<blockquote class=\"wp-block-quote is-layout-flow wp-block-quote-is-layout-flow\"><p><strong><em>&#8211; \u201cTemos uma cidade irregular, que cresce irregularmente, e que n\u00e3o tem impedimentos legais para isso.\u201d, Fernanda Nascimento Corghi.<\/em><\/strong><\/p><\/blockquote>\n\n\n\n<p><\/p>\n\n\n\n<p>*Quando procurada, a Secretaria Municipal de Infraestrutura Urbana e Obras n\u00e3o respondeu.<\/p>\n\n\n\n<p><\/p>\n\n\n\n<p><\/p>\n","protected":false},"excerpt":{"rendered":"<p>Apesar de projetos da Prefeitura Municipal, a realidade de moradores s\u00e3o-joanenses com defici\u00eancia f\u00edsica \u00e9 preocupante.<\/p>\n","protected":false},"author":2,"featured_media":11705,"comment_status":"closed","ping_status":"open","sticky":false,"template":"","format":"standard","meta":{"_monsterinsights_skip_tracking":false,"_monsterinsights_sitenote_active":false,"_monsterinsights_sitenote_note":"","_monsterinsights_sitenote_category":0,"_themeisle_gutenberg_block_has_review":false,"cybocfi_hide_featured_image":"yes","footnotes":""},"categories":[696,1],"tags":[755,754,14],"class_list":["post-11707","post","type-post","status-publish","format-standard","has-post-thumbnail","hentry","category-cidadania","category-sem-categoria","tag-acessibilidade","tag-cidadaniaa","tag-sao-joao-del-rei"],"_links":{"self":[{"href":"http:\/\/jornalismo.ufsj.edu.br\/van\/wp-json\/wp\/v2\/posts\/11707","targetHints":{"allow":["GET"]}}],"collection":[{"href":"http:\/\/jornalismo.ufsj.edu.br\/van\/wp-json\/wp\/v2\/posts"}],"about":[{"href":"http:\/\/jornalismo.ufsj.edu.br\/van\/wp-json\/wp\/v2\/types\/post"}],"author":[{"embeddable":true,"href":"http:\/\/jornalismo.ufsj.edu.br\/van\/wp-json\/wp\/v2\/users\/2"}],"replies":[{"embeddable":true,"href":"http:\/\/jornalismo.ufsj.edu.br\/van\/wp-json\/wp\/v2\/comments?post=11707"}],"version-history":[{"count":3,"href":"http:\/\/jornalismo.ufsj.edu.br\/van\/wp-json\/wp\/v2\/posts\/11707\/revisions"}],"predecessor-version":[{"id":11711,"href":"http:\/\/jornalismo.ufsj.edu.br\/van\/wp-json\/wp\/v2\/posts\/11707\/revisions\/11711"}],"wp:featuredmedia":[{"embeddable":true,"href":"http:\/\/jornalismo.ufsj.edu.br\/van\/wp-json\/wp\/v2\/media\/11705"}],"wp:attachment":[{"href":"http:\/\/jornalismo.ufsj.edu.br\/van\/wp-json\/wp\/v2\/media?parent=11707"}],"wp:term":[{"taxonomy":"category","embeddable":true,"href":"http:\/\/jornalismo.ufsj.edu.br\/van\/wp-json\/wp\/v2\/categories?post=11707"},{"taxonomy":"post_tag","embeddable":true,"href":"http:\/\/jornalismo.ufsj.edu.br\/van\/wp-json\/wp\/v2\/tags?post=11707"}],"curies":[{"name":"wp","href":"https:\/\/api.w.org\/{rel}","templated":true}]}}