{"id":115,"date":"2015-05-06T13:38:00","date_gmt":"2015-05-06T13:38:00","guid":{"rendered":"http:\/\/jornalismo.ufsj.edu.br\/van\/?p=115"},"modified":"2015-05-13T20:27:37","modified_gmt":"2015-05-13T20:27:37","slug":"santa-cruz-de-minas-e-palco-de-rock-e","status":"publish","type":"post","link":"http:\/\/jornalismo.ufsj.edu.br\/van\/santa-cruz-de-minas-e-palco-de-rock-e\/","title":{"rendered":"Santa Cruz de Minas \u00e9 palco de rock e motores"},"content":{"rendered":"<div class=\"separator\" style=\"clear: both; text-align: center;\"><a href=\"http:\/\/jornalismo.ufsj.edu.br\/van\/wp-content\/uploads\/2015\/05\/imagem-destacada.jpg\"><img loading=\"lazy\" decoding=\"async\" class=\"alignnone  wp-image-918\" src=\"http:\/\/jornalismo.ufsj.edu.br\/van\/wp-content\/uploads\/2015\/05\/imagem-destacada-300x198.jpg\" alt=\"imagem destacada\" width=\"348\" height=\"230\" srcset=\"http:\/\/jornalismo.ufsj.edu.br\/van\/wp-content\/uploads\/2015\/05\/imagem-destacada-300x198.jpg 300w, http:\/\/jornalismo.ufsj.edu.br\/van\/wp-content\/uploads\/2015\/05\/imagem-destacada.jpg 400w\" sizes=\"auto, (max-width: 348px) 100vw, 348px\" \/><\/a><\/div>\n<div class=\"separator\" style=\"clear: both; text-align: center;\"><\/div>\n<div class=\"separator\" style=\"clear: both; text-align: left;\">\u201cO intuito do encontro \u00e9 reunir os amigos, interagir com eles, e curtir o bom e velho Rock\u2019n Roll\u201d. Assim foi definido o objetivo do 2\u00ba Encontro de Motociclistas do Motoclube A\u00e7o Rider pelo organizador Carlos Alberto Peixoto, o Careca. O evento ocorreu no fim de semana, entre os dias 24 e 26 de abril, em Santa Cruz de Minas.<\/div>\n<div><\/div>\n<div style=\"text-align: justify;\">Os encontros de motociclistas na cidade trazem um legado de 12 anos, mas h\u00e1 dois o Motoclube A\u00e7o Rider conduz a festividade. O comerciante de 54 anos contou com o apoio da Prefeitura Municipal de Santa Cruz de Minas e do com\u00e9rcio regional.<\/div>\n<div style=\"text-align: justify;\">As expectativas eram muitas e foram concretizadas. O empres\u00e1rio Wallace Itaborahy, que participa h\u00e1 mais de um ano do encontro com seu grupo Benditos do Inferno, veio em busca de confraterniza\u00e7\u00e3o entre motociclistas e motoclubes, al\u00e9m de reencontrar os amigos<\/div>\n<div style=\"text-align: justify;\"><\/div>\n<div style=\"text-align: justify;\">O casal fundador do Fantasma da Estrada, Shina e Rosemairy Lopes Ferreira, ambos s\u00e3o-joanenses, j\u00e1 participam h\u00e1 sete anos e disseram que \u201co encontro com certeza vai encher\u201d e que \u201cem outros anos vieram pessoas de outros pa\u00edses da Am\u00e9rica Latina, como chilenos, por exemplo\u201d. A participa\u00e7\u00e3o de estrangeiros foi confirmada pelo Careca, que disse que peruanos tamb\u00e9m j\u00e1 vieram prestigiar o evento. O belo-horizontino Eduardo dos Santos Silva (43), hoje morador de S\u00e3o Jo\u00e3o del-Rei, fundador do Rota 494, j\u00e1 participa h\u00e1 tr\u00eas anos e desejou que esta edi\u00e7\u00e3o \u201cseja melhor de todas\u201d.<\/div>\n<div style=\"text-align: justify;\"><\/div>\n<div style=\"text-align: justify;\">Neste ano, 70 motoclubes se inscreveram, visto que no ano passado o dobro estava presente. Segundo o organizador, ocorreram mais tr\u00eas eventos do g\u00eanero em outras cidades, raz\u00e3o pela qual houve menos inscritos. Mas isso n\u00e3o impediu o sucesso: o com\u00e9rcio, o turismo e a economia local foram beneficiados com o 2\u00ba Encontro de Motociclistas do Motoclube A\u00e7o Rider, que no pr\u00f3ximo ano promete voltar com o mesmo vigor.<\/div>\n<div style=\"text-align: justify;\"><\/div>\n<div class=\"separator\" style=\"clear: both; text-align: center;\"><a style=\"margin-left: 1em; margin-right: 1em;\" href=\"http:\/\/1.bp.blogspot.com\/-Lw3X-Brb6Dc\/VUy8RQpTieI\/AAAAAAAAEus\/EgMt3Y7xd3M\/s1600\/11198843_662020707237818_1956080447_n.jpg\"><img loading=\"lazy\" decoding=\"async\" src=\"http:\/\/1.bp.blogspot.com\/-Lw3X-Brb6Dc\/VUy8RQpTieI\/AAAAAAAAEus\/EgMt3Y7xd3M\/s400\/11198843_662020707237818_1956080447_n.jpg\" alt=\"\" width=\"400\" height=\"300\" border=\"0\" \/><\/a><\/div>\n<div style=\"text-align: justify;\"><\/div>\n<div style=\"text-align: justify;\"><\/div>\n<div style=\"text-align: justify;\"><b>Saiba como foi<\/b><\/div>\n<div style=\"text-align: justify;\"><\/div>\n<div style=\"text-align: justify;\">A sexta-feira (24) foi marcada pelo show da banda AlieniiD, que trouxe cl\u00e1ssicos do rock internacional para a menor cidade do pa\u00eds. No s\u00e1bado (25) foi a vez das bandas Os-J\u00e3o Durock e Mais 80, que se apresentaram no palco da Pra\u00e7a S\u00e3o Sebasti\u00e3o, centro da cidade. Mais pilotos se inscreveram e encheram o local com suas motos e triciclos. Houve entrega de trof\u00e9us para motoclubes de diversas cidades e sorteios de v\u00e1rios brindes para os participantes.<\/div>\n<div style=\"text-align: justify;\"><\/div>\n<div style=\"text-align: justify;\">Na manh\u00e3 de domingo (26), os que vieram de cidades mais distantes acamparam no Clube 15 de Novembro e tomaram um caf\u00e9 fornecido pela prefeitura para depois \u201cpegarem a estrada\u201d.<\/div>\n<div style=\"text-align: justify;\"><\/div>\n<div style=\"text-align: justify;\">O supervisor de 53 anos, Cl\u00e1udio Carvalho, que acampou no clube e \u00e9 integrante do Diveneta, veio do Rio de Janeiro e ressaltou seu carinho por Minas Gerais:<\/div>\n<div style=\"text-align: justify;\"><\/div>\n<div style=\"text-align: justify;\">\u2013 \u201cGosto de cidades pequenas, mas pensei que n\u00e3o fosse encher. Assim, a participa\u00e7\u00e3o no evento superou as minhas expectativas. Ficou muito bom! Sou carioca, mas adoro Minas Gerais\u201d.<\/div>\n<div style=\"text-align: justify;\"><\/div>\n<div style=\"text-align: justify;\">A contadora L\u00facia Rocha, residente de Tr\u00eas Cora\u00e7\u00f5es e integrante do Rota 3, salientou:<\/div>\n<div style=\"text-align: justify;\">\u2013 \u201cJ\u00e1 conhecia o evento; viajo bastante e achei excelente! A estrutura daqui \u00e9 muito boa. O acolhimento e a organiza\u00e7\u00e3o tamb\u00e9m. A entrega dos trof\u00e9us, para mim, foi um diferencial. O encontro foi al\u00e9m das minhas expectativas\u201d.<\/div>\n<div style=\"text-align: justify;\"><\/div>\n<div style=\"text-align: justify;\">Texto: Emanuel Reis e Camilla Silva\/VAN<\/div>\n<div style=\"text-align: justify;\">Fotos: Emanuel Reis<\/div>\n<div style=\"text-align: justify;\"><\/div>\n","protected":false},"excerpt":{"rendered":"<p>\u201cO intuito do encontro \u00e9 reunir os amigos, interagir com eles, e curtir o bom e velho Rock\u2019n Roll\u201d. Assim foi definido o objetivo do 2\u00ba Encontro de Motociclistas do<\/p>\n","protected":false},"author":2,"featured_media":918,"comment_status":"open","ping_status":"open","sticky":false,"template":"","format":"standard","meta":{"_monsterinsights_skip_tracking":false,"_monsterinsights_sitenote_active":false,"_monsterinsights_sitenote_note":"","_monsterinsights_sitenote_category":0,"_themeisle_gutenberg_block_has_review":false,"cybocfi_hide_featured_image":"","footnotes":""},"categories":[12,8],"tags":[],"class_list":["post-115","post","type-post","status-publish","format-standard","has-post-thumbnail","hentry","category-santa-cruz-de-minas","category-variedades"],"_links":{"self":[{"href":"http:\/\/jornalismo.ufsj.edu.br\/van\/wp-json\/wp\/v2\/posts\/115","targetHints":{"allow":["GET"]}}],"collection":[{"href":"http:\/\/jornalismo.ufsj.edu.br\/van\/wp-json\/wp\/v2\/posts"}],"about":[{"href":"http:\/\/jornalismo.ufsj.edu.br\/van\/wp-json\/wp\/v2\/types\/post"}],"author":[{"embeddable":true,"href":"http:\/\/jornalismo.ufsj.edu.br\/van\/wp-json\/wp\/v2\/users\/2"}],"replies":[{"embeddable":true,"href":"http:\/\/jornalismo.ufsj.edu.br\/van\/wp-json\/wp\/v2\/comments?post=115"}],"version-history":[{"count":3,"href":"http:\/\/jornalismo.ufsj.edu.br\/van\/wp-json\/wp\/v2\/posts\/115\/revisions"}],"predecessor-version":[{"id":924,"href":"http:\/\/jornalismo.ufsj.edu.br\/van\/wp-json\/wp\/v2\/posts\/115\/revisions\/924"}],"wp:featuredmedia":[{"embeddable":true,"href":"http:\/\/jornalismo.ufsj.edu.br\/van\/wp-json\/wp\/v2\/media\/918"}],"wp:attachment":[{"href":"http:\/\/jornalismo.ufsj.edu.br\/van\/wp-json\/wp\/v2\/media?parent=115"}],"wp:term":[{"taxonomy":"category","embeddable":true,"href":"http:\/\/jornalismo.ufsj.edu.br\/van\/wp-json\/wp\/v2\/categories?post=115"},{"taxonomy":"post_tag","embeddable":true,"href":"http:\/\/jornalismo.ufsj.edu.br\/van\/wp-json\/wp\/v2\/tags?post=115"}],"curies":[{"name":"wp","href":"https:\/\/api.w.org\/{rel}","templated":true}]}}