{"id":11406,"date":"2022-08-31T00:04:22","date_gmt":"2022-08-31T03:04:22","guid":{"rendered":"https:\/\/jornalismo.ufsj.edu.br\/van\/?p=11406"},"modified":"2022-08-31T00:05:44","modified_gmt":"2022-08-31T03:05:44","slug":"vida-da-gente-zines-da-apac-feminina-2","status":"publish","type":"post","link":"http:\/\/jornalismo.ufsj.edu.br\/van\/vida-da-gente-zines-da-apac-feminina-2\/","title":{"rendered":"Vida da Gente: zines da APAC Feminina"},"content":{"rendered":"\n<p class=\"has-text-align-center\">2\u00ba edi\u00e7\u00e3o<\/p>\n\n\n\n<p><strong>Vida da Gente<\/strong> \u00e9 uma coluna quinzenal de divulga\u00e7\u00e3o dos zines\u00b9 produzidos pelas mulheres da Unidade Feminina da Associa\u00e7\u00e3o de Prote\u00e7\u00e3o e Assist\u00eancia ao Condenado (APAC) de S\u00e3o Jo\u00e3o del-Rei.<\/p>\n\n\n\n<p><\/p>\n\n\n\n<h2 class=\"wp-block-heading\"><strong><em>Minha hist\u00f3ria: a for\u00e7a<\/em>, de Jussara, julho de 2022.<\/strong><\/h2>\n\n\n\n<figure class=\"wp-block-gallery has-nested-images columns-default is-cropped wp-block-gallery-1 is-layout-flex wp-block-gallery-is-layout-flex\">\n<figure class=\"wp-block-image size-large\"><img loading=\"lazy\" decoding=\"async\" width=\"586\" height=\"794\" data-id=\"11413\" src=\"http:\/\/jornalismo.ufsj.edu.br\/van\/wp-content\/uploads\/2022\/08\/Jussara-1.jpg\" alt=\"\" class=\"wp-image-11413\" srcset=\"http:\/\/jornalismo.ufsj.edu.br\/van\/wp-content\/uploads\/2022\/08\/Jussara-1.jpg 586w, http:\/\/jornalismo.ufsj.edu.br\/van\/wp-content\/uploads\/2022\/08\/Jussara-1-221x300.jpg 221w\" sizes=\"auto, (max-width: 586px) 100vw, 586px\" \/><\/figure>\n\n\n\n<figure class=\"wp-block-image size-large\"><img loading=\"lazy\" decoding=\"async\" width=\"586\" height=\"794\" data-id=\"11414\" src=\"http:\/\/jornalismo.ufsj.edu.br\/van\/wp-content\/uploads\/2022\/08\/Jussara-2.jpg\" alt=\"\" class=\"wp-image-11414\" srcset=\"http:\/\/jornalismo.ufsj.edu.br\/van\/wp-content\/uploads\/2022\/08\/Jussara-2.jpg 586w, http:\/\/jornalismo.ufsj.edu.br\/van\/wp-content\/uploads\/2022\/08\/Jussara-2-221x300.jpg 221w\" sizes=\"auto, (max-width: 586px) 100vw, 586px\" \/><\/figure>\n<\/figure>\n\n\n\n<figure class=\"wp-block-gallery has-nested-images columns-default is-cropped wp-block-gallery-2 is-layout-flex wp-block-gallery-is-layout-flex\">\n<figure class=\"wp-block-image size-large\"><img loading=\"lazy\" decoding=\"async\" width=\"586\" height=\"794\" data-id=\"11415\" src=\"http:\/\/jornalismo.ufsj.edu.br\/van\/wp-content\/uploads\/2022\/08\/Jussara-3.jpg\" alt=\"\" class=\"wp-image-11415\" srcset=\"http:\/\/jornalismo.ufsj.edu.br\/van\/wp-content\/uploads\/2022\/08\/Jussara-3.jpg 586w, http:\/\/jornalismo.ufsj.edu.br\/van\/wp-content\/uploads\/2022\/08\/Jussara-3-221x300.jpg 221w\" sizes=\"auto, (max-width: 586px) 100vw, 586px\" \/><\/figure>\n\n\n\n<figure class=\"wp-block-image size-large\"><img loading=\"lazy\" decoding=\"async\" width=\"586\" height=\"794\" data-id=\"11416\" src=\"http:\/\/jornalismo.ufsj.edu.br\/van\/wp-content\/uploads\/2022\/08\/Jussara-4.jpg\" alt=\"\" class=\"wp-image-11416\" srcset=\"http:\/\/jornalismo.ufsj.edu.br\/van\/wp-content\/uploads\/2022\/08\/Jussara-4.jpg 586w, http:\/\/jornalismo.ufsj.edu.br\/van\/wp-content\/uploads\/2022\/08\/Jussara-4-221x300.jpg 221w\" sizes=\"auto, (max-width: 586px) 100vw, 586px\" \/><\/figure>\n\n\n\n<figure class=\"wp-block-image size-large\"><img loading=\"lazy\" decoding=\"async\" width=\"586\" height=\"794\" data-id=\"11417\" src=\"http:\/\/jornalismo.ufsj.edu.br\/van\/wp-content\/uploads\/2022\/08\/Jussara-5.jpg\" alt=\"\" class=\"wp-image-11417\" srcset=\"http:\/\/jornalismo.ufsj.edu.br\/van\/wp-content\/uploads\/2022\/08\/Jussara-5.jpg 586w, http:\/\/jornalismo.ufsj.edu.br\/van\/wp-content\/uploads\/2022\/08\/Jussara-5-221x300.jpg 221w\" sizes=\"auto, (max-width: 586px) 100vw, 586px\" \/><\/figure>\n\n\n\n<figure class=\"wp-block-image size-large\"><img loading=\"lazy\" decoding=\"async\" width=\"586\" height=\"794\" data-id=\"11418\" src=\"http:\/\/jornalismo.ufsj.edu.br\/van\/wp-content\/uploads\/2022\/08\/Jussara-6.jpg\" alt=\"\" class=\"wp-image-11418\" srcset=\"http:\/\/jornalismo.ufsj.edu.br\/van\/wp-content\/uploads\/2022\/08\/Jussara-6.jpg 586w, http:\/\/jornalismo.ufsj.edu.br\/van\/wp-content\/uploads\/2022\/08\/Jussara-6-221x300.jpg 221w\" sizes=\"auto, (max-width: 586px) 100vw, 586px\" \/><\/figure>\n\n\n\n<figure class=\"wp-block-image size-large\"><img loading=\"lazy\" decoding=\"async\" width=\"554\" height=\"794\" data-id=\"11419\" src=\"http:\/\/jornalismo.ufsj.edu.br\/van\/wp-content\/uploads\/2022\/08\/Jussara-7.jpg\" alt=\"\" class=\"wp-image-11419\" srcset=\"http:\/\/jornalismo.ufsj.edu.br\/van\/wp-content\/uploads\/2022\/08\/Jussara-7.jpg 554w, http:\/\/jornalismo.ufsj.edu.br\/van\/wp-content\/uploads\/2022\/08\/Jussara-7-209x300.jpg 209w\" sizes=\"auto, (max-width: 554px) 100vw, 554px\" \/><\/figure>\n\n\n\n<figure class=\"wp-block-image size-large\"><img loading=\"lazy\" decoding=\"async\" width=\"586\" height=\"794\" data-id=\"11420\" src=\"http:\/\/jornalismo.ufsj.edu.br\/van\/wp-content\/uploads\/2022\/08\/Jussara-8.jpg\" alt=\"\" class=\"wp-image-11420\" srcset=\"http:\/\/jornalismo.ufsj.edu.br\/van\/wp-content\/uploads\/2022\/08\/Jussara-8.jpg 586w, http:\/\/jornalismo.ufsj.edu.br\/van\/wp-content\/uploads\/2022\/08\/Jussara-8-221x300.jpg 221w\" sizes=\"auto, (max-width: 586px) 100vw, 586px\" \/><\/figure>\n<\/figure>\n\n\n\n<figure class=\"wp-block-pullquote has-medium-font-size\"><blockquote><p><strong>Transcri\u00e7\u00e3o de <em>Minha hist\u00f3ria: a for\u00e7a<\/em>, de Jussara<\/strong><\/p><p>\u201cEu, como qualquer outra crian\u00e7a, era muito feliz. At\u00e9 descobrir que o mundo n\u00e3o era toda aquela maravilha que eu achava. Quando crian\u00e7a, com mais ou menos 5 anos de idade, fui estuprada pelo meu pai\u2026 chato n\u00e9? Da\u00ed ent\u00e3o, fico procurando for\u00e7as para superar esse trauma.<\/p><p>Depois veio minha adolesc\u00eancia e ficou ainda mais dif\u00edcil, comecei a ter um relacionamento, onde tive um filho que hoje tem 19 anos. Foi uma rela\u00e7\u00e3o muito conturbada. Fiquei 7 anos com essa pessoa e ent\u00e3o nos separamos. A\u00ed veio o pior, conheci uma pessoa legal, mas era usu\u00e1ria de drogas. Eu n\u00e3o fazia, mas comecei a fazer o uso com essa pessoa, onde me relacionei. Depois de um tempo fomos morar juntos e com essa pessoa tive tr\u00eas filhos maravilhosos. S\u00f3 que infelizmente tive que me afastar deles, por minha depend\u00eancia de drogas. Ent\u00e3o a minha vida virou uma bagun\u00e7a. Separei do meu marido, cheguei a morar na rua, debaixo da ponte e em outros lugares, por exemplo: cal\u00e7adas. Cheguei no meu extremo.<\/p><p>De repente Deus enviou um anjo na minha vida, que no hoje \u00e9 a pessoa que estou. Uma pessoa maravilhosa que me faz enxergar o verdadeiro amor.<\/p><p>Amo meus filhos e a droga arrancou todos meus sonhos de t\u00ea-los de volta. E essa pessoa, usada por Deus, me devolveu a vontade de ter meus filhos e a vontade de querer viver. N\u00e3o vou entrar em detalhes por que estou aqui na pris\u00e3o, mas foi a melhor coisa que Deus pode fazer na minha vida.<\/p><p>As minhas loucuras sempre ficaram marcadas, na mente dos loucos e na ignor\u00e2ncia dos caretas!!!\u201d<\/p><\/blockquote><\/figure>\n\n\n\n<p>Mediadas por Taisa Maria Laviani\u00b2, as oficinas de zines realizadas na APAC Feminina de SJDR tem como objetivo abrir espa\u00e7o para o di\u00e1logo, a reflex\u00e3o, o fazer manual, a criatividade e a autoralidade, a partir da pr\u00e1tica art\u00edstica e comunicativa, bem como promover a circula\u00e7\u00e3o dessas narrativas e cria\u00e7\u00f5es atrav\u00e9s da coluna <a href=\"http:\/\/jornalismo.ufsj.edu.br\/van\/category\/vida-da-gente\/\"><strong>Vida da Gente<\/strong><\/a>.<\/p>\n\n\n\n<p>Erguer a voz a partir de seu lugar no mundo \u00e9 um ato de poder existir, se reconhecer e ser reconhecido. E o que as mulheres em situa\u00e7\u00e3o de priva\u00e7\u00e3o de liberdade tem a nos dizer? A nos mostrar? Fique de olho!<\/p>\n\n\n\n<p><\/p>\n\n\n\n<p class=\"has-small-font-size\"><strong>Notas<\/strong><\/p>\n\n\n\n<p class=\"has-small-font-size\">\u00b9 O <em>Fanzine<\/em>, ou simplesmente <em>zine<\/em>, \u00e9 uma publica\u00e7\u00e3o independente. Um zine \u00e9 um ve\u00edculo de comunica\u00e7\u00e3o (assim como o jornal, livro, revista, gibi, etc.) que pode assumir qualquer formato, abordar qualquer tema e ser publicado por qualquer pessoa, com os mais baixos recursos. Por isso, segue \u00e0 risca o lema \u201cfa\u00e7a voc\u00ea mesmo!\u201d.<\/p>\n\n\n\n<p class=\"has-small-font-size\">\u00b2 Taisa Maria Laviani \u00e9 formada em Ci\u00eancias Sociais, pela Universidade Estadual Paulista, zineira e mestranda do Programa Interdepartamental de P\u00f3s-gradua\u00e7\u00e3o Interdisciplinar em Artes Urbanidades e Sustentabilidade, da UFSJ.<\/p>\n","protected":false},"excerpt":{"rendered":"<p>Eu, como qualquer outra crian\u00e7a, era muito feliz. At\u00e9 descobrir que o mundo n\u00e3o era toda aquela maravilha que eu achava.<\/p>\n","protected":false},"author":2,"featured_media":11413,"comment_status":"closed","ping_status":"open","sticky":false,"template":"","format":"standard","meta":{"_monsterinsights_skip_tracking":false,"_monsterinsights_sitenote_active":false,"_monsterinsights_sitenote_note":"","_monsterinsights_sitenote_category":0,"_themeisle_gutenberg_block_has_review":false,"cybocfi_hide_featured_image":"yes","footnotes":""},"categories":[746],"tags":[747,14,748],"class_list":["post-11406","post","type-post","status-publish","format-standard","has-post-thumbnail","hentry","category-vida-da-gente","tag-apac-feminina","tag-sao-joao-del-rei","tag-zine"],"_links":{"self":[{"href":"http:\/\/jornalismo.ufsj.edu.br\/van\/wp-json\/wp\/v2\/posts\/11406","targetHints":{"allow":["GET"]}}],"collection":[{"href":"http:\/\/jornalismo.ufsj.edu.br\/van\/wp-json\/wp\/v2\/posts"}],"about":[{"href":"http:\/\/jornalismo.ufsj.edu.br\/van\/wp-json\/wp\/v2\/types\/post"}],"author":[{"embeddable":true,"href":"http:\/\/jornalismo.ufsj.edu.br\/van\/wp-json\/wp\/v2\/users\/2"}],"replies":[{"embeddable":true,"href":"http:\/\/jornalismo.ufsj.edu.br\/van\/wp-json\/wp\/v2\/comments?post=11406"}],"version-history":[{"count":7,"href":"http:\/\/jornalismo.ufsj.edu.br\/van\/wp-json\/wp\/v2\/posts\/11406\/revisions"}],"predecessor-version":[{"id":11487,"href":"http:\/\/jornalismo.ufsj.edu.br\/van\/wp-json\/wp\/v2\/posts\/11406\/revisions\/11487"}],"wp:featuredmedia":[{"embeddable":true,"href":"http:\/\/jornalismo.ufsj.edu.br\/van\/wp-json\/wp\/v2\/media\/11413"}],"wp:attachment":[{"href":"http:\/\/jornalismo.ufsj.edu.br\/van\/wp-json\/wp\/v2\/media?parent=11406"}],"wp:term":[{"taxonomy":"category","embeddable":true,"href":"http:\/\/jornalismo.ufsj.edu.br\/van\/wp-json\/wp\/v2\/categories?post=11406"},{"taxonomy":"post_tag","embeddable":true,"href":"http:\/\/jornalismo.ufsj.edu.br\/van\/wp-json\/wp\/v2\/tags?post=11406"}],"curies":[{"name":"wp","href":"https:\/\/api.w.org\/{rel}","templated":true}]}}