{"id":11382,"date":"2022-08-29T21:26:52","date_gmt":"2022-08-30T00:26:52","guid":{"rendered":"https:\/\/jornalismo.ufsj.edu.br\/van\/?p=11382"},"modified":"2022-08-29T21:26:54","modified_gmt":"2022-08-30T00:26:54","slug":"sao-joao-del-rei-preserva-sua-tradicao-de-cidade-onde-os-sinos-falam","status":"publish","type":"post","link":"http:\/\/jornalismo.ufsj.edu.br\/van\/sao-joao-del-rei-preserva-sua-tradicao-de-cidade-onde-os-sinos-falam\/","title":{"rendered":"S\u00e3o Jo\u00e3o del-Rei preserva sua tradi\u00e7\u00e3o de \u201ccidade onde os sinos falam\u201d"},"content":{"rendered":"\n<p class=\"has-text-align-right\"><em>Por David Augusto e Rafael Oliveira<\/em><\/p>\n\n\n\n<p><\/p>\n\n\n\n<p>A cidade que mant\u00e9m a sua tradi\u00e7\u00e3o viva desde o s\u00e9culo XVII, tem tamb\u00e9m como atributo ser reconhecida por ter o primeiro Museu dos Sinos no Brasil.<\/p>\n\n\n\n<p>Com registros de todo o processo, desde a sua fabrica\u00e7\u00e3o at\u00e9 sua chegada na Igreja, o Museu retrata os esfor\u00e7os, assim como caracter\u00edsticas do of\u00edcio de sineiros, t\u00e3o forte em S\u00e3o Jo\u00e3o del-Rei. Tamb\u00e9m mostra in\u00fameros momentos religiosos em que os sinos se comunicam, sendo alguns inusitados.&nbsp;<\/p>\n\n\n\n<p><strong>Museu dos sinos \u201cSentinelas Sonoras\u201d<\/strong><\/p>\n\n\n\n<p>Fica localizado na Igreja de Nossa Senhora do Carmo o Museu dos Sinos, chamado de \u201cSentinelas Sonoras\u201d; O projeto foi idealizado pelo arquiteto s\u00e3o-joanense Andr\u00e9 D\u2019\u00e2ngelo, a partir de uma pesquisa feita por ele mesmo, sobre a hist\u00f3ria dos sinos e o significado de seus toques.<\/p>\n\n\n\n<p>O museu conta com uma exibi\u00e7\u00e3o que passa por 4 eixos: a Hist\u00f3ria dos Sinos no mundo ocidental, a fabrica\u00e7\u00e3o dos sinos e sua condi\u00e7\u00e3o de&nbsp; instrumento musical; os sineiros de S\u00e3o Jo\u00e3o del-Rei; e a linguagem dos sinos. E ainda conta com uma exposi\u00e7\u00e3o de sinos de bronze \u00fanica no Brasil.<\/p>\n\n\n\n<p><strong>Batismo do sino \u201cJo\u00e3o da Cruz\u201d<\/strong><\/p>\n\n\n\n<figure class=\"wp-block-image size-full is-resized\"><img loading=\"lazy\" decoding=\"async\" src=\"http:\/\/jornalismo.ufsj.edu.br\/van\/wp-content\/uploads\/2022\/08\/O-Batismo-do-sino-Joao-da-Cruz.jpg\" alt=\"O Batismo do sino Jo\u00e3o da Cruz\" class=\"wp-image-11383\" width=\"840\" height=\"559\" srcset=\"http:\/\/jornalismo.ufsj.edu.br\/van\/wp-content\/uploads\/2022\/08\/O-Batismo-do-sino-Joao-da-Cruz.jpg 512w, http:\/\/jornalismo.ufsj.edu.br\/van\/wp-content\/uploads\/2022\/08\/O-Batismo-do-sino-Joao-da-Cruz-300x200.jpg 300w\" sizes=\"auto, (max-width: 840px) 100vw, 840px\" \/><figcaption>O Batismo do sino Jo\u00e3o da Cruz. Foto: Laura Pereira<\/figcaption><\/figure>\n\n\n\n<p>Melodioso, contido e amigo, o sino nos remete a seu car\u00e1ter efetivamente religioso. Ele \u00e9 uma verdadeira obra de arte, pela simplicidade de seus tra\u00e7os, eleg\u00e2ncia de suas propor\u00e7\u00f5es e encantamento de suas notas.&nbsp;&nbsp;<\/p>\n\n\n\n<p>A Igreja de Nossa Senhora do Carmo tamb\u00e9m recebeu, no dia 15 de maio, seu novo sino, nomeado como \u201cJo\u00e3o da Cruz\u201d e pesando 750 quilos. Antes de ser colocado na torre direita da Igreja, o sino passou por uma cerim\u00f4nia de batismo realizada pelo Bispo Diocesano, Dom Jos\u00e9 Eudes Campos do Nascimento.<\/p>\n\n\n\n<p>Ap\u00f3s o batismo, o sino \u201cJo\u00e3o da Cruz\u201d est\u00e1 pronto para cumprir seu papel de s\u00edmbolo santo das celebra\u00e7\u00f5es lit\u00fargicas da Igreja e, literalmente, falar com o povo de S\u00e3o Jo\u00e3o del-Rei.<\/p>\n\n\n\n<p>E al\u00e9m de ocorrer essa tradi\u00e7\u00e3o do Batismo do Sino, durante o per\u00edodo quaresmal, especificamente, no fim de semana do quarto domingo do m\u00eas, ocorre a tradicional \u201cBatalha dos Sinos\u201d.<\/p>\n\n\n\n<p>No quarto domingo, acontece a festa dos Passos, que se inicia na sexta-feira, onde a imagem de Nossa Senhora das Dores deixa a Catedral Bas\u00edlica de Nossa Senhora do Pilar e \u00e9 entregue na Igreja de Nossa Senhora do Carmo. No s\u00e1bado, a imagem do Senhor Bom Jesus dos Passos do mesmo modo deixa a Catedral do Pilar e segue para a Igreja de S\u00e3o Francisco de Assis. E no domingo, as duas imagens se encontram em frente \u00e0 Igreja de Nossa Senhora das Merc\u00eas, revivendo o encontro de Jesus com Santa Maria, na prociss\u00e3o do Encontro.<\/p>\n\n\n\n<p>Essa batalha se d\u00e1 pois os sineiros da Catedral do Pilar est\u00e3o pedindo a imagem de volta e os sineiros da Igreja do Carmo n\u00e3o querem devolver, diante disso, eles acabam usando os sinos como uma forma para se comunicar. A batalha atrai um p\u00fablico bastante diversificado e curioso, que observa encantado as voltas que os sinos d\u00e3o.<\/p>\n\n\n\n<p>Para conhecer o Museu dos Sinos ou mesmo entender um pouco mais sobre essa tradi\u00e7\u00e3o centen\u00e1ria, \u00e9 poss\u00edvel visitar a Igreja Nossa Senhora do Carmo onde a exposi\u00e7\u00e3o fica instalada. Al\u00e9m disso, esse patrim\u00f4nio imaterial da cidade onde os sinos falam \u00e9 s\u00f3 um detalhe do quanto S\u00e3o Jo\u00e3o del-Rei pode promover em cultura.&nbsp;<\/p>\n","protected":false},"excerpt":{"rendered":"<p>A cidade que mant\u00e9m a sua tradi\u00e7\u00e3o viva desde o s\u00e9culo XVII, tem tamb\u00e9m como atributo ser reconhecida por ter o primeiro Museu dos Sinos no Brasil.<\/p>\n","protected":false},"author":2,"featured_media":11383,"comment_status":"closed","ping_status":"open","sticky":false,"template":"","format":"standard","meta":{"_monsterinsights_skip_tracking":false,"_monsterinsights_sitenote_active":false,"_monsterinsights_sitenote_note":"","_monsterinsights_sitenote_category":0,"_themeisle_gutenberg_block_has_review":false,"cybocfi_hide_featured_image":"yes","footnotes":""},"categories":[10,109],"tags":[152,14],"class_list":["post-11382","post","type-post","status-publish","format-standard","has-post-thumbnail","hentry","category-cronica","category-sao-joao-del-rei-microrregiao-de-sao-joao-del-rei","tag-cultura","tag-sao-joao-del-rei"],"_links":{"self":[{"href":"http:\/\/jornalismo.ufsj.edu.br\/van\/wp-json\/wp\/v2\/posts\/11382","targetHints":{"allow":["GET"]}}],"collection":[{"href":"http:\/\/jornalismo.ufsj.edu.br\/van\/wp-json\/wp\/v2\/posts"}],"about":[{"href":"http:\/\/jornalismo.ufsj.edu.br\/van\/wp-json\/wp\/v2\/types\/post"}],"author":[{"embeddable":true,"href":"http:\/\/jornalismo.ufsj.edu.br\/van\/wp-json\/wp\/v2\/users\/2"}],"replies":[{"embeddable":true,"href":"http:\/\/jornalismo.ufsj.edu.br\/van\/wp-json\/wp\/v2\/comments?post=11382"}],"version-history":[{"count":1,"href":"http:\/\/jornalismo.ufsj.edu.br\/van\/wp-json\/wp\/v2\/posts\/11382\/revisions"}],"predecessor-version":[{"id":11384,"href":"http:\/\/jornalismo.ufsj.edu.br\/van\/wp-json\/wp\/v2\/posts\/11382\/revisions\/11384"}],"wp:featuredmedia":[{"embeddable":true,"href":"http:\/\/jornalismo.ufsj.edu.br\/van\/wp-json\/wp\/v2\/media\/11383"}],"wp:attachment":[{"href":"http:\/\/jornalismo.ufsj.edu.br\/van\/wp-json\/wp\/v2\/media?parent=11382"}],"wp:term":[{"taxonomy":"category","embeddable":true,"href":"http:\/\/jornalismo.ufsj.edu.br\/van\/wp-json\/wp\/v2\/categories?post=11382"},{"taxonomy":"post_tag","embeddable":true,"href":"http:\/\/jornalismo.ufsj.edu.br\/van\/wp-json\/wp\/v2\/tags?post=11382"}],"curies":[{"name":"wp","href":"https:\/\/api.w.org\/{rel}","templated":true}]}}