{"id":11275,"date":"2022-07-11T17:45:01","date_gmt":"2022-07-11T20:45:01","guid":{"rendered":"http:\/\/jornalismo.ufsj.edu.br\/van\/?p=11275"},"modified":"2022-07-11T17:46:46","modified_gmt":"2022-07-11T20:46:46","slug":"8a-mostra-de-artesanato-e-cultura-de-resende-costa-reune-talento-de-artesaos","status":"publish","type":"post","link":"http:\/\/jornalismo.ufsj.edu.br\/van\/8a-mostra-de-artesanato-e-cultura-de-resende-costa-reune-talento-de-artesaos\/","title":{"rendered":"8\u00aa Mostra de Artesanato e Cultura de Resende Costa re\u00fane talento de artes\u00e3os"},"content":{"rendered":"\n<p class=\"has-text-align-left\"><em>De 17 a 19 de Junho aconteceu a 8\u00aa edi\u00e7\u00e3o da Mostra de Artesanato e Cultura de Resende Costa. O evento valorizou o trabalho e talento dos artes\u00e3os que consagraram a cidade como Capital Mineira do Artesanato T\u00eaxtil, t\u00edtulo garantido pela Assembleia Legislativa de Minas Gerais em 2021. A produ\u00e7\u00e3o de t\u00eaxtil feita com o tear manual \u00e9 uma tradi\u00e7\u00e3o de mais de um s\u00e9culo em Resende Costa. O of\u00edcio \u00e9 passado de gera\u00e7\u00e3o em gera\u00e7\u00e3o, sendo parte da identidade do povo resende-costense. O tear, inclusive, \u00e9 um patrim\u00f4nio imaterial do munic\u00edpio.<\/em><\/p>\n\n\n\n<figure class=\"wp-block-embed is-type-video is-provider-youtube wp-block-embed-youtube wp-embed-aspect-16-9 wp-has-aspect-ratio\"><div class=\"wp-block-embed__wrapper\">\n<iframe loading=\"lazy\" title=\"Artesanato   Resende Costa\" width=\"640\" height=\"360\" src=\"https:\/\/www.youtube.com\/embed\/bZka8C14ZPQ?feature=oembed\" frameborder=\"0\" allow=\"accelerometer; autoplay; clipboard-write; encrypted-media; gyroscope; picture-in-picture; web-share\" referrerpolicy=\"strict-origin-when-cross-origin\" allowfullscreen><\/iframe>\n<\/div><\/figure>\n","protected":false},"excerpt":{"rendered":"<p>De 17 a 19 de Junho aconteceu a 8\u00aa edi\u00e7\u00e3o da Mostra de Artesanato e Cultura de Resende Costa. O evento valorizou o trabalho e talento dos artes\u00e3os que consagraram a cidade como Capital Mineira do Artesanato T\u00eaxtil, t\u00edtulo garantido pela Assembleia Legislativa de Minas Gerais em 2021.<\/p>\n","protected":false},"author":2,"featured_media":11271,"comment_status":"closed","ping_status":"open","sticky":false,"template":"","format":"standard","meta":{"_monsterinsights_skip_tracking":false,"_monsterinsights_sitenote_active":false,"_monsterinsights_sitenote_note":"","_monsterinsights_sitenote_category":0,"_themeisle_gutenberg_block_has_review":false,"cybocfi_hide_featured_image":"yes","footnotes":""},"categories":[13,29],"tags":[114,152,164,736],"class_list":["post-11275","post","type-post","status-publish","format-standard","has-post-thumbnail","hentry","category-cultura","category-resende-costa","tag-artesanato-e-cultura","tag-cultura","tag-resende-costa","tag-textil"],"_links":{"self":[{"href":"http:\/\/jornalismo.ufsj.edu.br\/van\/wp-json\/wp\/v2\/posts\/11275","targetHints":{"allow":["GET"]}}],"collection":[{"href":"http:\/\/jornalismo.ufsj.edu.br\/van\/wp-json\/wp\/v2\/posts"}],"about":[{"href":"http:\/\/jornalismo.ufsj.edu.br\/van\/wp-json\/wp\/v2\/types\/post"}],"author":[{"embeddable":true,"href":"http:\/\/jornalismo.ufsj.edu.br\/van\/wp-json\/wp\/v2\/users\/2"}],"replies":[{"embeddable":true,"href":"http:\/\/jornalismo.ufsj.edu.br\/van\/wp-json\/wp\/v2\/comments?post=11275"}],"version-history":[{"count":7,"href":"http:\/\/jornalismo.ufsj.edu.br\/van\/wp-json\/wp\/v2\/posts\/11275\/revisions"}],"predecessor-version":[{"id":11293,"href":"http:\/\/jornalismo.ufsj.edu.br\/van\/wp-json\/wp\/v2\/posts\/11275\/revisions\/11293"}],"wp:featuredmedia":[{"embeddable":true,"href":"http:\/\/jornalismo.ufsj.edu.br\/van\/wp-json\/wp\/v2\/media\/11271"}],"wp:attachment":[{"href":"http:\/\/jornalismo.ufsj.edu.br\/van\/wp-json\/wp\/v2\/media?parent=11275"}],"wp:term":[{"taxonomy":"category","embeddable":true,"href":"http:\/\/jornalismo.ufsj.edu.br\/van\/wp-json\/wp\/v2\/categories?post=11275"},{"taxonomy":"post_tag","embeddable":true,"href":"http:\/\/jornalismo.ufsj.edu.br\/van\/wp-json\/wp\/v2\/tags?post=11275"}],"curies":[{"name":"wp","href":"https:\/\/api.w.org\/{rel}","templated":true}]}}