{"id":11207,"date":"2022-01-27T10:52:00","date_gmt":"2022-01-27T13:52:00","guid":{"rendered":"https:\/\/jornalismo.ufsj.edu.br\/van\/?p=11207"},"modified":"2022-02-04T11:45:37","modified_gmt":"2022-02-04T14:45:37","slug":"mec-semana-pedagogica-2022","status":"publish","type":"post","link":"http:\/\/jornalismo.ufsj.edu.br\/van\/mec-semana-pedagogica-2022\/","title":{"rendered":"MEC: Semana Pedag\u00f3gica 2022"},"content":{"rendered":"\n<p class=\"has-text-align-right\">Texto: Louise Zin<br>Revis\u00e3o: Samantha Souza<\/p>\n\n\n\n<p>O Minist\u00e9rio da Educa\u00e7\u00e3o (MEC) est\u00e1 promovendo, desde segunda (24), at\u00e9 sexta-feira (28), a Semana Pedag\u00f3gica 2022. O evento est\u00e1 sendo totalmente online, no canal do <a href=\"https:\/\/www.youtube.com\/c\/ministeriodaeducacao_MEC\">youtube do MEC<\/a>, com lives que se iniciam \u00e0s 15h e v\u00e3o at\u00e9 18h.<\/p>\n\n\n\n<p>Em nota, o MEC afirma que o objetivo do evento \u00e9 informar as redes de ensino e escolas p\u00fablicas das a\u00e7\u00f5es e iniciativas disponibilizadas pelo minist\u00e9rio durante o ano, para enfrentamento dos impactos gerados pela pandemia, al\u00e9m da aplica\u00e7\u00e3o da oferta e eleva\u00e7\u00e3o da qualidade da educa\u00e7\u00e3o.<\/p>\n\n\n\n<figure class=\"wp-block-image size-large\"><img loading=\"lazy\" decoding=\"async\" width=\"1024\" height=\"1024\" src=\"https:\/\/jornalismo.ufsj.edu.br\/van\/wp-content\/uploads\/2022\/01\/272207089_322805786426249_5540863153121736660_n-1024x1024.jpg\" alt=\"\" class=\"wp-image-11208\" srcset=\"http:\/\/jornalismo.ufsj.edu.br\/van\/wp-content\/uploads\/2022\/01\/272207089_322805786426249_5540863153121736660_n-1024x1024.jpg 1024w, http:\/\/jornalismo.ufsj.edu.br\/van\/wp-content\/uploads\/2022\/01\/272207089_322805786426249_5540863153121736660_n-300x300.jpg 300w, http:\/\/jornalismo.ufsj.edu.br\/van\/wp-content\/uploads\/2022\/01\/272207089_322805786426249_5540863153121736660_n-150x150.jpg 150w, http:\/\/jornalismo.ufsj.edu.br\/van\/wp-content\/uploads\/2022\/01\/272207089_322805786426249_5540863153121736660_n-768x768.jpg 768w, http:\/\/jornalismo.ufsj.edu.br\/van\/wp-content\/uploads\/2022\/01\/272207089_322805786426249_5540863153121736660_n.jpg 1080w\" sizes=\"auto, (max-width: 1024px) 100vw, 1024px\" \/><figcaption>Foto de divulga\u00e7\u00e3o<\/figcaption><\/figure>\n\n\n\n<p><\/p>\n\n\n\n<p>As atividades propostas incluem desde a educa\u00e7\u00e3o infantil \u00e0 educa\u00e7\u00e3o de jovens e adultos (EJA). A programa\u00e7\u00e3o \u00e9 inteiramente direcionada a secret\u00e1rios municipais, diretores de escolas, professores, supervisores e equipes pedag\u00f3gicas.<\/p>\n\n\n\n<p>Mauro Rabelo, secret\u00e1rio de Educa\u00e7\u00e3o B\u00e1sica, afirma que colocou o MEC \u00e0 disposi\u00e7\u00e3o para fornecer informa\u00e7\u00f5es sobre o retorno. \u201cSobretudo aquelas que podem apoi\u00e1-los no enfrentamento dos impactos da pandemia para cada uma das diferentes etapas e modalidades\u201d.<\/p>\n\n\n\n<p>Na segunda, foram abordados temas como diagn\u00f3stico e planejamento, a\u00e7\u00f5es de conectividade, o impacto dos programas de apoio ao atendimento educacional especializado na educa\u00e7\u00e3o b\u00e1sica e avalia\u00e7\u00f5es diagn\u00f3sticas.<\/p>\n\n\n\n<p>J\u00e1 na ter\u00e7a-feira, os temas foram voltados para a rela\u00e7\u00e3o entre educa\u00e7\u00e3o e fam\u00edlia, forma\u00e7\u00e3o para gestores e professoras, educa\u00e7\u00e3o bil\u00edngue de surdos, as diretrizes atuais da EJA, EJA integrada e tamb\u00e9m os impactos da pandemia e o retorno do presencial, tamb\u00e9m com foco na educa\u00e7\u00e3o de jovens e adultos.<\/p>\n\n\n\n<p>Na quarta, os temas foram voltados para o ensino m\u00e9dio e suas modifica\u00e7\u00f5es, assim como rede de inova\u00e7\u00f5es para aprendizagem h\u00edbrida.<\/p>\n\n\n\n<p>Hoje os temas falam sobre o ensino fundamental, avalia\u00e7\u00f5es diagn\u00f3sticas, acompanhamento personalidade e sobre o edital de inova\u00e7\u00e3o.<\/p>\n\n\n\n<p>Para participar \u00e9 s\u00f3 acessar o canal do <a href=\"https:\/\/www.youtube.com\/c\/ministeriodaeducacao_MEC\">MEC no youtube<\/a>, n\u00e3o \u00e9 necess\u00e1rio se inscrever. Tamb\u00e9m \u00e9 poss\u00edvel acessar o cronograma do evento <a href=\"https:\/\/www.gov.br\/mec\/pt-br\/media\/acesso_informacacao\/doc\/ROTEIROFINAL24.01.22AJUSTES.docx\">aqui<\/a>.<\/p>\n","protected":false},"excerpt":{"rendered":"<p>O Minist\u00e9rio da Educa\u00e7\u00e3o (MEC) est\u00e1 promovendo, desde segunda, (24), at\u00e9 sexta-feira (28), a Semana Pedag\u00f3gica 2022. O evento est\u00e1 sendo totalmente online no canal do youtube do MEC, com lives que se iniciam \u00e0s 15h e v\u00e3o at\u00e9 \u00e0s 18h.<\/p>\n","protected":false},"author":2,"featured_media":11208,"comment_status":"closed","ping_status":"open","sticky":false,"template":"","format":"standard","meta":{"_monsterinsights_skip_tracking":false,"_monsterinsights_sitenote_active":false,"_monsterinsights_sitenote_note":"","_monsterinsights_sitenote_category":0,"_themeisle_gutenberg_block_has_review":false,"cybocfi_hide_featured_image":"yes","footnotes":""},"categories":[1],"tags":[],"class_list":["post-11207","post","type-post","status-publish","format-standard","has-post-thumbnail","hentry","category-sem-categoria"],"_links":{"self":[{"href":"http:\/\/jornalismo.ufsj.edu.br\/van\/wp-json\/wp\/v2\/posts\/11207","targetHints":{"allow":["GET"]}}],"collection":[{"href":"http:\/\/jornalismo.ufsj.edu.br\/van\/wp-json\/wp\/v2\/posts"}],"about":[{"href":"http:\/\/jornalismo.ufsj.edu.br\/van\/wp-json\/wp\/v2\/types\/post"}],"author":[{"embeddable":true,"href":"http:\/\/jornalismo.ufsj.edu.br\/van\/wp-json\/wp\/v2\/users\/2"}],"replies":[{"embeddable":true,"href":"http:\/\/jornalismo.ufsj.edu.br\/van\/wp-json\/wp\/v2\/comments?post=11207"}],"version-history":[{"count":2,"href":"http:\/\/jornalismo.ufsj.edu.br\/van\/wp-json\/wp\/v2\/posts\/11207\/revisions"}],"predecessor-version":[{"id":11212,"href":"http:\/\/jornalismo.ufsj.edu.br\/van\/wp-json\/wp\/v2\/posts\/11207\/revisions\/11212"}],"wp:featuredmedia":[{"embeddable":true,"href":"http:\/\/jornalismo.ufsj.edu.br\/van\/wp-json\/wp\/v2\/media\/11208"}],"wp:attachment":[{"href":"http:\/\/jornalismo.ufsj.edu.br\/van\/wp-json\/wp\/v2\/media?parent=11207"}],"wp:term":[{"taxonomy":"category","embeddable":true,"href":"http:\/\/jornalismo.ufsj.edu.br\/van\/wp-json\/wp\/v2\/categories?post=11207"},{"taxonomy":"post_tag","embeddable":true,"href":"http:\/\/jornalismo.ufsj.edu.br\/van\/wp-json\/wp\/v2\/tags?post=11207"}],"curies":[{"name":"wp","href":"https:\/\/api.w.org\/{rel}","templated":true}]}}