{"id":11112,"date":"2021-12-13T18:42:54","date_gmt":"2021-12-13T21:42:54","guid":{"rendered":"http:\/\/jornalismo.ufsj.edu.br\/van\/?p=11112"},"modified":"2021-12-13T18:42:55","modified_gmt":"2021-12-13T21:42:55","slug":"encerra-o-prazo-para-cadastramento-escolar-em-minas-gerais","status":"publish","type":"post","link":"http:\/\/jornalismo.ufsj.edu.br\/van\/encerra-o-prazo-para-cadastramento-escolar-em-minas-gerais\/","title":{"rendered":"Encerra o prazo para cadastramento escolar em Minas Gerais"},"content":{"rendered":"\n<p class=\"has-text-align-right\"><strong>Texto <\/strong>Arthur do Vale<\/p>\n\n\n\n<p class=\"has-text-align-right\"><strong>Revis\u00e3o: <\/strong>Samantha Souza<\/p>\n\n\n\n<p><\/p>\n\n\n\n<figure class=\"wp-block-image size-full is-resized\"><img loading=\"lazy\" decoding=\"async\" src=\"http:\/\/jornalismo.ufsj.edu.br\/van\/wp-content\/uploads\/2021\/12\/e-e-joao-dos-santos.png\" alt=\"Escola Estadual Jo\u00e3o dos Santos\" class=\"wp-image-11111\" width=\"838\" height=\"628\" srcset=\"http:\/\/jornalismo.ufsj.edu.br\/van\/wp-content\/uploads\/2021\/12\/e-e-joao-dos-santos.png 602w, http:\/\/jornalismo.ufsj.edu.br\/van\/wp-content\/uploads\/2021\/12\/e-e-joao-dos-santos-300x225.png 300w, http:\/\/jornalismo.ufsj.edu.br\/van\/wp-content\/uploads\/2021\/12\/e-e-joao-dos-santos-200x150.png 200w\" sizes=\"auto, (max-width: 838px) 100vw, 838px\" \/><figcaption>Foto: Facebook Escola Estadual Jo\u00e3o dos Santos\/Divulga\u00e7\u00e3o<\/figcaption><\/figure>\n\n\n\n<p>O prazo para cadastramento no Sistema \u00danico de Cadastramento e Encaminhamento para Matr\u00edcula (SUCEM) das escolas p\u00fablicas do estado de Minas Gerais foi encerrado na \u00faltima sexta-feira, dia 10 de dezembro.<\/p>\n\n\n\n<p>De acordo com o Subsecret\u00e1rio de Articula\u00e7\u00e3o Educacional da Secretaria Estadual de Educa\u00e7\u00e3o (SEE-MG), Igor Alvarenga, o cadastramento escolar \u00e9 direcionado aos alunos que v\u00e3o ingressar na rede p\u00fablica de ensino do estado, seja no ensino fundamental ou m\u00e9dio.<\/p>\n\n\n\n<p>Ricardo Santos,&nbsp; aluno do 1\u00b0 ano do ensino m\u00e9dio, j\u00e1 fez sua inscri\u00e7\u00e3o e nos conta:<\/p>\n\n\n\n<p>-\u201cEstou ansioso para entrar no Ensino M\u00e9dio depois de dois anos no remoto. J\u00e1 tinha meus documentos todos reunidos e foi bem f\u00e1cil fazer meu cadastro no sistema da secretaria\u201d.<\/p>\n\n\n\n<p>O cadastramento beneficiou, tamb\u00e9m, estudantes que pleiteavam vagas de transfer\u00eancia entre escolas, alunos ingressantes no sistema de Educa\u00e7\u00e3o de Jovens e Adultos (EJA) e aqueles que pretendiam entrar em cursos da educa\u00e7\u00e3o profissional.<\/p>\n","protected":false},"excerpt":{"rendered":"<p>Texto Arthur do Vale Revis\u00e3o: Samantha Souza O prazo para cadastramento no Sistema \u00danico de Cadastramento e Encaminhamento para Matr\u00edcula (SUCEM) das escolas p\u00fablicas do estado de Minas Gerais foi<\/p>\n","protected":false},"author":2,"featured_media":11111,"comment_status":"closed","ping_status":"open","sticky":false,"template":"","format":"standard","meta":{"_monsterinsights_skip_tracking":false,"_monsterinsights_sitenote_active":false,"_monsterinsights_sitenote_note":"","_monsterinsights_sitenote_category":0,"_themeisle_gutenberg_block_has_review":false,"cybocfi_hide_featured_image":"yes","footnotes":""},"categories":[387],"tags":[32,14],"class_list":["post-11112","post","type-post","status-publish","format-standard","has-post-thumbnail","hentry","category-educacao","tag-educacao","tag-sao-joao-del-rei"],"_links":{"self":[{"href":"http:\/\/jornalismo.ufsj.edu.br\/van\/wp-json\/wp\/v2\/posts\/11112","targetHints":{"allow":["GET"]}}],"collection":[{"href":"http:\/\/jornalismo.ufsj.edu.br\/van\/wp-json\/wp\/v2\/posts"}],"about":[{"href":"http:\/\/jornalismo.ufsj.edu.br\/van\/wp-json\/wp\/v2\/types\/post"}],"author":[{"embeddable":true,"href":"http:\/\/jornalismo.ufsj.edu.br\/van\/wp-json\/wp\/v2\/users\/2"}],"replies":[{"embeddable":true,"href":"http:\/\/jornalismo.ufsj.edu.br\/van\/wp-json\/wp\/v2\/comments?post=11112"}],"version-history":[{"count":2,"href":"http:\/\/jornalismo.ufsj.edu.br\/van\/wp-json\/wp\/v2\/posts\/11112\/revisions"}],"predecessor-version":[{"id":11114,"href":"http:\/\/jornalismo.ufsj.edu.br\/van\/wp-json\/wp\/v2\/posts\/11112\/revisions\/11114"}],"wp:featuredmedia":[{"embeddable":true,"href":"http:\/\/jornalismo.ufsj.edu.br\/van\/wp-json\/wp\/v2\/media\/11111"}],"wp:attachment":[{"href":"http:\/\/jornalismo.ufsj.edu.br\/van\/wp-json\/wp\/v2\/media?parent=11112"}],"wp:term":[{"taxonomy":"category","embeddable":true,"href":"http:\/\/jornalismo.ufsj.edu.br\/van\/wp-json\/wp\/v2\/categories?post=11112"},{"taxonomy":"post_tag","embeddable":true,"href":"http:\/\/jornalismo.ufsj.edu.br\/van\/wp-json\/wp\/v2\/tags?post=11112"}],"curies":[{"name":"wp","href":"https:\/\/api.w.org\/{rel}","templated":true}]}}