{"id":11013,"date":"2021-11-12T17:48:03","date_gmt":"2021-11-12T20:48:03","guid":{"rendered":"http:\/\/jornalismo.ufsj.edu.br\/van\/?p=11013"},"modified":"2021-11-13T16:32:51","modified_gmt":"2021-11-13T19:32:51","slug":"vamos-falar-sobre-autismo","status":"publish","type":"post","link":"http:\/\/jornalismo.ufsj.edu.br\/van\/vamos-falar-sobre-autismo\/","title":{"rendered":"Vamos falar sobre autismo?"},"content":{"rendered":"\n<p class=\"has-text-align-right\">Texto: Louise Zin<\/p>\n\n\n\n<p class=\"has-text-align-right\">Revis\u00e3o: Samantha Souza<\/p>\n\n\n\n<p><\/p>\n\n\n\n<p>Nos dias 4 e 5 de novembro, aconteceu o &#8220;<a href=\"https:\/\/www.youtube.com\/c\/PintandooSettingUFSJ\">V Encontro de Psican\u00e1lise &#8211; Autismos: Modalidades de La\u00e7os do Sujeito<\/a>&#8220;. O evento online foi organizado pelo programa <a href=\"https:\/\/www.instagram.com\/pintandoosetting\/\">Pintando o Setting: Cl\u00ednica do Autismo<\/a>. Al\u00e9m da abertura com os coordenadores do programa, o Dr. Roberto Calazans e a Dra. Maria Gl\u00e1ucia P. Calzavara, o evento contou com 3 mesas. A primeira, que ocorreu no dia 4, com a Dra. Kelly Cristina Brand\u00e3o e a Ma. Jaquelina Vieira Rangel, abordou o tema &#8220;Educa\u00e7\u00e3o e Inclus\u00e3o&#8221;. J\u00e1 no dia 5, com a tem\u00e1tica &#8220;Autismo e Fam\u00edlia&#8221;, palestraram o Dr. Roberto Calazans e a Ma. J\u00e9ssyca Carvalho. A terceira e \u00faltima mesa, composta pela Dra. In\u00eas Cat\u00e3o e Dra. Maria Eug\u00eania Pesaro, abordou o tema &#8220;A Cl\u00ednica do Autismo com Beb\u00eas&#8221;.<\/p>\n\n\n\n<figure class=\"wp-block-image size-full is-resized\"><img loading=\"lazy\" decoding=\"async\" src=\"http:\/\/jornalismo.ufsj.edu.br\/van\/wp-content\/uploads\/2021\/11\/v-encontro-de-psicanalise.png\" alt=\"V Encontro de Psican\u00e1lise - Autismos: Modalidades de La\u00e7os do Sujeito\" class=\"wp-image-11012\" width=\"840\" height=\"211\" srcset=\"http:\/\/jornalismo.ufsj.edu.br\/van\/wp-content\/uploads\/2021\/11\/v-encontro-de-psicanalise.png 602w, http:\/\/jornalismo.ufsj.edu.br\/van\/wp-content\/uploads\/2021\/11\/v-encontro-de-psicanalise-300x75.png 300w\" sizes=\"auto, (max-width: 840px) 100vw, 840px\" \/><figcaption>Imagem de divulga\u00e7\u00e3o<\/figcaption><\/figure>\n\n\n\n<p>De acordo com o Manual de Diagn\u00f3stico DSM-5, o transtorno do espectro autista (TEA) tem um diagn\u00f3stico fluido, variando em n\u00edveis e sintomas apresentados em cada caso. \u00c9 frequentemente associado com um comprometimento no intelecto e fala, gerando preconceito e exclus\u00e3o do indiv\u00edduo na comunidade. \u00c9 importante enfatizar que o transtorno do espectro autista se encaixa em um grupo chamado Transtornos Invasivos do Desenvolvimento. Estes est\u00e3o ligados aos mecanismos cerebrais de sociabilidade, o que faz com que pessoas dentro do espectro tenham mais dificuldade em se desenvolver no meio social, cognitivamente e na \u00e1rea da comunica\u00e7\u00e3o, o que pode trazer preju\u00edzos para intera\u00e7\u00f5es sociais. <\/p>\n\n\n\n<p>J\u00e9ssyca Carvalho, Psic\u00f3loga Cl\u00ednica pela UFSJ e integrante do Programa de Extens\u00e3o Pintando o Setting, ressalta que eventos como este trazem \u00e0 tona v\u00e1rias quest\u00f5es que podem esclarecer impasses comuns no discurso sobre autismo, pois, segundo ela, a psican\u00e1lise amplia os horizontes e prepara para um processo de desestimatiga\u00e7\u00e3o, que \u00e9 fundamental para o conv\u00edvio social de uma pessoa no espectro e seus familiares. Ela ainda afirma que o diagn\u00f3stico autista sempre gera impactos n\u00e3o apenas para o indiv\u00edduo, mas tamb\u00e9m para sua fam\u00edlia.<\/p>\n\n\n\n<figure class=\"wp-block-image size-full is-resized\"><img loading=\"lazy\" decoding=\"async\" src=\"http:\/\/jornalismo.ufsj.edu.br\/van\/wp-content\/uploads\/2021\/11\/Autismos-Modalidades-de-Lacos-do-Sujeito-1.png\" alt=\"Autismos Modalidades de La\u00e7os do Sujeito\" class=\"wp-image-11017\" width=\"839\" height=\"472\" srcset=\"http:\/\/jornalismo.ufsj.edu.br\/van\/wp-content\/uploads\/2021\/11\/Autismos-Modalidades-de-Lacos-do-Sujeito-1.png 602w, http:\/\/jornalismo.ufsj.edu.br\/van\/wp-content\/uploads\/2021\/11\/Autismos-Modalidades-de-Lacos-do-Sujeito-1-300x169.png 300w\" sizes=\"auto, (max-width: 839px) 100vw, 839px\" \/><figcaption>Reprodu\u00e7\u00e3o: \u201cAutismos: Modalidades de La\u00e7os do Sujeito\u201d<\/figcaption><\/figure>\n\n\n\n<p><\/p>\n\n\n\n<p>Daniele Muffato, presidente da <a href=\"https:\/\/www.instagram.com\/aspasjdr\/\">ASPAS &#8211; Associa\u00e7\u00e3o Pr\u00f3 Autistas<\/a>, afirma que os temas abordados no evento s\u00e3o de grande import\u00e2ncia, especialmente, porque trazem a discuss\u00e3o da inser\u00e7\u00e3o do autista na sociedade. Ela afirma que as fam\u00edlias que chegam em seu projeto s\u00e3o munidas de informa\u00e7\u00f5es, principalmente, para que o medo que envolve o estere\u00f3tipo do diagn\u00f3stico n\u00e3o se concretize. A entrevistada destaca que as fam\u00edlias, assim como as pessoas dentro do espectro, devem ser acolhidas, cuidadas e protegidas.<\/p>\n\n\n\n<figure class=\"wp-block-image size-full is-resized\"><img loading=\"lazy\" decoding=\"async\" src=\"http:\/\/jornalismo.ufsj.edu.br\/van\/wp-content\/uploads\/2021\/11\/Autismos-Modalidades-de-Lacos-do-Sujeito.png\" alt=\"Autismos: Modalidades de La\u00e7os do Sujeito\" class=\"wp-image-11014\" width=\"839\" height=\"472\" srcset=\"http:\/\/jornalismo.ufsj.edu.br\/van\/wp-content\/uploads\/2021\/11\/Autismos-Modalidades-de-Lacos-do-Sujeito.png 602w, http:\/\/jornalismo.ufsj.edu.br\/van\/wp-content\/uploads\/2021\/11\/Autismos-Modalidades-de-Lacos-do-Sujeito-300x169.png 300w\" sizes=\"auto, (max-width: 839px) 100vw, 839px\" \/><figcaption>Reprodu\u00e7\u00e3o: \u201cAutismos: Modalidades de La\u00e7os do Sujeito\u201d<\/figcaption><\/figure>\n\n\n\n<p>Renata Gon\u00e7alves, doutoranda em Psicologia pela UFSJ e integrante do Projeto Pintando o Setting, foi a mediadora do evento, ela conta que sua experi\u00eancia foi surpreendente: <\/p>\n\n\n\n<p>\u2014 &#8220;Fiz parte da organiza\u00e7\u00e3o do evento junto a outros colegas integrantes do projeto e aos professores Roberto Calazans e Glaucia Calzavara. Desde o in\u00edcio, pensamos em estruturar o evento com mesas que dialogassem entre si e que trouxessem quest\u00f5es relevantes como educa\u00e7\u00e3o, inclus\u00e3o, fam\u00edlias e cl\u00ednica com beb\u00eas. As quest\u00f5es pontuais e atuais tratadas nas mesas possibilitaram que tiv\u00e9ssemos um retorno positivo do p\u00fablico. Fiquei surpresa e contente com o feedback daqueles que estiveram presente e que nos procuraram para dialogar ap\u00f3s nosso evento.&#8221;<\/p>\n\n\n\n<p>Sobre a import\u00e2ncia de eventos como esse, Daniele afirma: <\/p>\n\n\n\n<p>\u2014 \u201cO movimento de conscientiza\u00e7\u00e3o sobre o autismo \u00e9 importante para toda a comunidade, pois ele explica o que \u00e9 o autismo e como se manifesta, mesmo que se manifeste em cada um de uma forma. Ensina a todos n\u00f3s a refletir e a aprender a lidar com as quest\u00f5es mais complexas do TEA, principalmente trazendo o pr\u00f3prio autista para esse lugar de fala.\u201d<\/p>\n","protected":false},"excerpt":{"rendered":"<p>Nos dias 4 e 5 de novembro, aconteceu o &#8220;V Encontro de Psican\u00e1lise &#8211; Autismos: Modalidades de La\u00e7os do Sujeito&#8221;. O evento online foi organizado pelo programa Pintando o Setting: Cl\u00ednica do Autismo.<\/p>\n","protected":false},"author":2,"featured_media":11012,"comment_status":"closed","ping_status":"open","sticky":false,"template":"","format":"standard","meta":{"_monsterinsights_skip_tracking":false,"_monsterinsights_sitenote_active":false,"_monsterinsights_sitenote_note":"","_monsterinsights_sitenote_category":0,"_themeisle_gutenberg_block_has_review":false,"cybocfi_hide_featured_image":"yes","footnotes":""},"categories":[710,21],"tags":[14,159],"class_list":["post-11013","post","type-post","status-publish","format-standard","has-post-thumbnail","hentry","category-campo-dos-vertentes","category-saude","tag-sao-joao-del-rei","tag-saude"],"_links":{"self":[{"href":"http:\/\/jornalismo.ufsj.edu.br\/van\/wp-json\/wp\/v2\/posts\/11013","targetHints":{"allow":["GET"]}}],"collection":[{"href":"http:\/\/jornalismo.ufsj.edu.br\/van\/wp-json\/wp\/v2\/posts"}],"about":[{"href":"http:\/\/jornalismo.ufsj.edu.br\/van\/wp-json\/wp\/v2\/types\/post"}],"author":[{"embeddable":true,"href":"http:\/\/jornalismo.ufsj.edu.br\/van\/wp-json\/wp\/v2\/users\/2"}],"replies":[{"embeddable":true,"href":"http:\/\/jornalismo.ufsj.edu.br\/van\/wp-json\/wp\/v2\/comments?post=11013"}],"version-history":[{"count":2,"href":"http:\/\/jornalismo.ufsj.edu.br\/van\/wp-json\/wp\/v2\/posts\/11013\/revisions"}],"predecessor-version":[{"id":11020,"href":"http:\/\/jornalismo.ufsj.edu.br\/van\/wp-json\/wp\/v2\/posts\/11013\/revisions\/11020"}],"wp:featuredmedia":[{"embeddable":true,"href":"http:\/\/jornalismo.ufsj.edu.br\/van\/wp-json\/wp\/v2\/media\/11012"}],"wp:attachment":[{"href":"http:\/\/jornalismo.ufsj.edu.br\/van\/wp-json\/wp\/v2\/media?parent=11013"}],"wp:term":[{"taxonomy":"category","embeddable":true,"href":"http:\/\/jornalismo.ufsj.edu.br\/van\/wp-json\/wp\/v2\/categories?post=11013"},{"taxonomy":"post_tag","embeddable":true,"href":"http:\/\/jornalismo.ufsj.edu.br\/van\/wp-json\/wp\/v2\/tags?post=11013"}],"curies":[{"name":"wp","href":"https:\/\/api.w.org\/{rel}","templated":true}]}}