{"id":11008,"date":"2021-11-11T17:26:17","date_gmt":"2021-11-11T20:26:17","guid":{"rendered":"http:\/\/jornalismo.ufsj.edu.br\/van\/?p=11008"},"modified":"2021-11-13T12:18:32","modified_gmt":"2021-11-13T15:18:32","slug":"homenagem-ao-dia-da-consciencia-negra-alba-bomfim-rege-osusp","status":"publish","type":"post","link":"http:\/\/jornalismo.ufsj.edu.br\/van\/homenagem-ao-dia-da-consciencia-negra-alba-bomfim-rege-osusp\/","title":{"rendered":"Homenagem ao Dia da Consci\u00eancia Negra: Alba Bomfim rege Osusp"},"content":{"rendered":"\n<p class=\"has-text-align-right\">Texto: Samantha Souza<\/p>\n\n\n\n<p class=\"has-text-align-right\">Revis\u00e3o: Samantha Souza<\/p>\n\n\n\n<p><\/p>\n\n\n\n<p>Na pr\u00f3xima sexta-feira, 12, a Orquestra Sinf\u00f4nica da USP, sob reg\u00eancia de Alba Bomfim, far\u00e1 um concerto no Anfiteatro Camargo Guarnieri, em homenagem ao Dia da Consci\u00eancia Negra.<\/p>\n\n\n\n<p>A programa\u00e7\u00e3o contar\u00e1 com a&nbsp;<em>Abertura em R\u00e9<\/em>, de Padre Jos\u00e9 Maur\u00edcio Nunes Garcia, a&nbsp;<em>Sonata em R\u00e9 \u201cBurrico de Pau\u201d<\/em>, de Ant\u00f4nio Carlos Gomes, e duas estreias mundiais: a&nbsp;<em>Su\u00edte Franco-Brasileira<\/em>, de Renan Mendes, com o solista Lucas Martins, egresso da USP e estudante na Su\u00ed\u00e7a, e a&nbsp;<em>Sinfonietta Concertante para orquestra de c\u00e2mara<\/em>, de Jo\u00e3o Rocha.<\/p>\n\n\n\n<figure class=\"wp-block-image size-full is-resized\"><img loading=\"lazy\" decoding=\"async\" src=\"http:\/\/jornalismo.ufsj.edu.br\/van\/wp-content\/uploads\/2021\/11\/alba-bomfim.jpg\" alt=\"Maestra Alba Bomfim\" class=\"wp-image-11009\" width=\"843\" height=\"452\"\/><figcaption>Maestra Alba Bomfim regendo \u2013 Acervo Pessoal de Alba Bomfim<\/figcaption><\/figure>\n\n\n\n<p><\/p>\n\n\n\n<p>Esta ser\u00e1 a primeira vez que a maestra Alba Bomfim rege em S\u00e3o Paulo. Nascida no Rio de Janeiro, Alba venceu o Pr\u00eamio Eleazar de Carvalho para Regentes em 2009. Desde 2012, Alba Bomfim \u00e9 professora de reg\u00eancia da Universidade Federal do Piau\u00ed.<\/p>\n\n\n\n<figure class=\"wp-block-audio\"><audio controls src=\"http:\/\/jornalismo.ufsj.edu.br\/van\/wp-content\/uploads\/2021\/11\/alba-bomfim.mp3\"><\/audio><\/figure>\n\n\n\n<p><\/p>\n\n\n\n<figure class=\"wp-block-video\"><video height=\"480\" style=\"aspect-ratio: 848 \/ 480;\" width=\"848\" controls src=\"http:\/\/jornalismo.ufsj.edu.br\/van\/wp-content\/uploads\/2021\/11\/alba-bomfim.mp4\"><\/video><\/figure>\n","protected":false},"excerpt":{"rendered":"<p>Na pr\u00f3xima sexta-feira, 12, a Orquestra Sinf\u00f4nica da USP, sob reg\u00eancia de Alba Bomfim, far\u00e1 um concerto no Anfiteatro Camargo Guarnieri, em homenagem ao Dia da Consci\u00eancia Negra.<\/p>\n","protected":false},"author":2,"featured_media":11009,"comment_status":"closed","ping_status":"open","sticky":false,"template":"","format":"standard","meta":{"_monsterinsights_skip_tracking":false,"_monsterinsights_sitenote_active":false,"_monsterinsights_sitenote_note":"","_monsterinsights_sitenote_category":0,"_themeisle_gutenberg_block_has_review":false,"cybocfi_hide_featured_image":"yes","footnotes":""},"categories":[728,13,704],"tags":[152],"class_list":["post-11008","post","type-post","status-publish","format-standard","has-post-thumbnail","hentry","category-consciencia-negra","category-cultura","category-entretenimento","tag-cultura"],"_links":{"self":[{"href":"http:\/\/jornalismo.ufsj.edu.br\/van\/wp-json\/wp\/v2\/posts\/11008","targetHints":{"allow":["GET"]}}],"collection":[{"href":"http:\/\/jornalismo.ufsj.edu.br\/van\/wp-json\/wp\/v2\/posts"}],"about":[{"href":"http:\/\/jornalismo.ufsj.edu.br\/van\/wp-json\/wp\/v2\/types\/post"}],"author":[{"embeddable":true,"href":"http:\/\/jornalismo.ufsj.edu.br\/van\/wp-json\/wp\/v2\/users\/2"}],"replies":[{"embeddable":true,"href":"http:\/\/jornalismo.ufsj.edu.br\/van\/wp-json\/wp\/v2\/comments?post=11008"}],"version-history":[{"count":2,"href":"http:\/\/jornalismo.ufsj.edu.br\/van\/wp-json\/wp\/v2\/posts\/11008\/revisions"}],"predecessor-version":[{"id":11019,"href":"http:\/\/jornalismo.ufsj.edu.br\/van\/wp-json\/wp\/v2\/posts\/11008\/revisions\/11019"}],"wp:featuredmedia":[{"embeddable":true,"href":"http:\/\/jornalismo.ufsj.edu.br\/van\/wp-json\/wp\/v2\/media\/11009"}],"wp:attachment":[{"href":"http:\/\/jornalismo.ufsj.edu.br\/van\/wp-json\/wp\/v2\/media?parent=11008"}],"wp:term":[{"taxonomy":"category","embeddable":true,"href":"http:\/\/jornalismo.ufsj.edu.br\/van\/wp-json\/wp\/v2\/categories?post=11008"},{"taxonomy":"post_tag","embeddable":true,"href":"http:\/\/jornalismo.ufsj.edu.br\/van\/wp-json\/wp\/v2\/tags?post=11008"}],"curies":[{"name":"wp","href":"https:\/\/api.w.org\/{rel}","templated":true}]}}