{"id":10377,"date":"2018-10-28T23:02:04","date_gmt":"2018-10-29T02:02:04","guid":{"rendered":"http:\/\/jornalismo.ufsj.edu.br\/van\/?p=10377"},"modified":"2018-10-28T23:02:04","modified_gmt":"2018-10-29T02:02:04","slug":"jovem-banda-sao-joanense-vence-campeonato-estadual","status":"publish","type":"post","link":"http:\/\/jornalismo.ufsj.edu.br\/van\/jovem-banda-sao-joanense-vence-campeonato-estadual\/","title":{"rendered":"Jovem banda s\u00e3o-joanense vence campeonato estadual"},"content":{"rendered":"<p style=\"text-align: center;\"><i><span style=\"font-weight: 400;\">O Projeto Music Brothers tem apenas oito meses e j\u00e1 garante vaga no campeonato nacional<\/span><\/i><i><span style=\"font-weight: 400;\"><br \/>\n<\/span><\/i><\/p>\n<p><span style=\"font-weight: 400;\">A banda Music Brothers, de apenas oito meses, venceu o II Campeonato Estadual de Bandas e Fanfarras neste domingo (21) em Al\u00e9m Para\u00edba (MG). O grupo de 32 integrantes levou sua equipe e seus instrumentos em um \u00f4nibus para disputar o campeonato, rodando 274,7km. Ao todo foram treze categorias disputadas, contabilizando vinte bandas. O Projeto Music Brothers levou o 1\u00ba lugar na categoria Banda Musical de Marcha S\u00eanior, disputando com outras cinco bandas. <\/span><\/p>\n<figure id=\"attachment_10379\" aria-describedby=\"caption-attachment-10379\" style=\"width: 1511px\" class=\"wp-caption aligncenter\"><a href=\"http:\/\/jornalismo.ufsj.edu.br\/van\/wp-content\/uploads\/2018\/10\/Trof\u00e9u-campeonato-estadual.jpg\"><img loading=\"lazy\" decoding=\"async\" class=\"size-full wp-image-10379\" src=\"http:\/\/jornalismo.ufsj.edu.br\/van\/wp-content\/uploads\/2018\/10\/Trof\u00e9u-campeonato-estadual.jpg\" alt=\"\" width=\"1511\" height=\"2015\" srcset=\"http:\/\/jornalismo.ufsj.edu.br\/van\/wp-content\/uploads\/2018\/10\/Trof\u00e9u-campeonato-estadual.jpg 1511w, http:\/\/jornalismo.ufsj.edu.br\/van\/wp-content\/uploads\/2018\/10\/Trof\u00e9u-campeonato-estadual-225x300.jpg 225w, http:\/\/jornalismo.ufsj.edu.br\/van\/wp-content\/uploads\/2018\/10\/Trof\u00e9u-campeonato-estadual-768x1024.jpg 768w\" sizes=\"auto, (max-width: 1511px) 100vw, 1511px\" \/><\/a><figcaption id=\"caption-attachment-10379\" class=\"wp-caption-text\">Trof\u00e9u campeonato estadual (Foto\/VAN: Divulga\u00e7\u00e3o\/Facebook)<\/figcaption><\/figure>\n<p><span style=\"font-weight: 400;\">O Projeto Music Brothers foi idealizado por Rafael Rodrigues e Glauter Martins. Ambos j\u00e1 haviam participado de outros projetos musicais, mas tinham o sonho de montar uma banda que prestasse servi\u00e7o a comunidade e que fosse exemplo de uni\u00e3o e compromisso neste \u00e2mbito. Iniciando com apenas sete integrantes, o conjunto apostou no sucesso da banda e come\u00e7ou a trabalhar constantemente desde dezembro do ano passado. Glauter Martins conta as diversas dificuldades enfrentadas pelo grupo, que n\u00e3o possui nenhum tipo de patroc\u00ednio, se mantendo atrav\u00e9s de doa\u00e7\u00f5es. &#8220;Desde o in\u00edcio foi tudo muito dif\u00edcil. N\u00e3o temos local para ensaio e nem seguran\u00e7a financeira para o caso de algum imprevisto acontecer. Vivemos de f\u00e9 e doa\u00e7\u00f5es.&#8221;<\/span><\/p>\n<p><span style=\"font-weight: 400;\">A primeira apresenta\u00e7\u00e3o oficial da banda foi em mar\u00e7o, no encontro de bandas de Liberdade (MG). Rafael Rodrigues conta sempre teve o sonho de inscrever o MB em um concurso, e a apresenta\u00e7\u00e3o no encontro de bandas em Liberdade aflorou este desejo. &#8220;Tudo o que foi feito, foi planejado. O desejo de inscrever o projeto em um concurso \u00e9 antigo, e vimos a oportunidade perfeita no II Campeonato de Bandas e Fanfarras em Al\u00e9m Para\u00edba&#8221;. Ap\u00f3s a filia\u00e7\u00e3o na Federa\u00e7\u00e3o \u00a0de Fanfarras e Bandas do Estado de Minas Gerais (FFABEMG), a banda de agora trinta e dois integrantes foi liberada para participar do concurso.<\/span><\/p>\n<p><span style=\"font-weight: 400;\">Agora, a Music Brothers se prepara para disputar o campeonato nacional em Recife &#8211; PE, nos dias 23 e 24 de novembro. A ida da banda para a Veneza brasileira depende de patroc\u00ednios e recursos financeiros, um desafio antigo para os m\u00fasicos que fizeram de tudo para levar a cultura de bandas a disputa nacional. <\/span><span style=\"font-weight: 400;\"><br \/>\n<\/span><\/p>\n<p><span style=\"font-weight: 400;\">Para ajudar deve-se entrar em contato com os integrantes atrav\u00e9s do Facebook Projeto Music Brothers ou pelo telefone: (32) 99805-6661<\/span><\/p>\n<p><span style=\"font-weight: 400;\">Texto\/VAN: Isadora Jales<\/span><span style=\"font-weight: 400;\"><br \/>\n<\/span><span style=\"font-weight: 400;\">Foto\/VAN: Divulga\u00e7\u00e3o banda facebook<\/span><\/p>\n<p>&nbsp;<\/p>\n","protected":false},"excerpt":{"rendered":"<p>O Projeto Music Brothers tem apenas oito meses e j\u00e1 garante vaga no campeonato nacional A banda Music Brothers, de apenas oito meses, venceu o II Campeonato Estadual de Bandas<\/p>\n","protected":false},"author":2,"featured_media":10378,"comment_status":"open","ping_status":"open","sticky":false,"template":"","format":"standard","meta":{"_monsterinsights_skip_tracking":false,"_monsterinsights_sitenote_active":false,"_monsterinsights_sitenote_note":"","_monsterinsights_sitenote_category":0,"_themeisle_gutenberg_block_has_review":false,"cybocfi_hide_featured_image":"","footnotes":""},"categories":[13,109],"tags":[],"class_list":["post-10377","post","type-post","status-publish","format-standard","has-post-thumbnail","hentry","category-cultura","category-sao-joao-del-rei-microrregiao-de-sao-joao-del-rei"],"_links":{"self":[{"href":"http:\/\/jornalismo.ufsj.edu.br\/van\/wp-json\/wp\/v2\/posts\/10377","targetHints":{"allow":["GET"]}}],"collection":[{"href":"http:\/\/jornalismo.ufsj.edu.br\/van\/wp-json\/wp\/v2\/posts"}],"about":[{"href":"http:\/\/jornalismo.ufsj.edu.br\/van\/wp-json\/wp\/v2\/types\/post"}],"author":[{"embeddable":true,"href":"http:\/\/jornalismo.ufsj.edu.br\/van\/wp-json\/wp\/v2\/users\/2"}],"replies":[{"embeddable":true,"href":"http:\/\/jornalismo.ufsj.edu.br\/van\/wp-json\/wp\/v2\/comments?post=10377"}],"version-history":[{"count":1,"href":"http:\/\/jornalismo.ufsj.edu.br\/van\/wp-json\/wp\/v2\/posts\/10377\/revisions"}],"predecessor-version":[{"id":10380,"href":"http:\/\/jornalismo.ufsj.edu.br\/van\/wp-json\/wp\/v2\/posts\/10377\/revisions\/10380"}],"wp:featuredmedia":[{"embeddable":true,"href":"http:\/\/jornalismo.ufsj.edu.br\/van\/wp-json\/wp\/v2\/media\/10378"}],"wp:attachment":[{"href":"http:\/\/jornalismo.ufsj.edu.br\/van\/wp-json\/wp\/v2\/media?parent=10377"}],"wp:term":[{"taxonomy":"category","embeddable":true,"href":"http:\/\/jornalismo.ufsj.edu.br\/van\/wp-json\/wp\/v2\/categories?post=10377"},{"taxonomy":"post_tag","embeddable":true,"href":"http:\/\/jornalismo.ufsj.edu.br\/van\/wp-json\/wp\/v2\/tags?post=10377"}],"curies":[{"name":"wp","href":"https:\/\/api.w.org\/{rel}","templated":true}]}}