{"id":10363,"date":"2018-10-24T15:58:27","date_gmt":"2018-10-24T18:58:27","guid":{"rendered":"http:\/\/jornalismo.ufsj.edu.br\/van\/?p=10363"},"modified":"2018-10-27T04:16:58","modified_gmt":"2018-10-27T07:16:58","slug":"palestra-voltada-ao-entendimento-do-ciclo-menstrual-sera-realizada-nesta-quinta-feira-25","status":"publish","type":"post","link":"http:\/\/jornalismo.ufsj.edu.br\/van\/palestra-voltada-ao-entendimento-do-ciclo-menstrual-sera-realizada-nesta-quinta-feira-25\/","title":{"rendered":"Quinta-feira (25) tem palestra sobre o ciclo menstrual"},"content":{"rendered":"<h4 style=\"text-align: center;\"><i><span style=\"font-weight: 400;\">A palestra \u201cProdutividade C\u00edclica\u201d retrata como o conhecimento sobre as mudan\u00e7as hormonais durante o ciclo menstrual pode contribuir de maneira positiva no cotidiano<\/span><\/i><\/h4>\n<p><span style=\"font-weight: 400;\">Na pr\u00f3xima quinta-feira (25), ser\u00e1 realizada a palestra \u201cProdutividade C\u00edclica\u201d, ministrada por Fernanda Felberg. O tema \u00e9 voltado para o entendimento de como o ciclo menstrual pode interferir positivamente na vida da mulher. O evento acontecer\u00e1 no Centro Cultural da UFSJ, \u00e0s 20 horas.<\/span><\/p>\n<p><span style=\"font-weight: 400;\">O evento tem como p\u00fablico alvo as mulheres de 25 a 40 anos, mas \u00a0todas s\u00e3o bem vindas. A palestrante se dedica aos estudos da varia\u00e7\u00e3o de energias ao longo do ciclo menstrual e espera que seja um momento de troca, onde as pessoas que estiverem presentes possam compartilhar suas experi\u00eancias.<\/span><\/p>\n<p><span style=\"font-weight: 400;\">Felberg acredita que o conhecimento sobre o ciclo menstrual \u00e9 inspirador para qualquer mulher:\u00a0<\/span>\u201cQuando entendemos que funciona de forma c\u00edclica e n\u00e3o linear como a sociedade costuma exigir, a gente se aceita mais e ainda tem a chance de trazer de volta habilidades que muitas vezes ficam esquecidas com a correria do dia a dia\u201d.<\/p>\n<p><span style=\"font-weight: 400;\">Texto\/VAN: Carla Marques<br \/>\n<\/span><span style=\"font-weight: 400;\">Foto\/VAN: Divulga\u00e7\u00e3o\/Centro Cultural UFSJ<\/span><\/p>\n<p>&nbsp;<\/p>\n","protected":false},"excerpt":{"rendered":"<p>A palestra \u201cProdutividade C\u00edclica\u201d retrata como o conhecimento sobre as mudan\u00e7as hormonais durante o ciclo menstrual pode contribuir de maneira positiva no cotidiano Na pr\u00f3xima quinta-feira (25), ser\u00e1 realizada a<\/p>\n","protected":false},"author":2,"featured_media":10364,"comment_status":"open","ping_status":"open","sticky":false,"template":"","format":"standard","meta":{"_monsterinsights_skip_tracking":false,"_monsterinsights_sitenote_active":false,"_monsterinsights_sitenote_note":"","_monsterinsights_sitenote_category":0,"_themeisle_gutenberg_block_has_review":false,"cybocfi_hide_featured_image":"","footnotes":""},"categories":[109,21],"tags":[],"class_list":["post-10363","post","type-post","status-publish","format-standard","has-post-thumbnail","hentry","category-sao-joao-del-rei-microrregiao-de-sao-joao-del-rei","category-saude"],"_links":{"self":[{"href":"http:\/\/jornalismo.ufsj.edu.br\/van\/wp-json\/wp\/v2\/posts\/10363","targetHints":{"allow":["GET"]}}],"collection":[{"href":"http:\/\/jornalismo.ufsj.edu.br\/van\/wp-json\/wp\/v2\/posts"}],"about":[{"href":"http:\/\/jornalismo.ufsj.edu.br\/van\/wp-json\/wp\/v2\/types\/post"}],"author":[{"embeddable":true,"href":"http:\/\/jornalismo.ufsj.edu.br\/van\/wp-json\/wp\/v2\/users\/2"}],"replies":[{"embeddable":true,"href":"http:\/\/jornalismo.ufsj.edu.br\/van\/wp-json\/wp\/v2\/comments?post=10363"}],"version-history":[{"count":4,"href":"http:\/\/jornalismo.ufsj.edu.br\/van\/wp-json\/wp\/v2\/posts\/10363\/revisions"}],"predecessor-version":[{"id":10374,"href":"http:\/\/jornalismo.ufsj.edu.br\/van\/wp-json\/wp\/v2\/posts\/10363\/revisions\/10374"}],"wp:featuredmedia":[{"embeddable":true,"href":"http:\/\/jornalismo.ufsj.edu.br\/van\/wp-json\/wp\/v2\/media\/10364"}],"wp:attachment":[{"href":"http:\/\/jornalismo.ufsj.edu.br\/van\/wp-json\/wp\/v2\/media?parent=10363"}],"wp:term":[{"taxonomy":"category","embeddable":true,"href":"http:\/\/jornalismo.ufsj.edu.br\/van\/wp-json\/wp\/v2\/categories?post=10363"},{"taxonomy":"post_tag","embeddable":true,"href":"http:\/\/jornalismo.ufsj.edu.br\/van\/wp-json\/wp\/v2\/tags?post=10363"}],"curies":[{"name":"wp","href":"https:\/\/api.w.org\/{rel}","templated":true}]}}