{"id":10258,"date":"2018-10-10T13:51:22","date_gmt":"2018-10-10T16:51:22","guid":{"rendered":"http:\/\/jornalismo.ufsj.edu.br\/van\/?p=10258"},"modified":"2018-10-10T23:39:31","modified_gmt":"2018-10-11T02:39:31","slug":"como-voce-pode-colaborar-para-o-sucesso-do-dia-das-criancas","status":"publish","type":"post","link":"http:\/\/jornalismo.ufsj.edu.br\/van\/como-voce-pode-colaborar-para-o-sucesso-do-dia-das-criancas\/","title":{"rendered":"Como voc\u00ea pode colaborar para o sucesso do Dia das Crian\u00e7as?"},"content":{"rendered":"<h4 style=\"text-align: center;\"><i><span style=\"font-weight: 400;\">Conhe\u00e7a as institui\u00e7\u00f5es que necessitam da sua ajuda<\/span><\/i><\/h4>\n<p><a href=\"http:\/\/jornalismo.ufsj.edu.br\/van\/wp-content\/uploads\/2018\/10\/crianc\u0327as.png\"><img loading=\"lazy\" decoding=\"async\" class=\"aligncenter size-full wp-image-10279\" src=\"http:\/\/jornalismo.ufsj.edu.br\/van\/wp-content\/uploads\/2018\/10\/crianc\u0327as.png\" alt=\"\" width=\"842\" height=\"596\" srcset=\"http:\/\/jornalismo.ufsj.edu.br\/van\/wp-content\/uploads\/2018\/10\/crianc\u0327as.png 842w, http:\/\/jornalismo.ufsj.edu.br\/van\/wp-content\/uploads\/2018\/10\/crianc\u0327as-300x212.png 300w, http:\/\/jornalismo.ufsj.edu.br\/van\/wp-content\/uploads\/2018\/10\/crianc\u0327as-768x544.png 768w\" sizes=\"auto, (max-width: 842px) 100vw, 842px\" \/><\/a><\/p>\n<ol>\n<li>\n<h4><strong>Creche Celina Resende Viegas (S\u00e3o Jo\u00e3o del-Rei)<\/strong><\/h4>\n<p><b><span style=\"font-weight: 400;\">A Creche Celina Resende Viegas existe h\u00e1 28 anos no bairro Tejuco, em S\u00e3o Jo\u00e3o del-Rei. Atualmente atende 65 crian\u00e7as carentes e j\u00e1 atendeu \u00a0mais de 3.000 crian\u00e7as, dando aten\u00e7\u00e3o, carinho e amor. As crian\u00e7as permanecem l\u00e1 em tempo integral para que as m\u00e3es possam trabalhar. S\u00e3o oferecidas \u00a0quatro refei\u00e7\u00f5es di\u00e1rias, lazer e trabalho pedag\u00f3gico. No momento a creche se encontra em situa\u00e7\u00e3o de calamidade financeira, e est\u00e1 realizando diversos eventos para conseguir arrecadar dinheiro e utens\u00edlios b\u00e1sicos. No dia 12 de outubro n\u00e3o deixe de comparecer \u00e0 feijoada beneficente. Trata-se de uma iniciativa para manter a creche de portas abertas.<br \/>\n<\/span><span style=\"font-weight: 400;\"><br \/>\n<\/span><\/b><\/li>\n<li>\n<h4><strong>Escola Municipal Embaixador Martin Francisco (CAIC) &#8211; Barbacena<\/strong><\/h4>\n<p><span style=\"font-weight: 400;\">A Escola Municipal Embaixador Martin Francisco atende 186 crian\u00e7as em est\u00e1gio de creche, dedicada a infantes de quatro meses a 5 anos (ber\u00e7\u00e1rio ao segundo per\u00edodo). Apesar de ter passado por uma reforma recentemente, o local ainda necessita de doa\u00e7\u00f5es e formas de arrecada\u00e7\u00e3o de recursos. Que tal no dia das crian\u00e7as presentear alguns pequeninos com a sua doa\u00e7\u00e3o? A escola se localiza na R. Ant\u00f4nio Alves de Oliveira, 461 &#8211; \u00c1gua Santa, Barbacena. Telefone: (32) 3339-2080<\/span><\/p>\n<p>&nbsp;<\/li>\n<li>\n<h4><strong>Creche Escola Helena Marani (Lavras)<\/strong><\/h4>\n<p><span style=\"font-weight: 400;\">Localizada no bairro S\u00e3o Vicente em Lavras, a Creche Escola Helena Marani, de administra\u00e7\u00e3o municipal, funciona de tempo integral e atende dezenas de crian\u00e7as diariamente. Ajude a creche doando um brinquedo para o Dia das Crian\u00e7as! <\/span><span style=\"font-weight: 400;\"><br \/>\n<\/span><span style=\"font-weight: 400;\">Endere\u00e7o: R. Agnesio Carvalho de Souza, 700<\/span><span style=\"font-weight: 400;\"><br \/>\n<\/span><span style=\"font-weight: 400;\">Telefone: (35) 3822-0754<\/span><\/p>\n<p>&nbsp;<\/li>\n<li>\n<h4><strong>LATEMP (Perd\u00f5es) <\/strong><\/h4>\n<p><span style=\"font-weight: 400;\">O Lar, Trabalho e Escola do Menor Perdoense \u00e9 uma institui\u00e7\u00e3o que acolhe crian\u00e7as cujos pais precisam trabalhar durante o dia. Crian\u00e7as de todas as idades frequentam o LATEMP e nesse 12 de Outubro voc\u00ea pode fazer sua parte para alegrar um pequeno! A institui\u00e7\u00e3o est\u00e1 recebendo brinquedos e livros infantis, que podem ser doados na sede, localizada na Rua dos Vereadores, 164, em Perd\u00f5es. Telefone (35) 3864-1575<\/span><\/p>\n<p>&nbsp;<\/li>\n<li>\n<h4><strong>Brinquedoteca da Apac (S\u00e3o Jo\u00e3o del-Rei)<\/strong><\/h4>\n<p>A Brinquedoteca da APAC est\u00e1 em sua fase final de constru\u00e7\u00e3o e precisa da doa\u00e7\u00e3o de brinquedos para a realiza\u00e7\u00e3o das atividades a serem desenvolvidas com as crian\u00e7as durante as visitas sociais. Voc\u00ea pode ajudar a tornar esses momentos mais interativos doando brinquedos em bom estado, livros infantis ou materiais para colorir ou desenhar! As doa\u00e7\u00f5es podem ser entregues na sede da APAC, localizada no Trevo do Bomfim ou em um local combinado pelo email setorservicosocailapac@gmail.com.<\/li>\n<\/ol>\n<p><span style=\"font-weight: 400;\"><br \/>\n<\/span><span style=\"font-weight: 400;\">Texto\/VAN: Isabela Souza e Isadora Jales<br \/>\nArte\/VAN: Mark Tom Sawyer<\/span><\/p>\n","protected":false},"excerpt":{"rendered":"<p>Conhe\u00e7a as institui\u00e7\u00f5es que necessitam da sua ajuda Creche Celina Resende Viegas (S\u00e3o Jo\u00e3o del-Rei) A Creche Celina Resende Viegas existe h\u00e1 28 anos no bairro Tejuco, em S\u00e3o Jo\u00e3o<\/p>\n","protected":false},"author":2,"featured_media":10279,"comment_status":"open","ping_status":"open","sticky":false,"template":"","format":"standard","meta":{"_monsterinsights_skip_tracking":false,"_monsterinsights_sitenote_active":false,"_monsterinsights_sitenote_note":"","_monsterinsights_sitenote_category":0,"_themeisle_gutenberg_block_has_review":false,"cybocfi_hide_featured_image":"","footnotes":""},"categories":[20,17,109],"tags":[],"class_list":["post-10258","post","type-post","status-publish","format-standard","has-post-thumbnail","hentry","category-barbacena","category-cidade","category-sao-joao-del-rei-microrregiao-de-sao-joao-del-rei"],"_links":{"self":[{"href":"http:\/\/jornalismo.ufsj.edu.br\/van\/wp-json\/wp\/v2\/posts\/10258","targetHints":{"allow":["GET"]}}],"collection":[{"href":"http:\/\/jornalismo.ufsj.edu.br\/van\/wp-json\/wp\/v2\/posts"}],"about":[{"href":"http:\/\/jornalismo.ufsj.edu.br\/van\/wp-json\/wp\/v2\/types\/post"}],"author":[{"embeddable":true,"href":"http:\/\/jornalismo.ufsj.edu.br\/van\/wp-json\/wp\/v2\/users\/2"}],"replies":[{"embeddable":true,"href":"http:\/\/jornalismo.ufsj.edu.br\/van\/wp-json\/wp\/v2\/comments?post=10258"}],"version-history":[{"count":6,"href":"http:\/\/jornalismo.ufsj.edu.br\/van\/wp-json\/wp\/v2\/posts\/10258\/revisions"}],"predecessor-version":[{"id":10280,"href":"http:\/\/jornalismo.ufsj.edu.br\/van\/wp-json\/wp\/v2\/posts\/10258\/revisions\/10280"}],"wp:featuredmedia":[{"embeddable":true,"href":"http:\/\/jornalismo.ufsj.edu.br\/van\/wp-json\/wp\/v2\/media\/10279"}],"wp:attachment":[{"href":"http:\/\/jornalismo.ufsj.edu.br\/van\/wp-json\/wp\/v2\/media?parent=10258"}],"wp:term":[{"taxonomy":"category","embeddable":true,"href":"http:\/\/jornalismo.ufsj.edu.br\/van\/wp-json\/wp\/v2\/categories?post=10258"},{"taxonomy":"post_tag","embeddable":true,"href":"http:\/\/jornalismo.ufsj.edu.br\/van\/wp-json\/wp\/v2\/tags?post=10258"}],"curies":[{"name":"wp","href":"https:\/\/api.w.org\/{rel}","templated":true}]}}