{"id":986,"date":"2014-06-12T16:50:00","date_gmt":"2014-06-12T16:50:00","guid":{"rendered":"http:\/\/jornalismo.ufsj.edu.br\/2014\/06\/12\/alunos-do-jornalismo-serao-voluntarios-na-copa-do-mundo-2014"},"modified":"2014-06-12T16:50:00","modified_gmt":"2014-06-12T16:50:00","slug":"alunos-do-jornalismo-serao-voluntarios-na-copa-do-mundo-2014","status":"publish","type":"post","link":"http:\/\/jornalismo.ufsj.edu.br\/site\/copa-do-mundo-2014\/alunos-do-jornalismo-serao-voluntarios-na-copa-do-mundo-2014\/","title":{"rendered":"Alunos do Jornalismo ser\u00e3o volunt\u00e1rios na Copa do Mundo 2014"},"content":{"rendered":"<div class=\"separator\" style=\"clear:both;text-align:center;\"><a href=\"https:\/\/jornalismou.files.wordpress.com\/2014\/06\/d5fa5-bruno-e-maria-clara.jpg\" style=\"clear:left;float:left;margin-bottom:1em;margin-right:1em;\"><img border=\"0\" src=\"https:\/\/jornalismou.files.wordpress.com\/2014\/06\/d5fa5-bruno-e-maria-clara.jpg?w=300\" \/><\/a><\/div>\n<p>Bruno Marques (20) e Maria Clara Lauar (20) s\u00e3o alunos do 5\u00ba per\u00edodo de <b>Jornalismo<\/b> e  foram  selecionados como <b>volunt\u00e1rios<\/b> da<b> Copa do Mundo 2014<\/b>. Eles atuaram em <b>Belo Horizonte<\/b>, em \u00e1reas diferentes. Bruno contou que a sele\u00e7\u00e3o foi dif\u00edcil e com muitas etapas. Desde a Copa das Confedera\u00e7\u00f5es, ano passado, ele j\u00e1 havia passado pelo processo, atrav\u00e9s de an\u00e1lise do Curriculum vitae, entrevistas e din\u00e2mica de grupo.<\/p>\n<p>\u00a0Ambos contaram que ap\u00f3s a sele\u00e7\u00e3o foram submetidos a cursos online e treinamento j\u00e1 na cidade-sede. Maria Clara ir\u00e1 trabalhar no credenciamento, a estudante ter\u00e1 de fazer todo o processo das credenciais, desde a coleta dos nomes at\u00e9 plastifica\u00e7\u00e3o e entrega. Isso faz com que ela tenha contato cm todos que ter\u00e3o acesso ao campo, participantes de todos os processos, auxiliares de limpeza, imprensa, jogadores e at\u00e9 os comandantes da Fifa. J\u00e1 Bruno  trabalhar\u00e1 no STS (volunt\u00e1rios que atuam na \u00e1rea de servi\u00e7o aos espectadores). \u201dVou atuar antes das catracas, depois das catracas e na \u00e1rea dos assentos, dentro do est\u00e1dio\u201d, contou o estudante de Jornalismo.<\/p>\n<p>Tanto Bruno, quanto Maria Clara, acreditam que esta \u00e9 uma oportunidade \u00fanica, sediar uma Copa do Mundo. Eles gostariam de assistir aos jogos, mas suas tentativas de comprar ingressos fracassaram, e todos dois sempre tiveram o desejo de participar ativamente do evento de alguma maneira. Bruno pensa que conhecer pessoas novas ser\u00e1 uma \u00f3tima experi\u00eancia pessoal e at\u00e9 mesmo acad\u00eamica.<\/p>\n<p>Maria Clara conta que foi movida pelo seu interesse em futebol que resolveu seguir com o plano de volunt\u00e1ria: \u201csempre gostei e sempre tive vontade de participar da Copa. Ter contato com a m\u00eddia, imprensa, jogadores, todo o tipo de pessoas&#8221;. Al\u00e9m da vontade e da oportunidade, Bruno ressaltou a import\u00e2ncia de um evento dessa magnitude para o Curriculum e para sua vida pessoal, como \u201cdesenvolver outro idioma, porque s\u00e3o muitos estrangeiros. Em Belo Horizonte, por exemplo, a expectativa \u00e9 que receba o maior n\u00famero de estrangeiros na hist\u00f3ria da cidade\u201d.  E Maria clara far\u00e1 uma inicia\u00e7\u00e3o cient\u00edfica sobre a comunica\u00e7\u00e3o organizacional da Fifa durante o Mundial no Brasil, portanto estar em atuando em uma cidade-sede ajudar\u00e1 em seu trabalho futuro.<\/p>\n<div style=\"text-align:right;\"><b>Reportagem<\/b>: Milla Fernandes <\/div>\n<div style=\"text-align:right;\"><b>Edi\u00e7\u00e3o:<\/b> Clara Varginha<\/div>\n","protected":false},"excerpt":{"rendered":"<p>Bruno Marques (20) e Maria Clara Lauar (20) s\u00e3o alunos do 5\u00ba per\u00edodo de Jornalismo e foram selecionados como volunt\u00e1rios da Copa do Mundo 2014. Eles atuaram em Belo Horizonte, em \u00e1reas diferentes. Bruno contou que a sele\u00e7\u00e3o foi dif\u00edcil&#8230;<\/p>\n","protected":false},"author":3,"featured_media":0,"comment_status":"open","ping_status":"open","sticky":false,"template":"","format":"standard","meta":{"_monsterinsights_skip_tracking":false,"_monsterinsights_sitenote_active":false,"_monsterinsights_sitenote_note":"","_monsterinsights_sitenote_category":0},"categories":[15,25,43],"tags":[],"yoast_head":"<!-- This site is optimized with the Yoast SEO plugin v20.6 - https:\/\/yoast.com\/wordpress\/plugins\/seo\/ -->\n<title>Alunos do Jornalismo ser\u00e3o volunt\u00e1rios na Copa do Mundo 2014 - Jornalismo UFSJ<\/title>\n<meta name=\"robots\" content=\"index, follow, max-snippet:-1, max-image-preview:large, max-video-preview:-1\" \/>\n<link rel=\"canonical\" href=\"http:\/\/anu.ufsj.edu.br\/site\/copa-do-mundo-2014\/alunos-do-jornalismo-serao-voluntarios-na-copa-do-mundo-2014\/\" \/>\n<meta property=\"og:locale\" content=\"pt_BR\" \/>\n<meta property=\"og:type\" content=\"article\" \/>\n<meta property=\"og:title\" content=\"Alunos do Jornalismo ser\u00e3o volunt\u00e1rios na Copa do Mundo 2014 - Jornalismo UFSJ\" \/>\n<meta property=\"og:description\" content=\"Bruno Marques (20) e Maria Clara Lauar (20) s\u00e3o alunos do 5\u00ba per\u00edodo de Jornalismo e foram selecionados como volunt\u00e1rios da Copa do Mundo 2014. Eles atuaram em Belo Horizonte, em \u00e1reas diferentes. Bruno contou que a sele\u00e7\u00e3o foi dif\u00edcil...\" \/>\n<meta property=\"og:url\" content=\"http:\/\/anu.ufsj.edu.br\/site\/copa-do-mundo-2014\/alunos-do-jornalismo-serao-voluntarios-na-copa-do-mundo-2014\/\" \/>\n<meta property=\"og:site_name\" content=\"Jornalismo UFSJ\" \/>\n<meta property=\"article:publisher\" content=\"https:\/\/www.facebook.com\/jornalismoufsj\/\" \/>\n<meta property=\"article:published_time\" content=\"2014-06-12T16:50:00+00:00\" \/>\n<meta property=\"og:image\" content=\"https:\/\/jornalismou.files.wordpress.com\/2014\/06\/d5fa5-bruno-e-maria-clara.jpg?w=300\" \/>\n<meta name=\"twitter:card\" content=\"summary_large_image\" \/>\n<meta name=\"twitter:creator\" content=\"@jornalismoufsj\" \/>\n<meta name=\"twitter:site\" content=\"@jornalismoufsj\" \/>\n<meta name=\"twitter:label1\" content=\"Escrito por\" \/>\n\t<meta name=\"twitter:data1\" content=\"\" \/>\n\t<meta name=\"twitter:label2\" content=\"Est. tempo de leitura\" \/>\n\t<meta name=\"twitter:data2\" content=\"2 minutos\" \/>\n<script type=\"application\/ld+json\" class=\"yoast-schema-graph\">{\"@context\":\"https:\/\/schema.org\",\"@graph\":[{\"@type\":\"WebPage\",\"@id\":\"http:\/\/anu.ufsj.edu.br\/site\/copa-do-mundo-2014\/alunos-do-jornalismo-serao-voluntarios-na-copa-do-mundo-2014\/\",\"url\":\"http:\/\/anu.ufsj.edu.br\/site\/copa-do-mundo-2014\/alunos-do-jornalismo-serao-voluntarios-na-copa-do-mundo-2014\/\",\"name\":\"Alunos do Jornalismo ser\u00e3o volunt\u00e1rios na Copa do Mundo 2014 - Jornalismo UFSJ\",\"isPartOf\":{\"@id\":\"http:\/\/jornalismo.ufsj.edu.br\/site\/#website\"},\"datePublished\":\"2014-06-12T16:50:00+00:00\",\"dateModified\":\"2014-06-12T16:50:00+00:00\",\"author\":{\"@id\":\"\"},\"breadcrumb\":{\"@id\":\"http:\/\/anu.ufsj.edu.br\/site\/copa-do-mundo-2014\/alunos-do-jornalismo-serao-voluntarios-na-copa-do-mundo-2014\/#breadcrumb\"},\"inLanguage\":\"pt-BR\",\"potentialAction\":[{\"@type\":\"ReadAction\",\"target\":[\"http:\/\/anu.ufsj.edu.br\/site\/copa-do-mundo-2014\/alunos-do-jornalismo-serao-voluntarios-na-copa-do-mundo-2014\/\"]}]},{\"@type\":\"BreadcrumbList\",\"@id\":\"http:\/\/anu.ufsj.edu.br\/site\/copa-do-mundo-2014\/alunos-do-jornalismo-serao-voluntarios-na-copa-do-mundo-2014\/#breadcrumb\",\"itemListElement\":[{\"@type\":\"ListItem\",\"position\":1,\"name\":\"In\u00edcio\",\"item\":\"http:\/\/jornalismo.ufsj.edu.br\/site\/\"},{\"@type\":\"ListItem\",\"position\":2,\"name\":\"Alunos do Jornalismo ser\u00e3o volunt\u00e1rios na Copa do Mundo 2014\"}]},{\"@type\":\"WebSite\",\"@id\":\"http:\/\/jornalismo.ufsj.edu.br\/site\/#website\",\"url\":\"http:\/\/jornalismo.ufsj.edu.br\/site\/\",\"name\":\"Jornalismo UFSJ\",\"description\":\"\",\"potentialAction\":[{\"@type\":\"SearchAction\",\"target\":{\"@type\":\"EntryPoint\",\"urlTemplate\":\"http:\/\/jornalismo.ufsj.edu.br\/site\/?s={search_term_string}\"},\"query-input\":\"required name=search_term_string\"}],\"inLanguage\":\"pt-BR\"},{\"@type\":\"Person\",\"@id\":\"\"}]}<\/script>\n<!-- \/ Yoast SEO plugin. -->","yoast_head_json":{"title":"Alunos do Jornalismo ser\u00e3o volunt\u00e1rios na Copa do Mundo 2014 - Jornalismo UFSJ","robots":{"index":"index","follow":"follow","max-snippet":"max-snippet:-1","max-image-preview":"max-image-preview:large","max-video-preview":"max-video-preview:-1"},"canonical":"http:\/\/anu.ufsj.edu.br\/site\/copa-do-mundo-2014\/alunos-do-jornalismo-serao-voluntarios-na-copa-do-mundo-2014\/","og_locale":"pt_BR","og_type":"article","og_title":"Alunos do Jornalismo ser\u00e3o volunt\u00e1rios na Copa do Mundo 2014 - Jornalismo UFSJ","og_description":"Bruno Marques (20) e Maria Clara Lauar (20) s\u00e3o alunos do 5\u00ba per\u00edodo de Jornalismo e foram selecionados como volunt\u00e1rios da Copa do Mundo 2014. Eles atuaram em Belo Horizonte, em \u00e1reas diferentes. Bruno contou que a sele\u00e7\u00e3o foi dif\u00edcil...","og_url":"http:\/\/anu.ufsj.edu.br\/site\/copa-do-mundo-2014\/alunos-do-jornalismo-serao-voluntarios-na-copa-do-mundo-2014\/","og_site_name":"Jornalismo UFSJ","article_publisher":"https:\/\/www.facebook.com\/jornalismoufsj\/","article_published_time":"2014-06-12T16:50:00+00:00","og_image":[{"url":"https:\/\/jornalismou.files.wordpress.com\/2014\/06\/d5fa5-bruno-e-maria-clara.jpg?w=300"}],"twitter_card":"summary_large_image","twitter_creator":"@jornalismoufsj","twitter_site":"@jornalismoufsj","twitter_misc":{"Escrito por":"","Est. tempo de leitura":"2 minutos"},"schema":{"@context":"https:\/\/schema.org","@graph":[{"@type":"WebPage","@id":"http:\/\/anu.ufsj.edu.br\/site\/copa-do-mundo-2014\/alunos-do-jornalismo-serao-voluntarios-na-copa-do-mundo-2014\/","url":"http:\/\/anu.ufsj.edu.br\/site\/copa-do-mundo-2014\/alunos-do-jornalismo-serao-voluntarios-na-copa-do-mundo-2014\/","name":"Alunos do Jornalismo ser\u00e3o volunt\u00e1rios na Copa do Mundo 2014 - Jornalismo UFSJ","isPartOf":{"@id":"http:\/\/jornalismo.ufsj.edu.br\/site\/#website"},"datePublished":"2014-06-12T16:50:00+00:00","dateModified":"2014-06-12T16:50:00+00:00","author":{"@id":""},"breadcrumb":{"@id":"http:\/\/anu.ufsj.edu.br\/site\/copa-do-mundo-2014\/alunos-do-jornalismo-serao-voluntarios-na-copa-do-mundo-2014\/#breadcrumb"},"inLanguage":"pt-BR","potentialAction":[{"@type":"ReadAction","target":["http:\/\/anu.ufsj.edu.br\/site\/copa-do-mundo-2014\/alunos-do-jornalismo-serao-voluntarios-na-copa-do-mundo-2014\/"]}]},{"@type":"BreadcrumbList","@id":"http:\/\/anu.ufsj.edu.br\/site\/copa-do-mundo-2014\/alunos-do-jornalismo-serao-voluntarios-na-copa-do-mundo-2014\/#breadcrumb","itemListElement":[{"@type":"ListItem","position":1,"name":"In\u00edcio","item":"http:\/\/jornalismo.ufsj.edu.br\/site\/"},{"@type":"ListItem","position":2,"name":"Alunos do Jornalismo ser\u00e3o volunt\u00e1rios na Copa do Mundo 2014"}]},{"@type":"WebSite","@id":"http:\/\/jornalismo.ufsj.edu.br\/site\/#website","url":"http:\/\/jornalismo.ufsj.edu.br\/site\/","name":"Jornalismo UFSJ","description":"","potentialAction":[{"@type":"SearchAction","target":{"@type":"EntryPoint","urlTemplate":"http:\/\/jornalismo.ufsj.edu.br\/site\/?s={search_term_string}"},"query-input":"required name=search_term_string"}],"inLanguage":"pt-BR"},{"@type":"Person","@id":""}]}},"jetpack_featured_media_url":"","_links":{"self":[{"href":"http:\/\/jornalismo.ufsj.edu.br\/site\/wp-json\/wp\/v2\/posts\/986"}],"collection":[{"href":"http:\/\/jornalismo.ufsj.edu.br\/site\/wp-json\/wp\/v2\/posts"}],"about":[{"href":"http:\/\/jornalismo.ufsj.edu.br\/site\/wp-json\/wp\/v2\/types\/post"}],"author":[{"embeddable":true,"href":"http:\/\/jornalismo.ufsj.edu.br\/site\/wp-json\/wp\/v2\/users\/3"}],"replies":[{"embeddable":true,"href":"http:\/\/jornalismo.ufsj.edu.br\/site\/wp-json\/wp\/v2\/comments?post=986"}],"version-history":[{"count":0,"href":"http:\/\/jornalismo.ufsj.edu.br\/site\/wp-json\/wp\/v2\/posts\/986\/revisions"}],"wp:attachment":[{"href":"http:\/\/jornalismo.ufsj.edu.br\/site\/wp-json\/wp\/v2\/media?parent=986"}],"wp:term":[{"taxonomy":"category","embeddable":true,"href":"http:\/\/jornalismo.ufsj.edu.br\/site\/wp-json\/wp\/v2\/categories?post=986"},{"taxonomy":"post_tag","embeddable":true,"href":"http:\/\/jornalismo.ufsj.edu.br\/site\/wp-json\/wp\/v2\/tags?post=986"}],"curies":[{"name":"wp","href":"https:\/\/api.w.org\/{rel}","templated":true}]}}