{"id":969,"date":"2014-07-07T17:32:00","date_gmt":"2014-07-07T17:32:00","guid":{"rendered":"http:\/\/jornalismo.ufsj.edu.br\/2014\/07\/07\/o-mundo-fantastico-de-marlon"},"modified":"2014-07-07T17:32:00","modified_gmt":"2014-07-07T17:32:00","slug":"o-mundo-fantastico-de-marlon","status":"publish","type":"post","link":"http:\/\/jornalismo.ufsj.edu.br\/site\/fotografia\/o-mundo-fantastico-de-marlon\/","title":{"rendered":"O mundo fant\u00e1stico de Marlon"},"content":{"rendered":"<div class=\"separator\" style=\"clear:both;text-align:center;\"><a href=\"https:\/\/jornalismou.files.wordpress.com\/2014\/07\/b5344-marlon-de-paula.jpg\" style=\"clear:left;float:left;margin-bottom:1em;margin-right:1em;\"><img loading=\"lazy\" border=\"0\" src=\"https:\/\/jornalismou.files.wordpress.com\/2014\/07\/b5344-marlon-de-paula.jpg\" height=\"266\" width=\"400\" \/><\/a><\/div>\n<p>Por vir de uma cidade onde a cultura n\u00e3o se fazia muito presente na vida das pessoas o jovem se mostra encantado com S\u00e3o Jo\u00e3o del-Rei e acredita que a cidade possui uma &#8220;aura atrativa&#8221;, al\u00e9m de encontrar diversas manifesta\u00e7\u00f5es culturais acontecendo na regi\u00e3o nos \u00faltimos anos.<\/p>\n<p>O rapaz aproveita de certos momentos para fotografar. Quando sente algo, \u00e9 na fotografia que encontra sua fuga e liberdade, a calmaria que o ajuda a n\u00e3o enlouquecer. A fotografia est\u00e1 presente na sua alma, e hoje, <a href=\"http:\/\/marlondepaula.46graus.com\/\" target=\"_blank\">Marlon de Paula<\/a>\u00a0se faz presente no universo fotogr\u00e1fico que inspira tantas outras pessoas.<\/p>\n<p>Confira o audioslide que retrata as influ\u00eancias de Marlon que caracterizam sua maneira \u00fanica de se expressar:<\/p>\n<div class=\"separator\" style=\"clear:both;text-align:center;\"><a href=\"https:\/\/youtube.googleapis.com\/v\/lPt2sipA-nA&#038;source=uds\">https:\/\/youtube.googleapis.com\/v\/lPt2sipA-nA&#038;source=uds<\/a><\/div>\n<div class=\"separator\" style=\"clear:both;text-align:center;\"><b><br \/><\/b><\/div>\n<div class=\"separator\" style=\"clear:both;text-align:right;\"><b>Audioslide:\u00a0<\/b><a href=\"http:\/\/magazinenormal.blogspot.com.br\/\" target=\"_blank\">Magazine Normal<\/a><\/div>\n<div class=\"separator\" style=\"clear:both;text-align:right;\">Aliny Ramalho<\/div>\n<div class=\"separator\" style=\"clear:both;text-align:right;\">Bruna de Faria<\/div>\n<div class=\"separator\" style=\"clear:both;text-align:right;\">Carlos Maximiano<\/div>\n<div class=\"separator\" style=\"clear:both;text-align:right;\">Diego Damasceno<\/div>\n<div class=\"separator\" style=\"clear:both;text-align:right;\"><b>Texto:\u00a0<\/b><a href=\"https:\/\/www.facebook.com\/revistacatarse\" target=\"_blank\">Revista Catarse<\/a><\/div>\n<div class=\"separator\" style=\"clear:both;text-align:right;\">Ana Beatriz Peres<\/div>\n<div style=\"text-align:right;\"><b>Edi\u00e7\u00e3o: <\/b>Clara Varginha<\/div>\n<p><\/p>\n","protected":false},"excerpt":{"rendered":"<p>Por vir de uma cidade onde a cultura n\u00e3o se fazia muito presente na vida das pessoas o jovem se mostra encantado com S\u00e3o Jo\u00e3o del-Rei e acredita que a cidade possui uma &#8220;aura atrativa&#8221;, al\u00e9m de encontrar diversas manifesta\u00e7\u00f5es&#8230;<\/p>\n","protected":false},"author":3,"featured_media":0,"comment_status":"open","ping_status":"open","sticky":false,"template":"","format":"standard","meta":{"_monsterinsights_skip_tracking":false,"_monsterinsights_sitenote_active":false,"_monsterinsights_sitenote_note":"","_monsterinsights_sitenote_category":0},"categories":[32,43,73],"tags":[],"yoast_head":"<!-- This site is optimized with the Yoast SEO plugin v20.6 - https:\/\/yoast.com\/wordpress\/plugins\/seo\/ -->\n<title>O mundo fant\u00e1stico de Marlon - Jornalismo UFSJ<\/title>\n<meta name=\"robots\" content=\"index, follow, max-snippet:-1, max-image-preview:large, max-video-preview:-1\" \/>\n<link rel=\"canonical\" href=\"http:\/\/anu.ufsj.edu.br\/site\/fotografia\/o-mundo-fantastico-de-marlon\/\" \/>\n<meta property=\"og:locale\" content=\"pt_BR\" \/>\n<meta property=\"og:type\" content=\"article\" \/>\n<meta property=\"og:title\" content=\"O mundo fant\u00e1stico de Marlon - Jornalismo UFSJ\" \/>\n<meta property=\"og:description\" content=\"Por vir de uma cidade onde a cultura n\u00e3o se fazia muito presente na vida das pessoas o jovem se mostra encantado com S\u00e3o Jo\u00e3o del-Rei e acredita que a cidade possui uma &#8220;aura atrativa&#8221;, al\u00e9m de encontrar diversas manifesta\u00e7\u00f5es...\" \/>\n<meta property=\"og:url\" content=\"http:\/\/anu.ufsj.edu.br\/site\/fotografia\/o-mundo-fantastico-de-marlon\/\" \/>\n<meta property=\"og:site_name\" content=\"Jornalismo UFSJ\" \/>\n<meta property=\"article:publisher\" content=\"https:\/\/www.facebook.com\/jornalismoufsj\/\" \/>\n<meta property=\"article:published_time\" content=\"2014-07-07T17:32:00+00:00\" \/>\n<meta property=\"og:image\" content=\"https:\/\/jornalismou.files.wordpress.com\/2014\/07\/b5344-marlon-de-paula.jpg\" \/>\n<meta name=\"twitter:card\" content=\"summary_large_image\" \/>\n<meta name=\"twitter:creator\" content=\"@jornalismoufsj\" \/>\n<meta name=\"twitter:site\" content=\"@jornalismoufsj\" \/>\n<meta name=\"twitter:label1\" content=\"Escrito por\" \/>\n\t<meta name=\"twitter:data1\" content=\"\" \/>\n\t<meta name=\"twitter:label2\" content=\"Est. tempo de leitura\" \/>\n\t<meta name=\"twitter:data2\" content=\"1 minuto\" \/>\n<script type=\"application\/ld+json\" class=\"yoast-schema-graph\">{\"@context\":\"https:\/\/schema.org\",\"@graph\":[{\"@type\":\"WebPage\",\"@id\":\"http:\/\/anu.ufsj.edu.br\/site\/fotografia\/o-mundo-fantastico-de-marlon\/\",\"url\":\"http:\/\/anu.ufsj.edu.br\/site\/fotografia\/o-mundo-fantastico-de-marlon\/\",\"name\":\"O mundo fant\u00e1stico de Marlon - Jornalismo UFSJ\",\"isPartOf\":{\"@id\":\"http:\/\/jornalismo.ufsj.edu.br\/site\/#website\"},\"datePublished\":\"2014-07-07T17:32:00+00:00\",\"dateModified\":\"2014-07-07T17:32:00+00:00\",\"author\":{\"@id\":\"\"},\"breadcrumb\":{\"@id\":\"http:\/\/anu.ufsj.edu.br\/site\/fotografia\/o-mundo-fantastico-de-marlon\/#breadcrumb\"},\"inLanguage\":\"pt-BR\",\"potentialAction\":[{\"@type\":\"ReadAction\",\"target\":[\"http:\/\/anu.ufsj.edu.br\/site\/fotografia\/o-mundo-fantastico-de-marlon\/\"]}]},{\"@type\":\"BreadcrumbList\",\"@id\":\"http:\/\/anu.ufsj.edu.br\/site\/fotografia\/o-mundo-fantastico-de-marlon\/#breadcrumb\",\"itemListElement\":[{\"@type\":\"ListItem\",\"position\":1,\"name\":\"In\u00edcio\",\"item\":\"http:\/\/jornalismo.ufsj.edu.br\/site\/\"},{\"@type\":\"ListItem\",\"position\":2,\"name\":\"O mundo fant\u00e1stico de Marlon\"}]},{\"@type\":\"WebSite\",\"@id\":\"http:\/\/jornalismo.ufsj.edu.br\/site\/#website\",\"url\":\"http:\/\/jornalismo.ufsj.edu.br\/site\/\",\"name\":\"Jornalismo UFSJ\",\"description\":\"\",\"potentialAction\":[{\"@type\":\"SearchAction\",\"target\":{\"@type\":\"EntryPoint\",\"urlTemplate\":\"http:\/\/jornalismo.ufsj.edu.br\/site\/?s={search_term_string}\"},\"query-input\":\"required name=search_term_string\"}],\"inLanguage\":\"pt-BR\"},{\"@type\":\"Person\",\"@id\":\"\"}]}<\/script>\n<!-- \/ Yoast SEO plugin. -->","yoast_head_json":{"title":"O mundo fant\u00e1stico de Marlon - Jornalismo UFSJ","robots":{"index":"index","follow":"follow","max-snippet":"max-snippet:-1","max-image-preview":"max-image-preview:large","max-video-preview":"max-video-preview:-1"},"canonical":"http:\/\/anu.ufsj.edu.br\/site\/fotografia\/o-mundo-fantastico-de-marlon\/","og_locale":"pt_BR","og_type":"article","og_title":"O mundo fant\u00e1stico de Marlon - Jornalismo UFSJ","og_description":"Por vir de uma cidade onde a cultura n\u00e3o se fazia muito presente na vida das pessoas o jovem se mostra encantado com S\u00e3o Jo\u00e3o del-Rei e acredita que a cidade possui uma &#8220;aura atrativa&#8221;, al\u00e9m de encontrar diversas manifesta\u00e7\u00f5es...","og_url":"http:\/\/anu.ufsj.edu.br\/site\/fotografia\/o-mundo-fantastico-de-marlon\/","og_site_name":"Jornalismo UFSJ","article_publisher":"https:\/\/www.facebook.com\/jornalismoufsj\/","article_published_time":"2014-07-07T17:32:00+00:00","og_image":[{"url":"https:\/\/jornalismou.files.wordpress.com\/2014\/07\/b5344-marlon-de-paula.jpg"}],"twitter_card":"summary_large_image","twitter_creator":"@jornalismoufsj","twitter_site":"@jornalismoufsj","twitter_misc":{"Escrito por":"","Est. tempo de leitura":"1 minuto"},"schema":{"@context":"https:\/\/schema.org","@graph":[{"@type":"WebPage","@id":"http:\/\/anu.ufsj.edu.br\/site\/fotografia\/o-mundo-fantastico-de-marlon\/","url":"http:\/\/anu.ufsj.edu.br\/site\/fotografia\/o-mundo-fantastico-de-marlon\/","name":"O mundo fant\u00e1stico de Marlon - Jornalismo UFSJ","isPartOf":{"@id":"http:\/\/jornalismo.ufsj.edu.br\/site\/#website"},"datePublished":"2014-07-07T17:32:00+00:00","dateModified":"2014-07-07T17:32:00+00:00","author":{"@id":""},"breadcrumb":{"@id":"http:\/\/anu.ufsj.edu.br\/site\/fotografia\/o-mundo-fantastico-de-marlon\/#breadcrumb"},"inLanguage":"pt-BR","potentialAction":[{"@type":"ReadAction","target":["http:\/\/anu.ufsj.edu.br\/site\/fotografia\/o-mundo-fantastico-de-marlon\/"]}]},{"@type":"BreadcrumbList","@id":"http:\/\/anu.ufsj.edu.br\/site\/fotografia\/o-mundo-fantastico-de-marlon\/#breadcrumb","itemListElement":[{"@type":"ListItem","position":1,"name":"In\u00edcio","item":"http:\/\/jornalismo.ufsj.edu.br\/site\/"},{"@type":"ListItem","position":2,"name":"O mundo fant\u00e1stico de Marlon"}]},{"@type":"WebSite","@id":"http:\/\/jornalismo.ufsj.edu.br\/site\/#website","url":"http:\/\/jornalismo.ufsj.edu.br\/site\/","name":"Jornalismo UFSJ","description":"","potentialAction":[{"@type":"SearchAction","target":{"@type":"EntryPoint","urlTemplate":"http:\/\/jornalismo.ufsj.edu.br\/site\/?s={search_term_string}"},"query-input":"required name=search_term_string"}],"inLanguage":"pt-BR"},{"@type":"Person","@id":""}]}},"jetpack_featured_media_url":"","_links":{"self":[{"href":"http:\/\/jornalismo.ufsj.edu.br\/site\/wp-json\/wp\/v2\/posts\/969"}],"collection":[{"href":"http:\/\/jornalismo.ufsj.edu.br\/site\/wp-json\/wp\/v2\/posts"}],"about":[{"href":"http:\/\/jornalismo.ufsj.edu.br\/site\/wp-json\/wp\/v2\/types\/post"}],"author":[{"embeddable":true,"href":"http:\/\/jornalismo.ufsj.edu.br\/site\/wp-json\/wp\/v2\/users\/3"}],"replies":[{"embeddable":true,"href":"http:\/\/jornalismo.ufsj.edu.br\/site\/wp-json\/wp\/v2\/comments?post=969"}],"version-history":[{"count":0,"href":"http:\/\/jornalismo.ufsj.edu.br\/site\/wp-json\/wp\/v2\/posts\/969\/revisions"}],"wp:attachment":[{"href":"http:\/\/jornalismo.ufsj.edu.br\/site\/wp-json\/wp\/v2\/media?parent=969"}],"wp:term":[{"taxonomy":"category","embeddable":true,"href":"http:\/\/jornalismo.ufsj.edu.br\/site\/wp-json\/wp\/v2\/categories?post=969"},{"taxonomy":"post_tag","embeddable":true,"href":"http:\/\/jornalismo.ufsj.edu.br\/site\/wp-json\/wp\/v2\/tags?post=969"}],"curies":[{"name":"wp","href":"https:\/\/api.w.org\/{rel}","templated":true}]}}