{"id":966,"date":"2014-07-11T20:24:00","date_gmt":"2014-07-11T20:24:00","guid":{"rendered":"http:\/\/jornalismo.ufsj.edu.br\/2014\/07\/11\/a-vida-de-de-um-jornalista-universitario"},"modified":"2014-07-11T20:24:00","modified_gmt":"2014-07-11T20:24:00","slug":"a-vida-de-de-um-jornalista-universitario","status":"publish","type":"post","link":"http:\/\/jornalismo.ufsj.edu.br\/site\/comunicacao\/a-vida-de-de-um-jornalista-universitario\/","title":{"rendered":"A vida de de um jornalista universit\u00e1rio"},"content":{"rendered":"<div class=\"\" style=\"clear:both;text-align:left;\">Provavelmente, antes de iniciar a vida universit\u00e1ria voc\u00ea assistiu aos filmes \u201cAmerican Pie\u201d e imaginou que aquelas festas depravadas eram um recorte da realidade. Mas, na verdade, o que te esperava era algo mais pr\u00f3ximo do filme \u201cA Espera de um Milagre\u201d. Para que seus filhos n\u00e3o entrem pelo mesmo cano, o <b>INOGE<\/b> (Instituto <a href=\"http:\/\/magazinenormal.blogspot.com.br\/\" target=\"_blank\">Normal<\/a>\u00a0de Geografia e Estat\u00edstica) bolamos um infogr\u00e1fico que resume bem a vida Universit\u00e1ria.<\/div>\n<div class=\"\" style=\"clear:both;text-align:left;\"><\/div>\n<div class=\"separator\" style=\"clear:both;text-align:center;\"><a href=\"https:\/\/jornalismou.files.wordpress.com\/2014\/07\/91da5-universitc3a1rio.jpg\" style=\"clear:left;float:left;margin-bottom:1em;margin-right:1em;\"><img border=\"0\" src=\"https:\/\/jornalismou.files.wordpress.com\/2014\/07\/91da5-universitc3a1rio.jpg\" \/><\/a><\/div>\n<div class=\"\" style=\"clear:both;text-align:right;\"><b>Conte\u00fado:<\/b>\u00a0<a href=\"http:\/\/magazinenormal.blogspot.com.br\/\" target=\"_blank\">Magazine Normal<\/a><\/div>\n<div class=\"\" style=\"clear:both;text-align:right;\">Aliny Ramalho<br \/>Bruna de Faria<\/div>\n<div class=\"\" style=\"clear:both;text-align:right;\">Carlos Maximiano<\/div>\n<div class=\"\" style=\"clear:both;text-align:right;\">Diego Damasceno<\/div>\n<div class=\"\" style=\"clear:both;text-align:right;\"><b>Edi\u00e7\u00e3o: <\/b>Clara Varginha<\/div>\n<p><\/p>\n","protected":false},"excerpt":{"rendered":"<p>Provavelmente, antes de iniciar a vida universit\u00e1ria voc\u00ea assistiu aos filmes \u201cAmerican Pie\u201d e imaginou que aquelas festas depravadas eram um recorte da realidade. Mas, na verdade, o que te esperava era algo mais pr\u00f3ximo do filme \u201cA Espera de&#8230;<\/p>\n","protected":false},"author":3,"featured_media":0,"comment_status":"open","ping_status":"open","sticky":false,"template":"","format":"standard","meta":{"_monsterinsights_skip_tracking":false,"_monsterinsights_sitenote_active":false,"_monsterinsights_sitenote_note":"","_monsterinsights_sitenote_category":0},"categories":[12,46,74],"tags":[],"yoast_head":"<!-- This site is optimized with the Yoast SEO plugin v20.6 - https:\/\/yoast.com\/wordpress\/plugins\/seo\/ -->\n<title>A vida de de um jornalista universit\u00e1rio - Jornalismo UFSJ<\/title>\n<meta name=\"robots\" content=\"index, follow, max-snippet:-1, max-image-preview:large, max-video-preview:-1\" \/>\n<link rel=\"canonical\" href=\"http:\/\/jornalismo.ufsj.edu.br\/site\/comunicacao\/a-vida-de-de-um-jornalista-universitario\/\" \/>\n<meta property=\"og:locale\" content=\"pt_BR\" \/>\n<meta property=\"og:type\" content=\"article\" \/>\n<meta property=\"og:title\" content=\"A vida de de um jornalista universit\u00e1rio - Jornalismo UFSJ\" \/>\n<meta property=\"og:description\" content=\"Provavelmente, antes de iniciar a vida universit\u00e1ria voc\u00ea assistiu aos filmes \u201cAmerican Pie\u201d e imaginou que aquelas festas depravadas eram um recorte da realidade. Mas, na verdade, o que te esperava era algo mais pr\u00f3ximo do filme \u201cA Espera de...\" \/>\n<meta property=\"og:url\" content=\"http:\/\/jornalismo.ufsj.edu.br\/site\/comunicacao\/a-vida-de-de-um-jornalista-universitario\/\" \/>\n<meta property=\"og:site_name\" content=\"Jornalismo UFSJ\" \/>\n<meta property=\"article:publisher\" content=\"https:\/\/www.facebook.com\/jornalismoufsj\/\" \/>\n<meta property=\"article:published_time\" content=\"2014-07-11T20:24:00+00:00\" \/>\n<meta property=\"og:image\" content=\"https:\/\/jornalismou.files.wordpress.com\/2014\/07\/91da5-universitc3a1rio.jpg\" \/>\n<meta name=\"twitter:card\" content=\"summary_large_image\" \/>\n<meta name=\"twitter:creator\" content=\"@jornalismoufsj\" \/>\n<meta name=\"twitter:site\" content=\"@jornalismoufsj\" \/>\n<meta name=\"twitter:label1\" content=\"Escrito por\" \/>\n\t<meta name=\"twitter:data1\" content=\"\" \/>\n<script type=\"application\/ld+json\" class=\"yoast-schema-graph\">{\"@context\":\"https:\/\/schema.org\",\"@graph\":[{\"@type\":\"WebPage\",\"@id\":\"http:\/\/jornalismo.ufsj.edu.br\/site\/comunicacao\/a-vida-de-de-um-jornalista-universitario\/\",\"url\":\"http:\/\/jornalismo.ufsj.edu.br\/site\/comunicacao\/a-vida-de-de-um-jornalista-universitario\/\",\"name\":\"A vida de de um jornalista universit\u00e1rio - Jornalismo UFSJ\",\"isPartOf\":{\"@id\":\"http:\/\/jornalismo.ufsj.edu.br\/site\/#website\"},\"datePublished\":\"2014-07-11T20:24:00+00:00\",\"dateModified\":\"2014-07-11T20:24:00+00:00\",\"author\":{\"@id\":\"\"},\"breadcrumb\":{\"@id\":\"http:\/\/jornalismo.ufsj.edu.br\/site\/comunicacao\/a-vida-de-de-um-jornalista-universitario\/#breadcrumb\"},\"inLanguage\":\"pt-BR\",\"potentialAction\":[{\"@type\":\"ReadAction\",\"target\":[\"http:\/\/jornalismo.ufsj.edu.br\/site\/comunicacao\/a-vida-de-de-um-jornalista-universitario\/\"]}]},{\"@type\":\"BreadcrumbList\",\"@id\":\"http:\/\/jornalismo.ufsj.edu.br\/site\/comunicacao\/a-vida-de-de-um-jornalista-universitario\/#breadcrumb\",\"itemListElement\":[{\"@type\":\"ListItem\",\"position\":1,\"name\":\"In\u00edcio\",\"item\":\"http:\/\/jornalismo.ufsj.edu.br\/site\/\"},{\"@type\":\"ListItem\",\"position\":2,\"name\":\"A vida de de um jornalista universit\u00e1rio\"}]},{\"@type\":\"WebSite\",\"@id\":\"http:\/\/jornalismo.ufsj.edu.br\/site\/#website\",\"url\":\"http:\/\/jornalismo.ufsj.edu.br\/site\/\",\"name\":\"Jornalismo UFSJ\",\"description\":\"\",\"potentialAction\":[{\"@type\":\"SearchAction\",\"target\":{\"@type\":\"EntryPoint\",\"urlTemplate\":\"http:\/\/jornalismo.ufsj.edu.br\/site\/?s={search_term_string}\"},\"query-input\":\"required name=search_term_string\"}],\"inLanguage\":\"pt-BR\"},{\"@type\":\"Person\",\"@id\":\"\"}]}<\/script>\n<!-- \/ Yoast SEO plugin. -->","yoast_head_json":{"title":"A vida de de um jornalista universit\u00e1rio - Jornalismo UFSJ","robots":{"index":"index","follow":"follow","max-snippet":"max-snippet:-1","max-image-preview":"max-image-preview:large","max-video-preview":"max-video-preview:-1"},"canonical":"http:\/\/jornalismo.ufsj.edu.br\/site\/comunicacao\/a-vida-de-de-um-jornalista-universitario\/","og_locale":"pt_BR","og_type":"article","og_title":"A vida de de um jornalista universit\u00e1rio - Jornalismo UFSJ","og_description":"Provavelmente, antes de iniciar a vida universit\u00e1ria voc\u00ea assistiu aos filmes \u201cAmerican Pie\u201d e imaginou que aquelas festas depravadas eram um recorte da realidade. Mas, na verdade, o que te esperava era algo mais pr\u00f3ximo do filme \u201cA Espera de...","og_url":"http:\/\/jornalismo.ufsj.edu.br\/site\/comunicacao\/a-vida-de-de-um-jornalista-universitario\/","og_site_name":"Jornalismo UFSJ","article_publisher":"https:\/\/www.facebook.com\/jornalismoufsj\/","article_published_time":"2014-07-11T20:24:00+00:00","og_image":[{"url":"https:\/\/jornalismou.files.wordpress.com\/2014\/07\/91da5-universitc3a1rio.jpg"}],"twitter_card":"summary_large_image","twitter_creator":"@jornalismoufsj","twitter_site":"@jornalismoufsj","twitter_misc":{"Escrito por":""},"schema":{"@context":"https:\/\/schema.org","@graph":[{"@type":"WebPage","@id":"http:\/\/jornalismo.ufsj.edu.br\/site\/comunicacao\/a-vida-de-de-um-jornalista-universitario\/","url":"http:\/\/jornalismo.ufsj.edu.br\/site\/comunicacao\/a-vida-de-de-um-jornalista-universitario\/","name":"A vida de de um jornalista universit\u00e1rio - Jornalismo UFSJ","isPartOf":{"@id":"http:\/\/jornalismo.ufsj.edu.br\/site\/#website"},"datePublished":"2014-07-11T20:24:00+00:00","dateModified":"2014-07-11T20:24:00+00:00","author":{"@id":""},"breadcrumb":{"@id":"http:\/\/jornalismo.ufsj.edu.br\/site\/comunicacao\/a-vida-de-de-um-jornalista-universitario\/#breadcrumb"},"inLanguage":"pt-BR","potentialAction":[{"@type":"ReadAction","target":["http:\/\/jornalismo.ufsj.edu.br\/site\/comunicacao\/a-vida-de-de-um-jornalista-universitario\/"]}]},{"@type":"BreadcrumbList","@id":"http:\/\/jornalismo.ufsj.edu.br\/site\/comunicacao\/a-vida-de-de-um-jornalista-universitario\/#breadcrumb","itemListElement":[{"@type":"ListItem","position":1,"name":"In\u00edcio","item":"http:\/\/jornalismo.ufsj.edu.br\/site\/"},{"@type":"ListItem","position":2,"name":"A vida de de um jornalista universit\u00e1rio"}]},{"@type":"WebSite","@id":"http:\/\/jornalismo.ufsj.edu.br\/site\/#website","url":"http:\/\/jornalismo.ufsj.edu.br\/site\/","name":"Jornalismo UFSJ","description":"","potentialAction":[{"@type":"SearchAction","target":{"@type":"EntryPoint","urlTemplate":"http:\/\/jornalismo.ufsj.edu.br\/site\/?s={search_term_string}"},"query-input":"required name=search_term_string"}],"inLanguage":"pt-BR"},{"@type":"Person","@id":""}]}},"jetpack_featured_media_url":"","_links":{"self":[{"href":"http:\/\/jornalismo.ufsj.edu.br\/site\/wp-json\/wp\/v2\/posts\/966"}],"collection":[{"href":"http:\/\/jornalismo.ufsj.edu.br\/site\/wp-json\/wp\/v2\/posts"}],"about":[{"href":"http:\/\/jornalismo.ufsj.edu.br\/site\/wp-json\/wp\/v2\/types\/post"}],"author":[{"embeddable":true,"href":"http:\/\/jornalismo.ufsj.edu.br\/site\/wp-json\/wp\/v2\/users\/3"}],"replies":[{"embeddable":true,"href":"http:\/\/jornalismo.ufsj.edu.br\/site\/wp-json\/wp\/v2\/comments?post=966"}],"version-history":[{"count":0,"href":"http:\/\/jornalismo.ufsj.edu.br\/site\/wp-json\/wp\/v2\/posts\/966\/revisions"}],"wp:attachment":[{"href":"http:\/\/jornalismo.ufsj.edu.br\/site\/wp-json\/wp\/v2\/media?parent=966"}],"wp:term":[{"taxonomy":"category","embeddable":true,"href":"http:\/\/jornalismo.ufsj.edu.br\/site\/wp-json\/wp\/v2\/categories?post=966"},{"taxonomy":"post_tag","embeddable":true,"href":"http:\/\/jornalismo.ufsj.edu.br\/site\/wp-json\/wp\/v2\/tags?post=966"}],"curies":[{"name":"wp","href":"https:\/\/api.w.org\/{rel}","templated":true}]}}