{"id":6932,"date":"2019-12-16T00:01:16","date_gmt":"2019-12-16T03:01:16","guid":{"rendered":"http:\/\/jornalismo.ufsj.edu.br\/site\/?p=6932"},"modified":"2019-12-13T13:49:43","modified_gmt":"2019-12-13T16:49:43","slug":"artigo-o-webjornalismo-ja-tem-um-formato-definido","status":"publish","type":"post","link":"http:\/\/jornalismo.ufsj.edu.br\/site\/jornalismoufsj\/artigo-o-webjornalismo-ja-tem-um-formato-definido\/","title":{"rendered":"ARTIGO: O webjornalismo j\u00e1 tem um formato definido?"},"content":{"rendered":"\n<p>O webjornalismo \u00e9 um g\u00eanero da \u00e1rea da comunica\u00e7\u00e3o considerada muito recente, uma vez que \u00e9 datada da d\u00e9cada de 90. Desde ent\u00e3o, vem sofrendo muitas altera\u00e7\u00f5es. Um fator observado \u00e9 que por ser uma \u201cnovidade\u201d, o jornalismo de web, mesmo j\u00e1 tendo caracter\u00edsticas bem definidas quanto ao seu formato, n\u00e3o \u00e9 poss\u00edvel observar uma padroniza\u00e7\u00e3o.<br><br>As turmas de Ciberjornalismo da Faculdade de Artes, Letras e Comunica\u00e7\u00e3o da Universidade Federal de Mato Grosso do Sul (FAALC UFMS) chegaram a desenvolver um material sobre esse assunto. O <a href=\"https:\/\/readymag.com\/u48732589\/ManualPrimeiraNoticia\/2\/?fbclid=IwAR3horzcayJd0HuS7emTRtR8BH0cr-rbtacF6lKhhJbItaHozZ-NVO0x0z4\">&#8220;Manual de Reda\u00e7\u00e3o do Primeira Not\u00edcia&#8221;<\/a> apresenta as caracter\u00edsticas do webjornalismo em um site de not\u00edcia.<br><br>Um desses elementos \u00e9 o <strong>hiperlink <\/strong>&#8211; que de forma simples, pode ser definido como um link para outra publica\u00e7\u00e3o, com informa\u00e7\u00f5es complementares ao seu texto. Ele \u00e9 utilizado, por exemplo, quando s\u00e3o mencionadas: institui\u00e7\u00f5es, leis, p\u00e1ginas oficiais de fontes, pesquisas, pol\u00edticos etc.). O hiperlink \u00e9 obrigat\u00f3rio nas mat\u00e9rias online, mas nem sempre \u00e9 poss\u00edvel encontr\u00e1-los em grandes ve\u00edculos.<br><br>Observando o portal <a href=\"https:\/\/www.globo.com\/\">Globo.com<\/a>, a partir do que \u00e9 visto nesse manual, \u00e9 poss\u00edvel perceber elementos tradicionais do jornalismo impresso, tais como a pauta (assunto tratado na mat\u00e9ria), o primeiro par\u00e1grafo contendo o lide, segundo e terceiro com complementos das informa\u00e7\u00f5es e o quarto e quinto com curiosidades e informa\u00e7\u00f5es aprofundadas. Fotografias, que tamb\u00e9m s\u00e3o essenciais, aparecem no in\u00edcio da mat\u00e9ria e no meio. Por fim, s\u00e3o utilizadas ora\u00e7\u00f5es diretas, evitando ger\u00fandio e v\u00edcios de linguagem, bem como a cita\u00e7\u00e3o das fontes.<br><br>Al\u00e9m dos elementos comuns, principalmente quanto a formato, \u00e9 poss\u00edvel observar novos elementos como a ferramenta utilizada (<em>motion design<\/em>), que garante uma interface mais interativa e din\u00e2mica para o leitor, tendo um formato semelhante com o manual do Primeira Not\u00edcia. Temos tamb\u00e9m um uso substancial de \u00e1udios e v\u00eddeos, como forma complementar a informa\u00e7\u00e3o, pouco uso de hiperlinks, mesmo como j\u00e1 dito, sendo &#8220;obrigat\u00f3rio&#8221; nos tempos recentes.<br><br>Como indicado pela professora Marcella Ras\u00eara em sua p\u00f3s-gradua\u00e7\u00e3o na Universidade Federal de Pernambuco, hoje em dia, os modelos de webjornalismo n\u00e3o s\u00e3o (ou n\u00e3o deveriam ser) mais c\u00f3pias das mat\u00e9rias do jornalismo impresso e possuem formato diferente em virtude dos novos elementos &#8211; como \u00e1udio, v\u00eddeos e hiperlinks. No entanto, a grande quest\u00e3o \u00e9 que n\u00e3o h\u00e1 um modelo a ser definido para saber se pertence ou n\u00e3o ao ciberjornalismo. Em um site como o da Globo podemos observar in\u00fameras mat\u00e9rias com formato comum, sem o uso de hiperlinks ou mesmo, v\u00eddeos e \u00e1udios.<br><br>\u00c9 como o artigo de Thiara Reges, define bem. H\u00e1 20 anos, pesquisadores buscam encontrar um formato para essa forma de jornalismo digital, mas isso ainda \u00e9 muito distante. S\u00e3o vistos elementos como os j\u00e1 citados e algumas p\u00e1ginas de jornais que buscam, al\u00e9m das mat\u00e9rias publicadas, soltar outras com informa\u00e7\u00f5es a mais. De modo, ao nosso ver, mostrando que, al\u00e9m de um &#8220;n\u00e3o-formato&#8221;, existe uma depend\u00eancia da m\u00eddia impressa. <br><br>O webjornalismo ainda \u00e9 um g\u00eanero textual muito novo e que carece de tempo para ter um formato bem definido. J\u00e1 \u00e9 poss\u00edvel observar algumas caracter\u00edsticas, mas ainda consideradas inconclusivas para um padr\u00e3o dos textos do ciberjornalismo. Pode ser que, talvez, o jornalismo da web, nunca tenha um padr\u00e3o comum e sim elementos semelhante. Dos textos jornal\u00edsticos online que voc\u00eas fazem leitura, \u00e9 poss\u00edvel observar um formato diferente do impresso ou s\u00f3 alguns elementos diferenciados?<\/p>\n\n\n\n<hr class=\"wp-block-separator\"\/>\n\n\n\n<p><strong>Refer\u00eancias<\/strong><\/p>\n\n\n\n<p>ARAG\u00c3O, Manuela. <strong>Marcas do Muro de Berlim. <\/strong>G1. 09 nov 2019. Dispon\u00edvel em: &lt;https:\/\/especiais.g1.globo.com\/mundo\/2019\/marcas-do-muro-de-<br> berlim\/?_ga=2.217386579.430272404.1574860748-623800631.1553277558&gt; Acesso em 26 nov 2019. <br><br>LEMOS, Vin\u00edcius. <strong>&#8216;Minha m\u00e3e tem s\u00edndrome de Down&#8217;. <\/strong>G1.  26 nov 2019. Dispon\u00edvel em:  &lt;https:\/\/g1.globo.com\/ciencia-e-saude\/viva-voce\/noticia\/2019\/11\/26\/minha-mae-tem-sindrome-de-down.ghtml&gt;  Acesso em 26 nov 2019. <br><br>MARTINS, Gerson Luiz Mello; LAMPERTH, Claiane; MELO, Caroline. <strong>Manual Primeira Not\u00edcia.<\/strong> Fev 2019. Dispon\u00edvel em: &lt;https:\/\/readymag.com\/u48732589\/ManualPrimeiraNoticia\/2\/?fbclid=IwAR3horzcayJd0HuS7emTRtR8BH0cr-rbtacF6lKhhJbItaHozZ-NVO0x0z4&gt; Acesso em 26 nov 2019.<br><br>MOTA, Amaro. <strong>Marinha, Ibama e ANP confirmam segunda praia do RJ atingida pelo mesmo \u00f3leo do Nordeste.<\/strong> G1. 26 nov 2019.  Dispon\u00edvel em: &lt;https:\/\/g1.globo.com\/rj\/norte-fluminense\/noticia\/2019\/11\/26\/marinha-anp-e-ibama-confirmam-segunda-praia-do-rj-atingida-pelo-mesmo-oleo-do-nordeste-e-do-es.ghtml&gt; Acesso em: 26 nov 2019.<br><br>RAS\u00caRA, Marcella. <strong>Jornalismo digital: do boom aos dias atuais. Uma reflex\u00e3o sobre a necessidade da converg\u00eancia de meios decorrente da mudan\u00e7a de h\u00e1bitos de consumo da noticia.<\/strong> 2010. 9 f. Tese (Doutorado) &#8211; Curso de Jornalismo, Universidade Federal de Pernambuco, Pernambuco, 2010.<br><br>REGES, Thiara Luiza da Rocha. <strong>Caracter\u00edsticas e gera\u00e7\u00f5es do Webjornalismo: an\u00e1lise dos aspectos tecnol\u00f3gicos, editoriais e funcionais.<\/strong> 2010. 96 f. TCC (Gradua\u00e7\u00e3o) &#8211; Curso de Jornalismo, Faculdade S\u00e3o Francisco de Barreiras, S\u00e3o Francisco de Barreiras, 2010.<\/p>\n\n\n\n<p><strong>Texto:<\/strong> Lucas Faria e R\u00f3bson Melo<br><strong>Supervis\u00e3o:<\/strong> Profa. Alessandra de Falco<br><br><strong>Esta vers\u00e3o est\u00e1 editada por:<\/strong> Arthur Raposo Gomes<br><strong>Arte de destaque:<\/strong> \u00cdcaro Chaves<\/p>\n\n\n\n<p><br><\/p>\n","protected":false},"excerpt":{"rendered":"<p>O texto \u00e9 assinado por Lucas Faria e R\u00f3bson Melo e foi feito durante a disciplina de Comunica\u00e7\u00e3o Digital e Webjornalismo, da Profa. Alessandra de Falco<\/p>\n","protected":false},"author":2,"featured_media":6923,"comment_status":"open","ping_status":"open","sticky":false,"template":"","format":"standard","meta":{"_monsterinsights_skip_tracking":false,"_monsterinsights_sitenote_active":false,"_monsterinsights_sitenote_note":"","_monsterinsights_sitenote_category":0},"categories":[43,77],"tags":[290,294,244,119],"yoast_head":"<!-- This site is optimized with the Yoast SEO plugin v20.6 - https:\/\/yoast.com\/wordpress\/plugins\/seo\/ -->\n<title>ARTIGO: O webjornalismo j\u00e1 tem um formato definido? - Jornalismo UFSJ<\/title>\n<meta name=\"robots\" content=\"index, follow, max-snippet:-1, max-image-preview:large, max-video-preview:-1\" \/>\n<link rel=\"canonical\" href=\"http:\/\/anu.ufsj.edu.br\/site\/jornalismoufsj\/artigo-o-webjornalismo-ja-tem-um-formato-definido\/\" \/>\n<meta property=\"og:locale\" content=\"pt_BR\" \/>\n<meta property=\"og:type\" content=\"article\" \/>\n<meta property=\"og:title\" content=\"ARTIGO: O webjornalismo j\u00e1 tem um formato definido? - Jornalismo UFSJ\" \/>\n<meta property=\"og:description\" content=\"O texto \u00e9 assinado por Lucas Faria e R\u00f3bson Melo e foi feito durante a disciplina de Comunica\u00e7\u00e3o Digital e Webjornalismo, da Profa. Alessandra de Falco\" \/>\n<meta property=\"og:url\" content=\"http:\/\/anu.ufsj.edu.br\/site\/jornalismoufsj\/artigo-o-webjornalismo-ja-tem-um-formato-definido\/\" \/>\n<meta property=\"og:site_name\" content=\"Jornalismo UFSJ\" \/>\n<meta property=\"article:publisher\" content=\"https:\/\/www.facebook.com\/jornalismoufsj\/\" \/>\n<meta property=\"article:published_time\" content=\"2019-12-16T03:01:16+00:00\" \/>\n<meta property=\"article:modified_time\" content=\"2019-12-13T16:49:43+00:00\" \/>\n<meta property=\"og:image\" content=\"http:\/\/anu.ufsj.edu.br\/site\/wp-content\/uploads\/2019\/12\/WhatsApp-Image-2019-12-12-at-16.12.39.jpeg\" \/>\n\t<meta property=\"og:image:width\" content=\"1272\" \/>\n\t<meta property=\"og:image:height\" content=\"620\" \/>\n\t<meta property=\"og:image:type\" content=\"image\/jpeg\" \/>\n<meta name=\"author\" content=\"Jornalismo UFSJ\" \/>\n<meta name=\"twitter:card\" content=\"summary_large_image\" \/>\n<meta name=\"twitter:creator\" content=\"@jornalismoufsj\" \/>\n<meta name=\"twitter:site\" content=\"@jornalismoufsj\" \/>\n<meta name=\"twitter:label1\" content=\"Escrito por\" \/>\n\t<meta name=\"twitter:data1\" content=\"Jornalismo UFSJ\" \/>\n\t<meta name=\"twitter:label2\" content=\"Est. tempo de leitura\" \/>\n\t<meta name=\"twitter:data2\" content=\"4 minutos\" \/>\n<script type=\"application\/ld+json\" class=\"yoast-schema-graph\">{\"@context\":\"https:\/\/schema.org\",\"@graph\":[{\"@type\":\"WebPage\",\"@id\":\"http:\/\/anu.ufsj.edu.br\/site\/jornalismoufsj\/artigo-o-webjornalismo-ja-tem-um-formato-definido\/\",\"url\":\"http:\/\/anu.ufsj.edu.br\/site\/jornalismoufsj\/artigo-o-webjornalismo-ja-tem-um-formato-definido\/\",\"name\":\"ARTIGO: O webjornalismo j\u00e1 tem um formato definido? - Jornalismo UFSJ\",\"isPartOf\":{\"@id\":\"http:\/\/jornalismo.ufsj.edu.br\/site\/#website\"},\"datePublished\":\"2019-12-16T03:01:16+00:00\",\"dateModified\":\"2019-12-13T16:49:43+00:00\",\"author\":{\"@id\":\"http:\/\/jornalismo.ufsj.edu.br\/site\/#\/schema\/person\/f2aab557f9f94fdae1e2e2b0e6a81536\"},\"breadcrumb\":{\"@id\":\"http:\/\/anu.ufsj.edu.br\/site\/jornalismoufsj\/artigo-o-webjornalismo-ja-tem-um-formato-definido\/#breadcrumb\"},\"inLanguage\":\"pt-BR\",\"potentialAction\":[{\"@type\":\"ReadAction\",\"target\":[\"http:\/\/anu.ufsj.edu.br\/site\/jornalismoufsj\/artigo-o-webjornalismo-ja-tem-um-formato-definido\/\"]}]},{\"@type\":\"BreadcrumbList\",\"@id\":\"http:\/\/anu.ufsj.edu.br\/site\/jornalismoufsj\/artigo-o-webjornalismo-ja-tem-um-formato-definido\/#breadcrumb\",\"itemListElement\":[{\"@type\":\"ListItem\",\"position\":1,\"name\":\"In\u00edcio\",\"item\":\"http:\/\/jornalismo.ufsj.edu.br\/site\/\"},{\"@type\":\"ListItem\",\"position\":2,\"name\":\"ARTIGO: O webjornalismo j\u00e1 tem um formato definido?\"}]},{\"@type\":\"WebSite\",\"@id\":\"http:\/\/jornalismo.ufsj.edu.br\/site\/#website\",\"url\":\"http:\/\/jornalismo.ufsj.edu.br\/site\/\",\"name\":\"Jornalismo UFSJ\",\"description\":\"\",\"potentialAction\":[{\"@type\":\"SearchAction\",\"target\":{\"@type\":\"EntryPoint\",\"urlTemplate\":\"http:\/\/jornalismo.ufsj.edu.br\/site\/?s={search_term_string}\"},\"query-input\":\"required name=search_term_string\"}],\"inLanguage\":\"pt-BR\"},{\"@type\":\"Person\",\"@id\":\"http:\/\/jornalismo.ufsj.edu.br\/site\/#\/schema\/person\/f2aab557f9f94fdae1e2e2b0e6a81536\",\"name\":\"Jornalismo UFSJ\",\"image\":{\"@type\":\"ImageObject\",\"inLanguage\":\"pt-BR\",\"@id\":\"http:\/\/jornalismo.ufsj.edu.br\/site\/#\/schema\/person\/image\/\",\"url\":\"http:\/\/0.gravatar.com\/avatar\/3caca5e541257fa5c0030bb58ce55972?s=96&d=mm&r=g\",\"contentUrl\":\"http:\/\/0.gravatar.com\/avatar\/3caca5e541257fa5c0030bb58ce55972?s=96&d=mm&r=g\",\"caption\":\"Jornalismo UFSJ\"}}]}<\/script>\n<!-- \/ Yoast SEO plugin. -->","yoast_head_json":{"title":"ARTIGO: O webjornalismo j\u00e1 tem um formato definido? - Jornalismo UFSJ","robots":{"index":"index","follow":"follow","max-snippet":"max-snippet:-1","max-image-preview":"max-image-preview:large","max-video-preview":"max-video-preview:-1"},"canonical":"http:\/\/anu.ufsj.edu.br\/site\/jornalismoufsj\/artigo-o-webjornalismo-ja-tem-um-formato-definido\/","og_locale":"pt_BR","og_type":"article","og_title":"ARTIGO: O webjornalismo j\u00e1 tem um formato definido? - Jornalismo UFSJ","og_description":"O texto \u00e9 assinado por Lucas Faria e R\u00f3bson Melo e foi feito durante a disciplina de Comunica\u00e7\u00e3o Digital e Webjornalismo, da Profa. Alessandra de Falco","og_url":"http:\/\/anu.ufsj.edu.br\/site\/jornalismoufsj\/artigo-o-webjornalismo-ja-tem-um-formato-definido\/","og_site_name":"Jornalismo UFSJ","article_publisher":"https:\/\/www.facebook.com\/jornalismoufsj\/","article_published_time":"2019-12-16T03:01:16+00:00","article_modified_time":"2019-12-13T16:49:43+00:00","og_image":[{"width":1272,"height":620,"url":"http:\/\/anu.ufsj.edu.br\/site\/wp-content\/uploads\/2019\/12\/WhatsApp-Image-2019-12-12-at-16.12.39.jpeg","type":"image\/jpeg"}],"author":"Jornalismo UFSJ","twitter_card":"summary_large_image","twitter_creator":"@jornalismoufsj","twitter_site":"@jornalismoufsj","twitter_misc":{"Escrito por":"Jornalismo UFSJ","Est. tempo de leitura":"4 minutos"},"schema":{"@context":"https:\/\/schema.org","@graph":[{"@type":"WebPage","@id":"http:\/\/anu.ufsj.edu.br\/site\/jornalismoufsj\/artigo-o-webjornalismo-ja-tem-um-formato-definido\/","url":"http:\/\/anu.ufsj.edu.br\/site\/jornalismoufsj\/artigo-o-webjornalismo-ja-tem-um-formato-definido\/","name":"ARTIGO: O webjornalismo j\u00e1 tem um formato definido? - Jornalismo UFSJ","isPartOf":{"@id":"http:\/\/jornalismo.ufsj.edu.br\/site\/#website"},"datePublished":"2019-12-16T03:01:16+00:00","dateModified":"2019-12-13T16:49:43+00:00","author":{"@id":"http:\/\/jornalismo.ufsj.edu.br\/site\/#\/schema\/person\/f2aab557f9f94fdae1e2e2b0e6a81536"},"breadcrumb":{"@id":"http:\/\/anu.ufsj.edu.br\/site\/jornalismoufsj\/artigo-o-webjornalismo-ja-tem-um-formato-definido\/#breadcrumb"},"inLanguage":"pt-BR","potentialAction":[{"@type":"ReadAction","target":["http:\/\/anu.ufsj.edu.br\/site\/jornalismoufsj\/artigo-o-webjornalismo-ja-tem-um-formato-definido\/"]}]},{"@type":"BreadcrumbList","@id":"http:\/\/anu.ufsj.edu.br\/site\/jornalismoufsj\/artigo-o-webjornalismo-ja-tem-um-formato-definido\/#breadcrumb","itemListElement":[{"@type":"ListItem","position":1,"name":"In\u00edcio","item":"http:\/\/jornalismo.ufsj.edu.br\/site\/"},{"@type":"ListItem","position":2,"name":"ARTIGO: O webjornalismo j\u00e1 tem um formato definido?"}]},{"@type":"WebSite","@id":"http:\/\/jornalismo.ufsj.edu.br\/site\/#website","url":"http:\/\/jornalismo.ufsj.edu.br\/site\/","name":"Jornalismo UFSJ","description":"","potentialAction":[{"@type":"SearchAction","target":{"@type":"EntryPoint","urlTemplate":"http:\/\/jornalismo.ufsj.edu.br\/site\/?s={search_term_string}"},"query-input":"required name=search_term_string"}],"inLanguage":"pt-BR"},{"@type":"Person","@id":"http:\/\/jornalismo.ufsj.edu.br\/site\/#\/schema\/person\/f2aab557f9f94fdae1e2e2b0e6a81536","name":"Jornalismo UFSJ","image":{"@type":"ImageObject","inLanguage":"pt-BR","@id":"http:\/\/jornalismo.ufsj.edu.br\/site\/#\/schema\/person\/image\/","url":"http:\/\/0.gravatar.com\/avatar\/3caca5e541257fa5c0030bb58ce55972?s=96&d=mm&r=g","contentUrl":"http:\/\/0.gravatar.com\/avatar\/3caca5e541257fa5c0030bb58ce55972?s=96&d=mm&r=g","caption":"Jornalismo UFSJ"}}]}},"jetpack_featured_media_url":"http:\/\/jornalismo.ufsj.edu.br\/site\/wp-content\/uploads\/2019\/12\/WhatsApp-Image-2019-12-12-at-16.12.39.jpeg","_links":{"self":[{"href":"http:\/\/jornalismo.ufsj.edu.br\/site\/wp-json\/wp\/v2\/posts\/6932"}],"collection":[{"href":"http:\/\/jornalismo.ufsj.edu.br\/site\/wp-json\/wp\/v2\/posts"}],"about":[{"href":"http:\/\/jornalismo.ufsj.edu.br\/site\/wp-json\/wp\/v2\/types\/post"}],"author":[{"embeddable":true,"href":"http:\/\/jornalismo.ufsj.edu.br\/site\/wp-json\/wp\/v2\/users\/2"}],"replies":[{"embeddable":true,"href":"http:\/\/jornalismo.ufsj.edu.br\/site\/wp-json\/wp\/v2\/comments?post=6932"}],"version-history":[{"count":4,"href":"http:\/\/jornalismo.ufsj.edu.br\/site\/wp-json\/wp\/v2\/posts\/6932\/revisions"}],"predecessor-version":[{"id":6944,"href":"http:\/\/jornalismo.ufsj.edu.br\/site\/wp-json\/wp\/v2\/posts\/6932\/revisions\/6944"}],"wp:featuredmedia":[{"embeddable":true,"href":"http:\/\/jornalismo.ufsj.edu.br\/site\/wp-json\/wp\/v2\/media\/6923"}],"wp:attachment":[{"href":"http:\/\/jornalismo.ufsj.edu.br\/site\/wp-json\/wp\/v2\/media?parent=6932"}],"wp:term":[{"taxonomy":"category","embeddable":true,"href":"http:\/\/jornalismo.ufsj.edu.br\/site\/wp-json\/wp\/v2\/categories?post=6932"},{"taxonomy":"post_tag","embeddable":true,"href":"http:\/\/jornalismo.ufsj.edu.br\/site\/wp-json\/wp\/v2\/tags?post=6932"}],"curies":[{"name":"wp","href":"https:\/\/api.w.org\/{rel}","templated":true}]}}