{"id":6885,"date":"2019-11-28T14:34:36","date_gmt":"2019-11-28T17:34:36","guid":{"rendered":"http:\/\/jornalismo.ufsj.edu.br\/site\/?p=6885"},"modified":"2019-11-28T14:35:33","modified_gmt":"2019-11-28T17:35:33","slug":"vestigios-na-fotografia-de-guerra-e-tema-de-palestra-no-centro-cultural-da-ufsj","status":"publish","type":"post","link":"http:\/\/jornalismo.ufsj.edu.br\/site\/professores\/vestigios-na-fotografia-de-guerra-e-tema-de-palestra-no-centro-cultural-da-ufsj\/","title":{"rendered":"Vest\u00edgios na fotografia de guerra \u00e9 tema de palestra no Centro Cultural da UFSJ"},"content":{"rendered":"\n<p><em>O\nmomento vai ser conduzido por docente do curso de Jornalismo da UFSJ<\/em><\/p>\n\n\n\n<p>A professora do Departamento de Comunica\u00e7\u00e3o Social (DCOMS), K\u00e1tia Lombardi, vai ministrar uma palestra sobre \u201ca presen\u00e7a\/aus\u00eancia de vest\u00edgios em fotografias que abordam a guerra\u201d durante a edi\u00e7\u00e3o 2019 da <a href=\"https:\/\/www.facebook.com\/events\/984210161937603\/?__mref=mb\">Mostra Vest\u00edgios<\/a>. A apresenta\u00e7\u00e3o est\u00e1 marcada para esta sexta-feira, dia 29, \u00e0s 19h, no Centro Cultural da UFSJ.<\/p>\n\n\n\n<p>De acordo com K\u00e1tia, a palestra \u00e9 um desdobramento da sua tese de doutorado, sendo constitu\u00edda tamb\u00e9m por novos trabalhos fotogr\u00e1ficos que foram acrescentados. <\/p>\n\n\n\n<p><strong>Sobre o evento<\/strong><br><br>A Mostra Vest\u00edgios \u00e9 produzida, anualmente, pelos estudantes da disciplina \u201cTeoria e Cr\u00edtica da A\u00e7\u00e3o Interdisciplinar: Transdiplinaridade, ArteCi\u00eancia e Articula\u00e7\u00e3o de Saberes\u201d que integra a matriz do Programa Interdepartamental de P\u00f3s-gradua\u00e7\u00e3o Interdisciplinar em Artes, Urbanidades e Sustentabilidade (PIPAUS) da UFSJ.<br><br>A programa\u00e7\u00e3o \u00e9 formada por uma exposi\u00e7\u00e3o de trabalhos, que unem a teoria com a pr\u00e1tica, oficinas, conversas e outros momentos diversos.<br><br>A participa\u00e7\u00e3o no evento <strong>garante certificado de horas complementares.<\/strong> Para fazer a sua inscri\u00e7\u00e3o gratuita, acesse o <a href=\"https:\/\/docs.google.com\/forms\/d\/e\/1FAIpQLSf5XtdI60o1LEHenko9M_1HLtuxgFxQRmggFPwpAoP7VKc8zQ\/viewform?fbclid=IwAR3armMvvHgeOAH6bY_JGPH8h7VETTUG5uxAIB3QER0IfChNVwUuHbxjPwo\">link<\/a>.<\/p>\n\n\n\n<p><strong>Servi\u00e7o<\/strong><br><br><strong>Evento:<\/strong> Palestra \u2013 A presen\u00e7a\/aus\u00eancia de vest\u00edgios em fotografias que abordam a guerra<br><strong>Dia:<\/strong> 29 de novembro<br><strong>Hor\u00e1rio: <\/strong>19h<br><strong>Local:<\/strong> Centro Cultural da UFSJ \u2013 Pra\u00e7a Dr. Augusto das Chagas Viegas, n. 17 \u2013 Largo do Carmo, S\u00e3o Jo\u00e3o del-Rei.<\/p>\n\n\n\n<p><strong>Texto:<\/strong> Arthur Raposo Gomes<br><strong>Imagem:<\/strong> Reprodu\u00e7\u00e3o \/ Facebook<\/p>\n","protected":false},"excerpt":{"rendered":"<p>O momento vai ser conduzido por docente do curso de Jornalismo da UFSJ<\/p>\n","protected":false},"author":2,"featured_media":6886,"comment_status":"open","ping_status":"open","sticky":false,"template":"","format":"standard","meta":{"_monsterinsights_skip_tracking":false,"_monsterinsights_sitenote_active":false,"_monsterinsights_sitenote_note":"","_monsterinsights_sitenote_category":0},"categories":[43,65],"tags":[281,280,119,282,186],"yoast_head":"<!-- This site is optimized with the Yoast SEO plugin v20.6 - https:\/\/yoast.com\/wordpress\/plugins\/seo\/ -->\n<title>Vest\u00edgios na fotografia de guerra \u00e9 tema de palestra no Centro Cultural da UFSJ - Jornalismo UFSJ<\/title>\n<meta name=\"robots\" content=\"index, follow, max-snippet:-1, max-image-preview:large, max-video-preview:-1\" \/>\n<link rel=\"canonical\" href=\"http:\/\/anu.ufsj.edu.br\/site\/professores\/vestigios-na-fotografia-de-guerra-e-tema-de-palestra-no-centro-cultural-da-ufsj\/\" \/>\n<meta property=\"og:locale\" content=\"pt_BR\" \/>\n<meta property=\"og:type\" content=\"article\" \/>\n<meta property=\"og:title\" content=\"Vest\u00edgios na fotografia de guerra \u00e9 tema de palestra no Centro Cultural da UFSJ - Jornalismo UFSJ\" \/>\n<meta property=\"og:description\" content=\"O momento vai ser conduzido por docente do curso de Jornalismo da UFSJ\" \/>\n<meta property=\"og:url\" content=\"http:\/\/anu.ufsj.edu.br\/site\/professores\/vestigios-na-fotografia-de-guerra-e-tema-de-palestra-no-centro-cultural-da-ufsj\/\" \/>\n<meta property=\"og:site_name\" content=\"Jornalismo UFSJ\" \/>\n<meta property=\"article:publisher\" content=\"https:\/\/www.facebook.com\/jornalismoufsj\/\" \/>\n<meta property=\"article:published_time\" content=\"2019-11-28T17:34:36+00:00\" \/>\n<meta property=\"article:modified_time\" content=\"2019-11-28T17:35:33+00:00\" \/>\n<meta property=\"og:image\" content=\"http:\/\/anu.ufsj.edu.br\/site\/wp-content\/uploads\/2019\/11\/76227410_2541204249302305_5581930568091697152_o.jpg\" \/>\n\t<meta property=\"og:image:width\" content=\"960\" \/>\n\t<meta property=\"og:image:height\" content=\"960\" \/>\n\t<meta property=\"og:image:type\" content=\"image\/jpeg\" \/>\n<meta name=\"author\" content=\"Jornalismo UFSJ\" \/>\n<meta name=\"twitter:card\" content=\"summary_large_image\" \/>\n<meta name=\"twitter:creator\" content=\"@jornalismoufsj\" \/>\n<meta name=\"twitter:site\" content=\"@jornalismoufsj\" \/>\n<meta name=\"twitter:label1\" content=\"Escrito por\" \/>\n\t<meta name=\"twitter:data1\" content=\"Jornalismo UFSJ\" \/>\n\t<meta name=\"twitter:label2\" content=\"Est. tempo de leitura\" \/>\n\t<meta name=\"twitter:data2\" content=\"1 minuto\" \/>\n<script type=\"application\/ld+json\" class=\"yoast-schema-graph\">{\"@context\":\"https:\/\/schema.org\",\"@graph\":[{\"@type\":\"WebPage\",\"@id\":\"http:\/\/anu.ufsj.edu.br\/site\/professores\/vestigios-na-fotografia-de-guerra-e-tema-de-palestra-no-centro-cultural-da-ufsj\/\",\"url\":\"http:\/\/anu.ufsj.edu.br\/site\/professores\/vestigios-na-fotografia-de-guerra-e-tema-de-palestra-no-centro-cultural-da-ufsj\/\",\"name\":\"Vest\u00edgios na fotografia de guerra \u00e9 tema de palestra no Centro Cultural da UFSJ - Jornalismo UFSJ\",\"isPartOf\":{\"@id\":\"http:\/\/jornalismo.ufsj.edu.br\/site\/#website\"},\"datePublished\":\"2019-11-28T17:34:36+00:00\",\"dateModified\":\"2019-11-28T17:35:33+00:00\",\"author\":{\"@id\":\"http:\/\/jornalismo.ufsj.edu.br\/site\/#\/schema\/person\/f2aab557f9f94fdae1e2e2b0e6a81536\"},\"breadcrumb\":{\"@id\":\"http:\/\/anu.ufsj.edu.br\/site\/professores\/vestigios-na-fotografia-de-guerra-e-tema-de-palestra-no-centro-cultural-da-ufsj\/#breadcrumb\"},\"inLanguage\":\"pt-BR\",\"potentialAction\":[{\"@type\":\"ReadAction\",\"target\":[\"http:\/\/anu.ufsj.edu.br\/site\/professores\/vestigios-na-fotografia-de-guerra-e-tema-de-palestra-no-centro-cultural-da-ufsj\/\"]}]},{\"@type\":\"BreadcrumbList\",\"@id\":\"http:\/\/anu.ufsj.edu.br\/site\/professores\/vestigios-na-fotografia-de-guerra-e-tema-de-palestra-no-centro-cultural-da-ufsj\/#breadcrumb\",\"itemListElement\":[{\"@type\":\"ListItem\",\"position\":1,\"name\":\"In\u00edcio\",\"item\":\"http:\/\/jornalismo.ufsj.edu.br\/site\/\"},{\"@type\":\"ListItem\",\"position\":2,\"name\":\"Vest\u00edgios na fotografia de guerra \u00e9 tema de palestra no Centro Cultural da UFSJ\"}]},{\"@type\":\"WebSite\",\"@id\":\"http:\/\/jornalismo.ufsj.edu.br\/site\/#website\",\"url\":\"http:\/\/jornalismo.ufsj.edu.br\/site\/\",\"name\":\"Jornalismo UFSJ\",\"description\":\"\",\"potentialAction\":[{\"@type\":\"SearchAction\",\"target\":{\"@type\":\"EntryPoint\",\"urlTemplate\":\"http:\/\/jornalismo.ufsj.edu.br\/site\/?s={search_term_string}\"},\"query-input\":\"required name=search_term_string\"}],\"inLanguage\":\"pt-BR\"},{\"@type\":\"Person\",\"@id\":\"http:\/\/jornalismo.ufsj.edu.br\/site\/#\/schema\/person\/f2aab557f9f94fdae1e2e2b0e6a81536\",\"name\":\"Jornalismo UFSJ\",\"image\":{\"@type\":\"ImageObject\",\"inLanguage\":\"pt-BR\",\"@id\":\"http:\/\/jornalismo.ufsj.edu.br\/site\/#\/schema\/person\/image\/\",\"url\":\"http:\/\/0.gravatar.com\/avatar\/3caca5e541257fa5c0030bb58ce55972?s=96&d=mm&r=g\",\"contentUrl\":\"http:\/\/0.gravatar.com\/avatar\/3caca5e541257fa5c0030bb58ce55972?s=96&d=mm&r=g\",\"caption\":\"Jornalismo UFSJ\"}}]}<\/script>\n<!-- \/ Yoast SEO plugin. -->","yoast_head_json":{"title":"Vest\u00edgios na fotografia de guerra \u00e9 tema de palestra no Centro Cultural da UFSJ - Jornalismo UFSJ","robots":{"index":"index","follow":"follow","max-snippet":"max-snippet:-1","max-image-preview":"max-image-preview:large","max-video-preview":"max-video-preview:-1"},"canonical":"http:\/\/anu.ufsj.edu.br\/site\/professores\/vestigios-na-fotografia-de-guerra-e-tema-de-palestra-no-centro-cultural-da-ufsj\/","og_locale":"pt_BR","og_type":"article","og_title":"Vest\u00edgios na fotografia de guerra \u00e9 tema de palestra no Centro Cultural da UFSJ - Jornalismo UFSJ","og_description":"O momento vai ser conduzido por docente do curso de Jornalismo da UFSJ","og_url":"http:\/\/anu.ufsj.edu.br\/site\/professores\/vestigios-na-fotografia-de-guerra-e-tema-de-palestra-no-centro-cultural-da-ufsj\/","og_site_name":"Jornalismo UFSJ","article_publisher":"https:\/\/www.facebook.com\/jornalismoufsj\/","article_published_time":"2019-11-28T17:34:36+00:00","article_modified_time":"2019-11-28T17:35:33+00:00","og_image":[{"width":960,"height":960,"url":"http:\/\/anu.ufsj.edu.br\/site\/wp-content\/uploads\/2019\/11\/76227410_2541204249302305_5581930568091697152_o.jpg","type":"image\/jpeg"}],"author":"Jornalismo UFSJ","twitter_card":"summary_large_image","twitter_creator":"@jornalismoufsj","twitter_site":"@jornalismoufsj","twitter_misc":{"Escrito por":"Jornalismo UFSJ","Est. tempo de leitura":"1 minuto"},"schema":{"@context":"https:\/\/schema.org","@graph":[{"@type":"WebPage","@id":"http:\/\/anu.ufsj.edu.br\/site\/professores\/vestigios-na-fotografia-de-guerra-e-tema-de-palestra-no-centro-cultural-da-ufsj\/","url":"http:\/\/anu.ufsj.edu.br\/site\/professores\/vestigios-na-fotografia-de-guerra-e-tema-de-palestra-no-centro-cultural-da-ufsj\/","name":"Vest\u00edgios na fotografia de guerra \u00e9 tema de palestra no Centro Cultural da UFSJ - Jornalismo UFSJ","isPartOf":{"@id":"http:\/\/jornalismo.ufsj.edu.br\/site\/#website"},"datePublished":"2019-11-28T17:34:36+00:00","dateModified":"2019-11-28T17:35:33+00:00","author":{"@id":"http:\/\/jornalismo.ufsj.edu.br\/site\/#\/schema\/person\/f2aab557f9f94fdae1e2e2b0e6a81536"},"breadcrumb":{"@id":"http:\/\/anu.ufsj.edu.br\/site\/professores\/vestigios-na-fotografia-de-guerra-e-tema-de-palestra-no-centro-cultural-da-ufsj\/#breadcrumb"},"inLanguage":"pt-BR","potentialAction":[{"@type":"ReadAction","target":["http:\/\/anu.ufsj.edu.br\/site\/professores\/vestigios-na-fotografia-de-guerra-e-tema-de-palestra-no-centro-cultural-da-ufsj\/"]}]},{"@type":"BreadcrumbList","@id":"http:\/\/anu.ufsj.edu.br\/site\/professores\/vestigios-na-fotografia-de-guerra-e-tema-de-palestra-no-centro-cultural-da-ufsj\/#breadcrumb","itemListElement":[{"@type":"ListItem","position":1,"name":"In\u00edcio","item":"http:\/\/jornalismo.ufsj.edu.br\/site\/"},{"@type":"ListItem","position":2,"name":"Vest\u00edgios na fotografia de guerra \u00e9 tema de palestra no Centro Cultural da UFSJ"}]},{"@type":"WebSite","@id":"http:\/\/jornalismo.ufsj.edu.br\/site\/#website","url":"http:\/\/jornalismo.ufsj.edu.br\/site\/","name":"Jornalismo UFSJ","description":"","potentialAction":[{"@type":"SearchAction","target":{"@type":"EntryPoint","urlTemplate":"http:\/\/jornalismo.ufsj.edu.br\/site\/?s={search_term_string}"},"query-input":"required name=search_term_string"}],"inLanguage":"pt-BR"},{"@type":"Person","@id":"http:\/\/jornalismo.ufsj.edu.br\/site\/#\/schema\/person\/f2aab557f9f94fdae1e2e2b0e6a81536","name":"Jornalismo UFSJ","image":{"@type":"ImageObject","inLanguage":"pt-BR","@id":"http:\/\/jornalismo.ufsj.edu.br\/site\/#\/schema\/person\/image\/","url":"http:\/\/0.gravatar.com\/avatar\/3caca5e541257fa5c0030bb58ce55972?s=96&d=mm&r=g","contentUrl":"http:\/\/0.gravatar.com\/avatar\/3caca5e541257fa5c0030bb58ce55972?s=96&d=mm&r=g","caption":"Jornalismo UFSJ"}}]}},"jetpack_featured_media_url":"http:\/\/jornalismo.ufsj.edu.br\/site\/wp-content\/uploads\/2019\/11\/76227410_2541204249302305_5581930568091697152_o.jpg","_links":{"self":[{"href":"http:\/\/jornalismo.ufsj.edu.br\/site\/wp-json\/wp\/v2\/posts\/6885"}],"collection":[{"href":"http:\/\/jornalismo.ufsj.edu.br\/site\/wp-json\/wp\/v2\/posts"}],"about":[{"href":"http:\/\/jornalismo.ufsj.edu.br\/site\/wp-json\/wp\/v2\/types\/post"}],"author":[{"embeddable":true,"href":"http:\/\/jornalismo.ufsj.edu.br\/site\/wp-json\/wp\/v2\/users\/2"}],"replies":[{"embeddable":true,"href":"http:\/\/jornalismo.ufsj.edu.br\/site\/wp-json\/wp\/v2\/comments?post=6885"}],"version-history":[{"count":2,"href":"http:\/\/jornalismo.ufsj.edu.br\/site\/wp-json\/wp\/v2\/posts\/6885\/revisions"}],"predecessor-version":[{"id":6888,"href":"http:\/\/jornalismo.ufsj.edu.br\/site\/wp-json\/wp\/v2\/posts\/6885\/revisions\/6888"}],"wp:featuredmedia":[{"embeddable":true,"href":"http:\/\/jornalismo.ufsj.edu.br\/site\/wp-json\/wp\/v2\/media\/6886"}],"wp:attachment":[{"href":"http:\/\/jornalismo.ufsj.edu.br\/site\/wp-json\/wp\/v2\/media?parent=6885"}],"wp:term":[{"taxonomy":"category","embeddable":true,"href":"http:\/\/jornalismo.ufsj.edu.br\/site\/wp-json\/wp\/v2\/categories?post=6885"},{"taxonomy":"post_tag","embeddable":true,"href":"http:\/\/jornalismo.ufsj.edu.br\/site\/wp-json\/wp\/v2\/tags?post=6885"}],"curies":[{"name":"wp","href":"https:\/\/api.w.org\/{rel}","templated":true}]}}