{"id":6843,"date":"2019-11-04T00:08:48","date_gmt":"2019-11-04T03:08:48","guid":{"rendered":"http:\/\/jornalismo.ufsj.edu.br\/site\/?p=6843"},"modified":"2019-11-01T11:15:31","modified_gmt":"2019-11-01T14:15:31","slug":"estudante-lanca-livro-durante-vii-seminario-de-inclusao-no-ensino-superior-da-ufsj","status":"publish","type":"post","link":"http:\/\/jornalismo.ufsj.edu.br\/site\/jornalismoufsj\/estudante-lanca-livro-durante-vii-seminario-de-inclusao-no-ensino-superior-da-ufsj\/","title":{"rendered":"Estudante lan\u00e7a livro durante VII Semin\u00e1rio de Inclus\u00e3o no Ensino Superior da UFSJ"},"content":{"rendered":"\n<p><em>Evento\nconta com palestras, oficinas, apresenta\u00e7\u00e3o de trabalhos e rodas de conversa<\/em><\/p>\n\n\n\n<p>O estudante do 4\u00ba per\u00edodo de Jornalismo, Lucas Guimar\u00e3es, lan\u00e7ar\u00e1 o seu livro \u201cEnsaios sobre a semi-cegueira\u201d durante o VII Semin\u00e1rio de Inclus\u00e3o no Ensino Superior da UFSJ (<a href=\"https:\/\/ufsj.edu.br\/sines\/\">Sines UFSJ<\/a>), que acontece entre os dias 04 e 05 de novembro, no Campus Dom Bosco (CDB).<\/p>\n\n\n\n<div class=\"wp-block-image\"><figure class=\"alignright is-resized\"><img loading=\"lazy\" src=\"http:\/\/jornalismo.ufsj.edu.br\/site\/wp-content\/uploads\/2019\/11\/WhatsApp-Image-2019-11-01-at-10.53.56-1.jpeg\" alt=\"\" class=\"wp-image-6847\" width=\"230\" height=\"287\" srcset=\"http:\/\/jornalismo.ufsj.edu.br\/site\/wp-content\/uploads\/2019\/11\/WhatsApp-Image-2019-11-01-at-10.53.56-1.jpeg 640w, http:\/\/jornalismo.ufsj.edu.br\/site\/wp-content\/uploads\/2019\/11\/WhatsApp-Image-2019-11-01-at-10.53.56-1-240x300.jpeg 240w\" sizes=\"(max-width: 230px) 100vw, 230px\" \/><\/figure><\/div>\n\n\n\n<p>De acordo com Lucas, que foi convidado pelo Setor de Inclus\u00e3o e Assuntos Comunit\u00e1rios (Sinac), as expectativas para o evento est\u00e3o as melhores poss\u00edveis. \u201cGostei muito da programa\u00e7\u00e3o do Sines e acredito que vai ser um momento muito importante de troca de experi\u00eancias. O livro caminha muito por esse lado, \u00e9 um relato social, psicol\u00f3gico e pessoal que me fez muito bem escrever, e que eu espero que fa\u00e7a bem tamb\u00e9m a quem for ler\u201d, revela.<br> <br><strong>Sobre o evento<\/strong><\/p>\n\n\n\n<p>O tema principal da edi\u00e7\u00e3o 2019 do Sines \u00e9 a inclus\u00e3o de pessoas com diversidade funcional nos diversos espa\u00e7os sociais, bem como a reflex\u00e3o de assuntos considerados importantes pelas pr\u00f3prias pessoas com defici\u00eancia e a capacita\u00e7\u00e3o de profissionais para o trabalho nesse campo.<\/p>\n\n\n\n<p>O evento \u00e9 organizado pelo Sinac, o N\u00facleo de Pesquisa em Acessibilidade, Diversidade e Trabalho (Nace) e o Grupo de Acessibilidade Arquitet\u00f4nica e Urban\u00edstica (GRAAU).<\/p>\n\n\n\n<p><strong>Servi\u00e7o<\/strong><\/p>\n\n\n\n<p>O\nlan\u00e7amento oficial do livro vai ocorrer hoje, dia 04, entre \u00e0s 18h e 20h, em\nfrente ao teatro do CDB. A obra poder\u00e1 ser adquirida por R$20.<\/p>\n\n\n\n<p><strong>Edi\u00e7\u00e3o:<\/strong> Arthur Raposo Gomes<\/p>\n\n\n\n<p><strong>Fotos:<\/strong> Arquivo pessoal<\/p>\n","protected":false},"excerpt":{"rendered":"<p>Evento conta com palestras, oficinas, apresenta\u00e7\u00e3o de trabalhos e rodas de conversa<\/p>\n","protected":false},"author":2,"featured_media":6845,"comment_status":"open","ping_status":"open","sticky":false,"template":"","format":"standard","meta":{"_monsterinsights_skip_tracking":false,"_monsterinsights_sitenote_active":false,"_monsterinsights_sitenote_note":"","_monsterinsights_sitenote_category":0},"categories":[43,73],"tags":[260,119,261,259,96],"yoast_head":"<!-- This site is optimized with the Yoast SEO plugin v20.6 - https:\/\/yoast.com\/wordpress\/plugins\/seo\/ -->\n<title>Estudante lan\u00e7a livro durante VII Semin\u00e1rio de Inclus\u00e3o no Ensino Superior da UFSJ - Jornalismo UFSJ<\/title>\n<meta name=\"robots\" content=\"index, follow, max-snippet:-1, max-image-preview:large, max-video-preview:-1\" \/>\n<link rel=\"canonical\" href=\"http:\/\/jornalismo.ufsj.edu.br\/site\/jornalismoufsj\/estudante-lanca-livro-durante-vii-seminario-de-inclusao-no-ensino-superior-da-ufsj\/\" \/>\n<meta property=\"og:locale\" content=\"pt_BR\" \/>\n<meta property=\"og:type\" content=\"article\" \/>\n<meta property=\"og:title\" content=\"Estudante lan\u00e7a livro durante VII Semin\u00e1rio de Inclus\u00e3o no Ensino Superior da UFSJ - Jornalismo UFSJ\" \/>\n<meta property=\"og:description\" content=\"Evento conta com palestras, oficinas, apresenta\u00e7\u00e3o de trabalhos e rodas de conversa\" \/>\n<meta property=\"og:url\" content=\"http:\/\/jornalismo.ufsj.edu.br\/site\/jornalismoufsj\/estudante-lanca-livro-durante-vii-seminario-de-inclusao-no-ensino-superior-da-ufsj\/\" \/>\n<meta property=\"og:site_name\" content=\"Jornalismo UFSJ\" \/>\n<meta property=\"article:publisher\" content=\"https:\/\/www.facebook.com\/jornalismoufsj\/\" \/>\n<meta property=\"article:published_time\" content=\"2019-11-04T03:08:48+00:00\" \/>\n<meta property=\"article:modified_time\" content=\"2019-11-01T14:15:31+00:00\" \/>\n<meta property=\"og:image\" content=\"http:\/\/jornalismo.ufsj.edu.br\/site\/wp-content\/uploads\/2019\/11\/WhatsApp-Image-2019-11-01-at-10.53.561.jpeg\" \/>\n\t<meta property=\"og:image:width\" content=\"639\" \/>\n\t<meta property=\"og:image:height\" content=\"633\" \/>\n\t<meta property=\"og:image:type\" content=\"image\/jpeg\" \/>\n<meta name=\"author\" content=\"Jornalismo UFSJ\" \/>\n<meta name=\"twitter:card\" content=\"summary_large_image\" \/>\n<meta name=\"twitter:creator\" content=\"@jornalismoufsj\" \/>\n<meta name=\"twitter:site\" content=\"@jornalismoufsj\" \/>\n<meta name=\"twitter:label1\" content=\"Escrito por\" \/>\n\t<meta name=\"twitter:data1\" content=\"Jornalismo UFSJ\" \/>\n\t<meta name=\"twitter:label2\" content=\"Est. tempo de leitura\" \/>\n\t<meta name=\"twitter:data2\" content=\"1 minuto\" \/>\n<script type=\"application\/ld+json\" class=\"yoast-schema-graph\">{\"@context\":\"https:\/\/schema.org\",\"@graph\":[{\"@type\":\"WebPage\",\"@id\":\"http:\/\/jornalismo.ufsj.edu.br\/site\/jornalismoufsj\/estudante-lanca-livro-durante-vii-seminario-de-inclusao-no-ensino-superior-da-ufsj\/\",\"url\":\"http:\/\/jornalismo.ufsj.edu.br\/site\/jornalismoufsj\/estudante-lanca-livro-durante-vii-seminario-de-inclusao-no-ensino-superior-da-ufsj\/\",\"name\":\"Estudante lan\u00e7a livro durante VII Semin\u00e1rio de Inclus\u00e3o no Ensino Superior da UFSJ - Jornalismo UFSJ\",\"isPartOf\":{\"@id\":\"http:\/\/jornalismo.ufsj.edu.br\/site\/#website\"},\"datePublished\":\"2019-11-04T03:08:48+00:00\",\"dateModified\":\"2019-11-01T14:15:31+00:00\",\"author\":{\"@id\":\"http:\/\/jornalismo.ufsj.edu.br\/site\/#\/schema\/person\/f2aab557f9f94fdae1e2e2b0e6a81536\"},\"breadcrumb\":{\"@id\":\"http:\/\/jornalismo.ufsj.edu.br\/site\/jornalismoufsj\/estudante-lanca-livro-durante-vii-seminario-de-inclusao-no-ensino-superior-da-ufsj\/#breadcrumb\"},\"inLanguage\":\"pt-BR\",\"potentialAction\":[{\"@type\":\"ReadAction\",\"target\":[\"http:\/\/jornalismo.ufsj.edu.br\/site\/jornalismoufsj\/estudante-lanca-livro-durante-vii-seminario-de-inclusao-no-ensino-superior-da-ufsj\/\"]}]},{\"@type\":\"BreadcrumbList\",\"@id\":\"http:\/\/jornalismo.ufsj.edu.br\/site\/jornalismoufsj\/estudante-lanca-livro-durante-vii-seminario-de-inclusao-no-ensino-superior-da-ufsj\/#breadcrumb\",\"itemListElement\":[{\"@type\":\"ListItem\",\"position\":1,\"name\":\"In\u00edcio\",\"item\":\"http:\/\/jornalismo.ufsj.edu.br\/site\/\"},{\"@type\":\"ListItem\",\"position\":2,\"name\":\"Estudante lan\u00e7a livro durante VII Semin\u00e1rio de Inclus\u00e3o no Ensino Superior da UFSJ\"}]},{\"@type\":\"WebSite\",\"@id\":\"http:\/\/jornalismo.ufsj.edu.br\/site\/#website\",\"url\":\"http:\/\/jornalismo.ufsj.edu.br\/site\/\",\"name\":\"Jornalismo UFSJ\",\"description\":\"\",\"potentialAction\":[{\"@type\":\"SearchAction\",\"target\":{\"@type\":\"EntryPoint\",\"urlTemplate\":\"http:\/\/jornalismo.ufsj.edu.br\/site\/?s={search_term_string}\"},\"query-input\":\"required name=search_term_string\"}],\"inLanguage\":\"pt-BR\"},{\"@type\":\"Person\",\"@id\":\"http:\/\/jornalismo.ufsj.edu.br\/site\/#\/schema\/person\/f2aab557f9f94fdae1e2e2b0e6a81536\",\"name\":\"Jornalismo UFSJ\",\"image\":{\"@type\":\"ImageObject\",\"inLanguage\":\"pt-BR\",\"@id\":\"http:\/\/jornalismo.ufsj.edu.br\/site\/#\/schema\/person\/image\/\",\"url\":\"http:\/\/0.gravatar.com\/avatar\/3caca5e541257fa5c0030bb58ce55972?s=96&d=mm&r=g\",\"contentUrl\":\"http:\/\/0.gravatar.com\/avatar\/3caca5e541257fa5c0030bb58ce55972?s=96&d=mm&r=g\",\"caption\":\"Jornalismo UFSJ\"}}]}<\/script>\n<!-- \/ Yoast SEO plugin. -->","yoast_head_json":{"title":"Estudante lan\u00e7a livro durante VII Semin\u00e1rio de Inclus\u00e3o no Ensino Superior da UFSJ - Jornalismo UFSJ","robots":{"index":"index","follow":"follow","max-snippet":"max-snippet:-1","max-image-preview":"max-image-preview:large","max-video-preview":"max-video-preview:-1"},"canonical":"http:\/\/jornalismo.ufsj.edu.br\/site\/jornalismoufsj\/estudante-lanca-livro-durante-vii-seminario-de-inclusao-no-ensino-superior-da-ufsj\/","og_locale":"pt_BR","og_type":"article","og_title":"Estudante lan\u00e7a livro durante VII Semin\u00e1rio de Inclus\u00e3o no Ensino Superior da UFSJ - Jornalismo UFSJ","og_description":"Evento conta com palestras, oficinas, apresenta\u00e7\u00e3o de trabalhos e rodas de conversa","og_url":"http:\/\/jornalismo.ufsj.edu.br\/site\/jornalismoufsj\/estudante-lanca-livro-durante-vii-seminario-de-inclusao-no-ensino-superior-da-ufsj\/","og_site_name":"Jornalismo UFSJ","article_publisher":"https:\/\/www.facebook.com\/jornalismoufsj\/","article_published_time":"2019-11-04T03:08:48+00:00","article_modified_time":"2019-11-01T14:15:31+00:00","og_image":[{"width":639,"height":633,"url":"http:\/\/jornalismo.ufsj.edu.br\/site\/wp-content\/uploads\/2019\/11\/WhatsApp-Image-2019-11-01-at-10.53.561.jpeg","type":"image\/jpeg"}],"author":"Jornalismo UFSJ","twitter_card":"summary_large_image","twitter_creator":"@jornalismoufsj","twitter_site":"@jornalismoufsj","twitter_misc":{"Escrito por":"Jornalismo UFSJ","Est. tempo de leitura":"1 minuto"},"schema":{"@context":"https:\/\/schema.org","@graph":[{"@type":"WebPage","@id":"http:\/\/jornalismo.ufsj.edu.br\/site\/jornalismoufsj\/estudante-lanca-livro-durante-vii-seminario-de-inclusao-no-ensino-superior-da-ufsj\/","url":"http:\/\/jornalismo.ufsj.edu.br\/site\/jornalismoufsj\/estudante-lanca-livro-durante-vii-seminario-de-inclusao-no-ensino-superior-da-ufsj\/","name":"Estudante lan\u00e7a livro durante VII Semin\u00e1rio de Inclus\u00e3o no Ensino Superior da UFSJ - Jornalismo UFSJ","isPartOf":{"@id":"http:\/\/jornalismo.ufsj.edu.br\/site\/#website"},"datePublished":"2019-11-04T03:08:48+00:00","dateModified":"2019-11-01T14:15:31+00:00","author":{"@id":"http:\/\/jornalismo.ufsj.edu.br\/site\/#\/schema\/person\/f2aab557f9f94fdae1e2e2b0e6a81536"},"breadcrumb":{"@id":"http:\/\/jornalismo.ufsj.edu.br\/site\/jornalismoufsj\/estudante-lanca-livro-durante-vii-seminario-de-inclusao-no-ensino-superior-da-ufsj\/#breadcrumb"},"inLanguage":"pt-BR","potentialAction":[{"@type":"ReadAction","target":["http:\/\/jornalismo.ufsj.edu.br\/site\/jornalismoufsj\/estudante-lanca-livro-durante-vii-seminario-de-inclusao-no-ensino-superior-da-ufsj\/"]}]},{"@type":"BreadcrumbList","@id":"http:\/\/jornalismo.ufsj.edu.br\/site\/jornalismoufsj\/estudante-lanca-livro-durante-vii-seminario-de-inclusao-no-ensino-superior-da-ufsj\/#breadcrumb","itemListElement":[{"@type":"ListItem","position":1,"name":"In\u00edcio","item":"http:\/\/jornalismo.ufsj.edu.br\/site\/"},{"@type":"ListItem","position":2,"name":"Estudante lan\u00e7a livro durante VII Semin\u00e1rio de Inclus\u00e3o no Ensino Superior da UFSJ"}]},{"@type":"WebSite","@id":"http:\/\/jornalismo.ufsj.edu.br\/site\/#website","url":"http:\/\/jornalismo.ufsj.edu.br\/site\/","name":"Jornalismo UFSJ","description":"","potentialAction":[{"@type":"SearchAction","target":{"@type":"EntryPoint","urlTemplate":"http:\/\/jornalismo.ufsj.edu.br\/site\/?s={search_term_string}"},"query-input":"required name=search_term_string"}],"inLanguage":"pt-BR"},{"@type":"Person","@id":"http:\/\/jornalismo.ufsj.edu.br\/site\/#\/schema\/person\/f2aab557f9f94fdae1e2e2b0e6a81536","name":"Jornalismo UFSJ","image":{"@type":"ImageObject","inLanguage":"pt-BR","@id":"http:\/\/jornalismo.ufsj.edu.br\/site\/#\/schema\/person\/image\/","url":"http:\/\/0.gravatar.com\/avatar\/3caca5e541257fa5c0030bb58ce55972?s=96&d=mm&r=g","contentUrl":"http:\/\/0.gravatar.com\/avatar\/3caca5e541257fa5c0030bb58ce55972?s=96&d=mm&r=g","caption":"Jornalismo UFSJ"}}]}},"jetpack_featured_media_url":"http:\/\/jornalismo.ufsj.edu.br\/site\/wp-content\/uploads\/2019\/11\/WhatsApp-Image-2019-11-01-at-10.53.561.jpeg","_links":{"self":[{"href":"http:\/\/jornalismo.ufsj.edu.br\/site\/wp-json\/wp\/v2\/posts\/6843"}],"collection":[{"href":"http:\/\/jornalismo.ufsj.edu.br\/site\/wp-json\/wp\/v2\/posts"}],"about":[{"href":"http:\/\/jornalismo.ufsj.edu.br\/site\/wp-json\/wp\/v2\/types\/post"}],"author":[{"embeddable":true,"href":"http:\/\/jornalismo.ufsj.edu.br\/site\/wp-json\/wp\/v2\/users\/2"}],"replies":[{"embeddable":true,"href":"http:\/\/jornalismo.ufsj.edu.br\/site\/wp-json\/wp\/v2\/comments?post=6843"}],"version-history":[{"count":3,"href":"http:\/\/jornalismo.ufsj.edu.br\/site\/wp-json\/wp\/v2\/posts\/6843\/revisions"}],"predecessor-version":[{"id":6849,"href":"http:\/\/jornalismo.ufsj.edu.br\/site\/wp-json\/wp\/v2\/posts\/6843\/revisions\/6849"}],"wp:featuredmedia":[{"embeddable":true,"href":"http:\/\/jornalismo.ufsj.edu.br\/site\/wp-json\/wp\/v2\/media\/6845"}],"wp:attachment":[{"href":"http:\/\/jornalismo.ufsj.edu.br\/site\/wp-json\/wp\/v2\/media?parent=6843"}],"wp:term":[{"taxonomy":"category","embeddable":true,"href":"http:\/\/jornalismo.ufsj.edu.br\/site\/wp-json\/wp\/v2\/categories?post=6843"},{"taxonomy":"post_tag","embeddable":true,"href":"http:\/\/jornalismo.ufsj.edu.br\/site\/wp-json\/wp\/v2\/tags?post=6843"}],"curies":[{"name":"wp","href":"https:\/\/api.w.org\/{rel}","templated":true}]}}