{"id":6838,"date":"2019-10-31T17:22:34","date_gmt":"2019-10-31T20:22:34","guid":{"rendered":"http:\/\/jornalismo.ufsj.edu.br\/site\/?p=6838"},"modified":"2019-10-31T17:24:59","modified_gmt":"2019-10-31T20:24:59","slug":"integrantes-da-mosaico-jr-e-por-outro-olhar-participam-de-oficina-sobre-roteiro","status":"publish","type":"post","link":"http:\/\/jornalismo.ufsj.edu.br\/site\/jornalismoufsj\/integrantes-da-mosaico-jr-e-por-outro-olhar-participam-de-oficina-sobre-roteiro\/","title":{"rendered":"Integrantes da Mosaico Jr e do Por Outro Olhar participam de oficina sobre roteiro"},"content":{"rendered":"\n<p><em>Atividade aconteceu no Laborat\u00f3rio Fotogr\u00e1fico (LabFoto)<\/em><br><br>Os integrantes do projeto Por Outro Olhar e da empresa j\u00fanior Mosaico Comunica\u00e7\u00e3o Jr participaram de uma oficina sobre roteiro, ontem, dia 30. A capacita\u00e7\u00e3o foi ministrada por Michel Montandon, respons\u00e1vel pelo Setor de Editora\u00e7\u00e3o Eletr\u00f4nica da Universidade Federal de S\u00e3o Jo\u00e3o del-Rei (UFSJ) e professor de cursos de especializa\u00e7\u00e3o na PUC Minas.<br><br>Durante a oficina, Michel apresentou elementos fundamentais sobre a constru\u00e7\u00e3o do roteiro, a import\u00e2ncia do <em>brainstorming<\/em> na constru\u00e7\u00e3o de um produto audiovisual e a rela\u00e7\u00e3o de exposi\u00e7\u00e3o desse planejamento ao cliente.<\/p>\n\n\n\n<p>Para a estudante do 4\u00ba per\u00edodo e atual Diretora de Projetos da Mosaico, Isadora Jales, o conte\u00fado aprendido na oficina ser\u00e1 implantado imediatamente nas a\u00e7\u00f5es da empresa j\u00fanior. &#8220;Percebemos o qu\u00e3o importante \u00e9 o roteiro para qualquer produ\u00e7\u00e3o audiovisual e pudemos conhecer as diversas maneiras de faz\u00ea-lo&#8221;, comenta.<br><br><strong>Sobre os projetos<\/strong><\/p>\n\n\n\n<p>A <a href=\"https:\/\/www.facebook.com\/mosaicocomunicacaojr\/\">Mosaico Comunica\u00e7\u00e3o Jr.<\/a> \u00e9 a empresa j\u00fanior do curso de Jornalismo da UFSJ. Entre os servi\u00e7os oferecidos est\u00e3o: assessoria de comunica\u00e7\u00e3o, gerenciamento de m\u00eddias sociais, diagrama\u00e7\u00e3o, produ\u00e7\u00e3o audiovisual e cobertura fotogr\u00e1fica.<br><br>J\u00e1 o <a href=\"https:\/\/www.facebook.com\/poroutroolhar\/\">Por Outro Olhar<\/a> \u00e9 um projeto de m\u00eddia independente que tem o objetivo de cobrir as manifesta\u00e7\u00f5es culturais e art\u00edsticas do Campo das Vertentes sob um &#8220;novo olhar&#8221;.<\/p>\n\n\n\n<p><br><strong>Edi\u00e7\u00e3o:<\/strong> Arthur Raposo Gomes<br><strong>Foto:<\/strong> Arquivo pessoal<br><br><br><br><\/p>\n","protected":false},"excerpt":{"rendered":"<p>Atividade aconteceu no Laborat\u00f3rio Fotogr\u00e1fico (LabFoto)<\/p>\n","protected":false},"author":2,"featured_media":6839,"comment_status":"open","ping_status":"open","sticky":false,"template":"","format":"standard","meta":{"_monsterinsights_skip_tracking":false,"_monsterinsights_sitenote_active":false,"_monsterinsights_sitenote_note":"","_monsterinsights_sitenote_category":0},"categories":[43],"tags":[119,252,253,254,257,258,256,96],"yoast_head":"<!-- This site is optimized with the Yoast SEO plugin v20.6 - https:\/\/yoast.com\/wordpress\/plugins\/seo\/ -->\n<title>Integrantes da Mosaico Jr e do Por Outro Olhar participam de oficina sobre roteiro - Jornalismo UFSJ<\/title>\n<meta name=\"robots\" content=\"index, follow, max-snippet:-1, max-image-preview:large, max-video-preview:-1\" \/>\n<link rel=\"canonical\" href=\"http:\/\/anu.ufsj.edu.br\/site\/jornalismoufsj\/integrantes-da-mosaico-jr-e-por-outro-olhar-participam-de-oficina-sobre-roteiro\/\" \/>\n<meta property=\"og:locale\" content=\"pt_BR\" \/>\n<meta property=\"og:type\" content=\"article\" \/>\n<meta property=\"og:title\" content=\"Integrantes da Mosaico Jr e do Por Outro Olhar participam de oficina sobre roteiro - Jornalismo UFSJ\" \/>\n<meta property=\"og:description\" content=\"Atividade aconteceu no Laborat\u00f3rio Fotogr\u00e1fico (LabFoto)\" \/>\n<meta property=\"og:url\" content=\"http:\/\/anu.ufsj.edu.br\/site\/jornalismoufsj\/integrantes-da-mosaico-jr-e-por-outro-olhar-participam-de-oficina-sobre-roteiro\/\" \/>\n<meta property=\"og:site_name\" content=\"Jornalismo UFSJ\" \/>\n<meta property=\"article:publisher\" content=\"https:\/\/www.facebook.com\/jornalismoufsj\/\" \/>\n<meta property=\"article:published_time\" content=\"2019-10-31T20:22:34+00:00\" \/>\n<meta property=\"article:modified_time\" content=\"2019-10-31T20:24:59+00:00\" \/>\n<meta property=\"og:image\" content=\"http:\/\/anu.ufsj.edu.br\/site\/wp-content\/uploads\/2019\/10\/Foto-31-10-2019-14-25-29.jpg\" \/>\n\t<meta property=\"og:image:width\" content=\"1032\" \/>\n\t<meta property=\"og:image:height\" content=\"581\" \/>\n\t<meta property=\"og:image:type\" content=\"image\/jpeg\" \/>\n<meta name=\"author\" content=\"Jornalismo UFSJ\" \/>\n<meta name=\"twitter:card\" content=\"summary_large_image\" \/>\n<meta name=\"twitter:creator\" content=\"@jornalismoufsj\" \/>\n<meta name=\"twitter:site\" content=\"@jornalismoufsj\" \/>\n<meta name=\"twitter:label1\" content=\"Escrito por\" \/>\n\t<meta name=\"twitter:data1\" content=\"Jornalismo UFSJ\" \/>\n\t<meta name=\"twitter:label2\" content=\"Est. tempo de leitura\" \/>\n\t<meta name=\"twitter:data2\" content=\"1 minuto\" \/>\n<script type=\"application\/ld+json\" class=\"yoast-schema-graph\">{\"@context\":\"https:\/\/schema.org\",\"@graph\":[{\"@type\":\"WebPage\",\"@id\":\"http:\/\/anu.ufsj.edu.br\/site\/jornalismoufsj\/integrantes-da-mosaico-jr-e-por-outro-olhar-participam-de-oficina-sobre-roteiro\/\",\"url\":\"http:\/\/anu.ufsj.edu.br\/site\/jornalismoufsj\/integrantes-da-mosaico-jr-e-por-outro-olhar-participam-de-oficina-sobre-roteiro\/\",\"name\":\"Integrantes da Mosaico Jr e do Por Outro Olhar participam de oficina sobre roteiro - Jornalismo UFSJ\",\"isPartOf\":{\"@id\":\"http:\/\/jornalismo.ufsj.edu.br\/site\/#website\"},\"datePublished\":\"2019-10-31T20:22:34+00:00\",\"dateModified\":\"2019-10-31T20:24:59+00:00\",\"author\":{\"@id\":\"http:\/\/jornalismo.ufsj.edu.br\/site\/#\/schema\/person\/f2aab557f9f94fdae1e2e2b0e6a81536\"},\"breadcrumb\":{\"@id\":\"http:\/\/anu.ufsj.edu.br\/site\/jornalismoufsj\/integrantes-da-mosaico-jr-e-por-outro-olhar-participam-de-oficina-sobre-roteiro\/#breadcrumb\"},\"inLanguage\":\"pt-BR\",\"potentialAction\":[{\"@type\":\"ReadAction\",\"target\":[\"http:\/\/anu.ufsj.edu.br\/site\/jornalismoufsj\/integrantes-da-mosaico-jr-e-por-outro-olhar-participam-de-oficina-sobre-roteiro\/\"]}]},{\"@type\":\"BreadcrumbList\",\"@id\":\"http:\/\/anu.ufsj.edu.br\/site\/jornalismoufsj\/integrantes-da-mosaico-jr-e-por-outro-olhar-participam-de-oficina-sobre-roteiro\/#breadcrumb\",\"itemListElement\":[{\"@type\":\"ListItem\",\"position\":1,\"name\":\"In\u00edcio\",\"item\":\"http:\/\/jornalismo.ufsj.edu.br\/site\/\"},{\"@type\":\"ListItem\",\"position\":2,\"name\":\"Integrantes da Mosaico Jr e do Por Outro Olhar participam de oficina sobre roteiro\"}]},{\"@type\":\"WebSite\",\"@id\":\"http:\/\/jornalismo.ufsj.edu.br\/site\/#website\",\"url\":\"http:\/\/jornalismo.ufsj.edu.br\/site\/\",\"name\":\"Jornalismo UFSJ\",\"description\":\"\",\"potentialAction\":[{\"@type\":\"SearchAction\",\"target\":{\"@type\":\"EntryPoint\",\"urlTemplate\":\"http:\/\/jornalismo.ufsj.edu.br\/site\/?s={search_term_string}\"},\"query-input\":\"required name=search_term_string\"}],\"inLanguage\":\"pt-BR\"},{\"@type\":\"Person\",\"@id\":\"http:\/\/jornalismo.ufsj.edu.br\/site\/#\/schema\/person\/f2aab557f9f94fdae1e2e2b0e6a81536\",\"name\":\"Jornalismo UFSJ\",\"image\":{\"@type\":\"ImageObject\",\"inLanguage\":\"pt-BR\",\"@id\":\"http:\/\/jornalismo.ufsj.edu.br\/site\/#\/schema\/person\/image\/\",\"url\":\"http:\/\/0.gravatar.com\/avatar\/3caca5e541257fa5c0030bb58ce55972?s=96&d=mm&r=g\",\"contentUrl\":\"http:\/\/0.gravatar.com\/avatar\/3caca5e541257fa5c0030bb58ce55972?s=96&d=mm&r=g\",\"caption\":\"Jornalismo UFSJ\"}}]}<\/script>\n<!-- \/ Yoast SEO plugin. -->","yoast_head_json":{"title":"Integrantes da Mosaico Jr e do Por Outro Olhar participam de oficina sobre roteiro - Jornalismo UFSJ","robots":{"index":"index","follow":"follow","max-snippet":"max-snippet:-1","max-image-preview":"max-image-preview:large","max-video-preview":"max-video-preview:-1"},"canonical":"http:\/\/anu.ufsj.edu.br\/site\/jornalismoufsj\/integrantes-da-mosaico-jr-e-por-outro-olhar-participam-de-oficina-sobre-roteiro\/","og_locale":"pt_BR","og_type":"article","og_title":"Integrantes da Mosaico Jr e do Por Outro Olhar participam de oficina sobre roteiro - Jornalismo UFSJ","og_description":"Atividade aconteceu no Laborat\u00f3rio Fotogr\u00e1fico (LabFoto)","og_url":"http:\/\/anu.ufsj.edu.br\/site\/jornalismoufsj\/integrantes-da-mosaico-jr-e-por-outro-olhar-participam-de-oficina-sobre-roteiro\/","og_site_name":"Jornalismo UFSJ","article_publisher":"https:\/\/www.facebook.com\/jornalismoufsj\/","article_published_time":"2019-10-31T20:22:34+00:00","article_modified_time":"2019-10-31T20:24:59+00:00","og_image":[{"width":1032,"height":581,"url":"http:\/\/anu.ufsj.edu.br\/site\/wp-content\/uploads\/2019\/10\/Foto-31-10-2019-14-25-29.jpg","type":"image\/jpeg"}],"author":"Jornalismo UFSJ","twitter_card":"summary_large_image","twitter_creator":"@jornalismoufsj","twitter_site":"@jornalismoufsj","twitter_misc":{"Escrito por":"Jornalismo UFSJ","Est. tempo de leitura":"1 minuto"},"schema":{"@context":"https:\/\/schema.org","@graph":[{"@type":"WebPage","@id":"http:\/\/anu.ufsj.edu.br\/site\/jornalismoufsj\/integrantes-da-mosaico-jr-e-por-outro-olhar-participam-de-oficina-sobre-roteiro\/","url":"http:\/\/anu.ufsj.edu.br\/site\/jornalismoufsj\/integrantes-da-mosaico-jr-e-por-outro-olhar-participam-de-oficina-sobre-roteiro\/","name":"Integrantes da Mosaico Jr e do Por Outro Olhar participam de oficina sobre roteiro - Jornalismo UFSJ","isPartOf":{"@id":"http:\/\/jornalismo.ufsj.edu.br\/site\/#website"},"datePublished":"2019-10-31T20:22:34+00:00","dateModified":"2019-10-31T20:24:59+00:00","author":{"@id":"http:\/\/jornalismo.ufsj.edu.br\/site\/#\/schema\/person\/f2aab557f9f94fdae1e2e2b0e6a81536"},"breadcrumb":{"@id":"http:\/\/anu.ufsj.edu.br\/site\/jornalismoufsj\/integrantes-da-mosaico-jr-e-por-outro-olhar-participam-de-oficina-sobre-roteiro\/#breadcrumb"},"inLanguage":"pt-BR","potentialAction":[{"@type":"ReadAction","target":["http:\/\/anu.ufsj.edu.br\/site\/jornalismoufsj\/integrantes-da-mosaico-jr-e-por-outro-olhar-participam-de-oficina-sobre-roteiro\/"]}]},{"@type":"BreadcrumbList","@id":"http:\/\/anu.ufsj.edu.br\/site\/jornalismoufsj\/integrantes-da-mosaico-jr-e-por-outro-olhar-participam-de-oficina-sobre-roteiro\/#breadcrumb","itemListElement":[{"@type":"ListItem","position":1,"name":"In\u00edcio","item":"http:\/\/jornalismo.ufsj.edu.br\/site\/"},{"@type":"ListItem","position":2,"name":"Integrantes da Mosaico Jr e do Por Outro Olhar participam de oficina sobre roteiro"}]},{"@type":"WebSite","@id":"http:\/\/jornalismo.ufsj.edu.br\/site\/#website","url":"http:\/\/jornalismo.ufsj.edu.br\/site\/","name":"Jornalismo UFSJ","description":"","potentialAction":[{"@type":"SearchAction","target":{"@type":"EntryPoint","urlTemplate":"http:\/\/jornalismo.ufsj.edu.br\/site\/?s={search_term_string}"},"query-input":"required name=search_term_string"}],"inLanguage":"pt-BR"},{"@type":"Person","@id":"http:\/\/jornalismo.ufsj.edu.br\/site\/#\/schema\/person\/f2aab557f9f94fdae1e2e2b0e6a81536","name":"Jornalismo UFSJ","image":{"@type":"ImageObject","inLanguage":"pt-BR","@id":"http:\/\/jornalismo.ufsj.edu.br\/site\/#\/schema\/person\/image\/","url":"http:\/\/0.gravatar.com\/avatar\/3caca5e541257fa5c0030bb58ce55972?s=96&d=mm&r=g","contentUrl":"http:\/\/0.gravatar.com\/avatar\/3caca5e541257fa5c0030bb58ce55972?s=96&d=mm&r=g","caption":"Jornalismo UFSJ"}}]}},"jetpack_featured_media_url":"http:\/\/jornalismo.ufsj.edu.br\/site\/wp-content\/uploads\/2019\/10\/Foto-31-10-2019-14-25-29.jpg","_links":{"self":[{"href":"http:\/\/jornalismo.ufsj.edu.br\/site\/wp-json\/wp\/v2\/posts\/6838"}],"collection":[{"href":"http:\/\/jornalismo.ufsj.edu.br\/site\/wp-json\/wp\/v2\/posts"}],"about":[{"href":"http:\/\/jornalismo.ufsj.edu.br\/site\/wp-json\/wp\/v2\/types\/post"}],"author":[{"embeddable":true,"href":"http:\/\/jornalismo.ufsj.edu.br\/site\/wp-json\/wp\/v2\/users\/2"}],"replies":[{"embeddable":true,"href":"http:\/\/jornalismo.ufsj.edu.br\/site\/wp-json\/wp\/v2\/comments?post=6838"}],"version-history":[{"count":3,"href":"http:\/\/jornalismo.ufsj.edu.br\/site\/wp-json\/wp\/v2\/posts\/6838\/revisions"}],"predecessor-version":[{"id":6842,"href":"http:\/\/jornalismo.ufsj.edu.br\/site\/wp-json\/wp\/v2\/posts\/6838\/revisions\/6842"}],"wp:featuredmedia":[{"embeddable":true,"href":"http:\/\/jornalismo.ufsj.edu.br\/site\/wp-json\/wp\/v2\/media\/6839"}],"wp:attachment":[{"href":"http:\/\/jornalismo.ufsj.edu.br\/site\/wp-json\/wp\/v2\/media?parent=6838"}],"wp:term":[{"taxonomy":"category","embeddable":true,"href":"http:\/\/jornalismo.ufsj.edu.br\/site\/wp-json\/wp\/v2\/categories?post=6838"},{"taxonomy":"post_tag","embeddable":true,"href":"http:\/\/jornalismo.ufsj.edu.br\/site\/wp-json\/wp\/v2\/tags?post=6838"}],"curies":[{"name":"wp","href":"https:\/\/api.w.org\/{rel}","templated":true}]}}