{"id":6812,"date":"2019-10-24T21:40:31","date_gmt":"2019-10-25T00:40:31","guid":{"rendered":"http:\/\/jornalismo.ufsj.edu.br\/site\/?p=6812"},"modified":"2019-10-30T15:27:05","modified_gmt":"2019-10-30T18:27:05","slug":"abertura-do-seminario-regional-de-comunicacao-politica-de-2019-ctan-ufsj","status":"publish","type":"post","link":"http:\/\/jornalismo.ufsj.edu.br\/site\/jornalismoufsj\/abertura-do-seminario-regional-de-comunicacao-politica-de-2019-ctan-ufsj\/","title":{"rendered":"Abertura do Semin\u00e1rio Regional de Comunica\u00e7\u00e3o Pol\u00edtica de 2019 &#8211; CTan\/UFSJ"},"content":{"rendered":"\n<figure class=\"wp-block-image\"><img loading=\"lazy\" width=\"1024\" height=\"768\" src=\"http:\/\/jornalismo.ufsj.edu.br\/site\/wp-content\/uploads\/2019\/10\/20191024_203425-1024x768.jpg\" alt=\"\" class=\"wp-image-6814\" srcset=\"http:\/\/jornalismo.ufsj.edu.br\/site\/wp-content\/uploads\/2019\/10\/20191024_203425-1024x768.jpg 1024w, http:\/\/jornalismo.ufsj.edu.br\/site\/wp-content\/uploads\/2019\/10\/20191024_203425-300x225.jpg 300w, http:\/\/jornalismo.ufsj.edu.br\/site\/wp-content\/uploads\/2019\/10\/20191024_203425-768x576.jpg 768w\" sizes=\"(max-width: 1024px) 100vw, 1024px\" \/><figcaption>A vereadora L\u00edvia Guimar\u00e3es (PT), durante a sua palestra nesta quinta (24),<br> no Campus Tancredo Neves\/UFSJ<\/figcaption><\/figure>\n\n\n\n<p>Na noite desta quinta (24), a abertura do <a href=\"http:\/\/jornalismo.ufsj.edu.br\/site\/comunicacao\/ctan-ufsj-sedia-evento-sobre-comunicacao-politica\/\">Semin\u00e1rio Regional de Comunica\u00e7\u00e3o Pol\u00edtica<\/a> contou com palestras da vereadora L\u00edvia Guimar\u00e3es (PT) e da doutoranda pela UFJF, Mayra Coimbra, promovidas no Campus Tancredo Neves da UFSJ.<\/p>\n\n\n\n<p>A vereadora L\u00edvia apresentou um breve panorama do dia a dia do legislativo e os desafios enfrentados nas discuss\u00f5es de projetos, al\u00e9m de incentivar os estudantes do curso de Jornalismo a serem mais atuantes e participativos nos temas pol\u00edticos locais, come\u00e7ando pela habilita\u00e7\u00e3o do voto no munic\u00edpio.<\/p>\n\n\n\n<p>Mayra, por sua vez, abordou o cen\u00e1rio pol\u00edtico desde as elei\u00e7\u00f5es de 2018 e informa\u00e7\u00f5es sobre a sua pesquisa, que tem como objeto a vida pol\u00edtica de Jair Bolsonaro.<\/p>\n\n\n\n<p>O Semin\u00e1rio Regional de Comunica\u00e7\u00e3o Pol\u00edtica, coordenado pelo Prof. Dr. Luiz Ademir de Oliveira com a participa\u00e7\u00e3o dos alunos da disciplina de Jornalismo Pol\u00edtico, continua at\u00e9 o dia 28 de novembro, sempre \u00e0s quintas e sextas-feirs, \u00e0s 19h e 21h, respectivamente.<\/p>\n\n\n\n<p>Ser\u00e1 fornecido certificado de participa\u00e7\u00e3o para ouvintes, de at\u00e9 40 horas.<\/p>\n\n\n\n<p>Confira <a href=\"https:\/\/www.facebook.com\/events\/728456114232281\/\">aqui<\/a> a programa\u00e7\u00e3o completa.<\/p>\n\n\n\n<p><strong>Texto e foto: <\/strong>Lorene Souza<\/p>\n\n\n\n<p><\/p>\n","protected":false},"excerpt":{"rendered":"<p>Na noite desta quinta (24), a abertura do Semin\u00e1rio Regional de Comunica\u00e7\u00e3o Pol\u00edtica contou com palestras da vereadora L\u00edvia Guimar\u00e3es (PT) e da doutoranda pela UFJF, Mayra Coimbra, promovidas no Campus Tancredo Neves da UFSJ. A vereadora L\u00edvia apresentou um&#8230;<\/p>\n","protected":false},"author":2,"featured_media":0,"comment_status":"open","ping_status":"open","sticky":false,"template":"","format":"standard","meta":{"_monsterinsights_skip_tracking":false,"_monsterinsights_sitenote_active":false,"_monsterinsights_sitenote_note":"","_monsterinsights_sitenote_category":0},"categories":[43],"tags":[],"yoast_head":"<!-- This site is optimized with the Yoast SEO plugin v20.6 - https:\/\/yoast.com\/wordpress\/plugins\/seo\/ -->\n<title>Abertura do Semin\u00e1rio Regional de Comunica\u00e7\u00e3o Pol\u00edtica de 2019 - CTan\/UFSJ - Jornalismo UFSJ<\/title>\n<meta name=\"robots\" content=\"index, follow, max-snippet:-1, max-image-preview:large, max-video-preview:-1\" \/>\n<link rel=\"canonical\" href=\"http:\/\/anu.ufsj.edu.br\/site\/jornalismoufsj\/abertura-do-seminario-regional-de-comunicacao-politica-de-2019-ctan-ufsj\/\" \/>\n<meta property=\"og:locale\" content=\"pt_BR\" \/>\n<meta property=\"og:type\" content=\"article\" \/>\n<meta property=\"og:title\" content=\"Abertura do Semin\u00e1rio Regional de Comunica\u00e7\u00e3o Pol\u00edtica de 2019 - CTan\/UFSJ - Jornalismo UFSJ\" \/>\n<meta property=\"og:description\" content=\"Na noite desta quinta (24), a abertura do Semin\u00e1rio Regional de Comunica\u00e7\u00e3o Pol\u00edtica contou com palestras da vereadora L\u00edvia Guimar\u00e3es (PT) e da doutoranda pela UFJF, Mayra Coimbra, promovidas no Campus Tancredo Neves da UFSJ. A vereadora L\u00edvia apresentou um...\" \/>\n<meta property=\"og:url\" content=\"http:\/\/anu.ufsj.edu.br\/site\/jornalismoufsj\/abertura-do-seminario-regional-de-comunicacao-politica-de-2019-ctan-ufsj\/\" \/>\n<meta property=\"og:site_name\" content=\"Jornalismo UFSJ\" \/>\n<meta property=\"article:publisher\" content=\"https:\/\/www.facebook.com\/jornalismoufsj\/\" \/>\n<meta property=\"article:published_time\" content=\"2019-10-25T00:40:31+00:00\" \/>\n<meta property=\"article:modified_time\" content=\"2019-10-30T18:27:05+00:00\" \/>\n<meta property=\"og:image\" content=\"http:\/\/jornalismo.ufsj.edu.br\/site\/wp-content\/uploads\/2019\/10\/20191024_203425-1024x768.jpg\" \/>\n<meta name=\"author\" content=\"Jornalismo UFSJ\" \/>\n<meta name=\"twitter:card\" content=\"summary_large_image\" \/>\n<meta name=\"twitter:creator\" content=\"@jornalismoufsj\" \/>\n<meta name=\"twitter:site\" content=\"@jornalismoufsj\" \/>\n<meta name=\"twitter:label1\" content=\"Escrito por\" \/>\n\t<meta name=\"twitter:data1\" content=\"Jornalismo UFSJ\" \/>\n\t<meta name=\"twitter:label2\" content=\"Est. tempo de leitura\" \/>\n\t<meta name=\"twitter:data2\" content=\"1 minuto\" \/>\n<script type=\"application\/ld+json\" class=\"yoast-schema-graph\">{\"@context\":\"https:\/\/schema.org\",\"@graph\":[{\"@type\":\"WebPage\",\"@id\":\"http:\/\/anu.ufsj.edu.br\/site\/jornalismoufsj\/abertura-do-seminario-regional-de-comunicacao-politica-de-2019-ctan-ufsj\/\",\"url\":\"http:\/\/anu.ufsj.edu.br\/site\/jornalismoufsj\/abertura-do-seminario-regional-de-comunicacao-politica-de-2019-ctan-ufsj\/\",\"name\":\"Abertura do Semin\u00e1rio Regional de Comunica\u00e7\u00e3o Pol\u00edtica de 2019 - CTan\/UFSJ - Jornalismo UFSJ\",\"isPartOf\":{\"@id\":\"http:\/\/jornalismo.ufsj.edu.br\/site\/#website\"},\"datePublished\":\"2019-10-25T00:40:31+00:00\",\"dateModified\":\"2019-10-30T18:27:05+00:00\",\"author\":{\"@id\":\"http:\/\/jornalismo.ufsj.edu.br\/site\/#\/schema\/person\/f2aab557f9f94fdae1e2e2b0e6a81536\"},\"breadcrumb\":{\"@id\":\"http:\/\/anu.ufsj.edu.br\/site\/jornalismoufsj\/abertura-do-seminario-regional-de-comunicacao-politica-de-2019-ctan-ufsj\/#breadcrumb\"},\"inLanguage\":\"pt-BR\",\"potentialAction\":[{\"@type\":\"ReadAction\",\"target\":[\"http:\/\/anu.ufsj.edu.br\/site\/jornalismoufsj\/abertura-do-seminario-regional-de-comunicacao-politica-de-2019-ctan-ufsj\/\"]}]},{\"@type\":\"BreadcrumbList\",\"@id\":\"http:\/\/anu.ufsj.edu.br\/site\/jornalismoufsj\/abertura-do-seminario-regional-de-comunicacao-politica-de-2019-ctan-ufsj\/#breadcrumb\",\"itemListElement\":[{\"@type\":\"ListItem\",\"position\":1,\"name\":\"In\u00edcio\",\"item\":\"http:\/\/jornalismo.ufsj.edu.br\/site\/\"},{\"@type\":\"ListItem\",\"position\":2,\"name\":\"Abertura do Semin\u00e1rio Regional de Comunica\u00e7\u00e3o Pol\u00edtica de 2019 &#8211; CTan\/UFSJ\"}]},{\"@type\":\"WebSite\",\"@id\":\"http:\/\/jornalismo.ufsj.edu.br\/site\/#website\",\"url\":\"http:\/\/jornalismo.ufsj.edu.br\/site\/\",\"name\":\"Jornalismo UFSJ\",\"description\":\"\",\"potentialAction\":[{\"@type\":\"SearchAction\",\"target\":{\"@type\":\"EntryPoint\",\"urlTemplate\":\"http:\/\/jornalismo.ufsj.edu.br\/site\/?s={search_term_string}\"},\"query-input\":\"required name=search_term_string\"}],\"inLanguage\":\"pt-BR\"},{\"@type\":\"Person\",\"@id\":\"http:\/\/jornalismo.ufsj.edu.br\/site\/#\/schema\/person\/f2aab557f9f94fdae1e2e2b0e6a81536\",\"name\":\"Jornalismo UFSJ\",\"image\":{\"@type\":\"ImageObject\",\"inLanguage\":\"pt-BR\",\"@id\":\"http:\/\/jornalismo.ufsj.edu.br\/site\/#\/schema\/person\/image\/\",\"url\":\"http:\/\/0.gravatar.com\/avatar\/3caca5e541257fa5c0030bb58ce55972?s=96&d=mm&r=g\",\"contentUrl\":\"http:\/\/0.gravatar.com\/avatar\/3caca5e541257fa5c0030bb58ce55972?s=96&d=mm&r=g\",\"caption\":\"Jornalismo UFSJ\"}}]}<\/script>\n<!-- \/ Yoast SEO plugin. -->","yoast_head_json":{"title":"Abertura do Semin\u00e1rio Regional de Comunica\u00e7\u00e3o Pol\u00edtica de 2019 - CTan\/UFSJ - Jornalismo UFSJ","robots":{"index":"index","follow":"follow","max-snippet":"max-snippet:-1","max-image-preview":"max-image-preview:large","max-video-preview":"max-video-preview:-1"},"canonical":"http:\/\/anu.ufsj.edu.br\/site\/jornalismoufsj\/abertura-do-seminario-regional-de-comunicacao-politica-de-2019-ctan-ufsj\/","og_locale":"pt_BR","og_type":"article","og_title":"Abertura do Semin\u00e1rio Regional de Comunica\u00e7\u00e3o Pol\u00edtica de 2019 - CTan\/UFSJ - Jornalismo UFSJ","og_description":"Na noite desta quinta (24), a abertura do Semin\u00e1rio Regional de Comunica\u00e7\u00e3o Pol\u00edtica contou com palestras da vereadora L\u00edvia Guimar\u00e3es (PT) e da doutoranda pela UFJF, Mayra Coimbra, promovidas no Campus Tancredo Neves da UFSJ. A vereadora L\u00edvia apresentou um...","og_url":"http:\/\/anu.ufsj.edu.br\/site\/jornalismoufsj\/abertura-do-seminario-regional-de-comunicacao-politica-de-2019-ctan-ufsj\/","og_site_name":"Jornalismo UFSJ","article_publisher":"https:\/\/www.facebook.com\/jornalismoufsj\/","article_published_time":"2019-10-25T00:40:31+00:00","article_modified_time":"2019-10-30T18:27:05+00:00","og_image":[{"url":"http:\/\/jornalismo.ufsj.edu.br\/site\/wp-content\/uploads\/2019\/10\/20191024_203425-1024x768.jpg"}],"author":"Jornalismo UFSJ","twitter_card":"summary_large_image","twitter_creator":"@jornalismoufsj","twitter_site":"@jornalismoufsj","twitter_misc":{"Escrito por":"Jornalismo UFSJ","Est. tempo de leitura":"1 minuto"},"schema":{"@context":"https:\/\/schema.org","@graph":[{"@type":"WebPage","@id":"http:\/\/anu.ufsj.edu.br\/site\/jornalismoufsj\/abertura-do-seminario-regional-de-comunicacao-politica-de-2019-ctan-ufsj\/","url":"http:\/\/anu.ufsj.edu.br\/site\/jornalismoufsj\/abertura-do-seminario-regional-de-comunicacao-politica-de-2019-ctan-ufsj\/","name":"Abertura do Semin\u00e1rio Regional de Comunica\u00e7\u00e3o Pol\u00edtica de 2019 - CTan\/UFSJ - Jornalismo UFSJ","isPartOf":{"@id":"http:\/\/jornalismo.ufsj.edu.br\/site\/#website"},"datePublished":"2019-10-25T00:40:31+00:00","dateModified":"2019-10-30T18:27:05+00:00","author":{"@id":"http:\/\/jornalismo.ufsj.edu.br\/site\/#\/schema\/person\/f2aab557f9f94fdae1e2e2b0e6a81536"},"breadcrumb":{"@id":"http:\/\/anu.ufsj.edu.br\/site\/jornalismoufsj\/abertura-do-seminario-regional-de-comunicacao-politica-de-2019-ctan-ufsj\/#breadcrumb"},"inLanguage":"pt-BR","potentialAction":[{"@type":"ReadAction","target":["http:\/\/anu.ufsj.edu.br\/site\/jornalismoufsj\/abertura-do-seminario-regional-de-comunicacao-politica-de-2019-ctan-ufsj\/"]}]},{"@type":"BreadcrumbList","@id":"http:\/\/anu.ufsj.edu.br\/site\/jornalismoufsj\/abertura-do-seminario-regional-de-comunicacao-politica-de-2019-ctan-ufsj\/#breadcrumb","itemListElement":[{"@type":"ListItem","position":1,"name":"In\u00edcio","item":"http:\/\/jornalismo.ufsj.edu.br\/site\/"},{"@type":"ListItem","position":2,"name":"Abertura do Semin\u00e1rio Regional de Comunica\u00e7\u00e3o Pol\u00edtica de 2019 &#8211; CTan\/UFSJ"}]},{"@type":"WebSite","@id":"http:\/\/jornalismo.ufsj.edu.br\/site\/#website","url":"http:\/\/jornalismo.ufsj.edu.br\/site\/","name":"Jornalismo UFSJ","description":"","potentialAction":[{"@type":"SearchAction","target":{"@type":"EntryPoint","urlTemplate":"http:\/\/jornalismo.ufsj.edu.br\/site\/?s={search_term_string}"},"query-input":"required name=search_term_string"}],"inLanguage":"pt-BR"},{"@type":"Person","@id":"http:\/\/jornalismo.ufsj.edu.br\/site\/#\/schema\/person\/f2aab557f9f94fdae1e2e2b0e6a81536","name":"Jornalismo UFSJ","image":{"@type":"ImageObject","inLanguage":"pt-BR","@id":"http:\/\/jornalismo.ufsj.edu.br\/site\/#\/schema\/person\/image\/","url":"http:\/\/0.gravatar.com\/avatar\/3caca5e541257fa5c0030bb58ce55972?s=96&d=mm&r=g","contentUrl":"http:\/\/0.gravatar.com\/avatar\/3caca5e541257fa5c0030bb58ce55972?s=96&d=mm&r=g","caption":"Jornalismo UFSJ"}}]}},"jetpack_featured_media_url":"","_links":{"self":[{"href":"http:\/\/jornalismo.ufsj.edu.br\/site\/wp-json\/wp\/v2\/posts\/6812"}],"collection":[{"href":"http:\/\/jornalismo.ufsj.edu.br\/site\/wp-json\/wp\/v2\/posts"}],"about":[{"href":"http:\/\/jornalismo.ufsj.edu.br\/site\/wp-json\/wp\/v2\/types\/post"}],"author":[{"embeddable":true,"href":"http:\/\/jornalismo.ufsj.edu.br\/site\/wp-json\/wp\/v2\/users\/2"}],"replies":[{"embeddable":true,"href":"http:\/\/jornalismo.ufsj.edu.br\/site\/wp-json\/wp\/v2\/comments?post=6812"}],"version-history":[{"count":7,"href":"http:\/\/jornalismo.ufsj.edu.br\/site\/wp-json\/wp\/v2\/posts\/6812\/revisions"}],"predecessor-version":[{"id":6828,"href":"http:\/\/jornalismo.ufsj.edu.br\/site\/wp-json\/wp\/v2\/posts\/6812\/revisions\/6828"}],"wp:attachment":[{"href":"http:\/\/jornalismo.ufsj.edu.br\/site\/wp-json\/wp\/v2\/media?parent=6812"}],"wp:term":[{"taxonomy":"category","embeddable":true,"href":"http:\/\/jornalismo.ufsj.edu.br\/site\/wp-json\/wp\/v2\/categories?post=6812"},{"taxonomy":"post_tag","embeddable":true,"href":"http:\/\/jornalismo.ufsj.edu.br\/site\/wp-json\/wp\/v2\/tags?post=6812"}],"curies":[{"name":"wp","href":"https:\/\/api.w.org\/{rel}","templated":true}]}}