{"id":6787,"date":"2019-10-21T19:58:36","date_gmt":"2019-10-21T22:58:36","guid":{"rendered":"http:\/\/jornalismo.ufsj.edu.br\/site\/?p=6787"},"modified":"2019-10-21T22:37:37","modified_gmt":"2019-10-22T01:37:37","slug":"estudantes-de-jornalismo-sao-destaques-no-seminario-de-iniciacao-cientifica-da-ufsj","status":"publish","type":"post","link":"http:\/\/jornalismo.ufsj.edu.br\/site\/alunos\/estudantes-de-jornalismo-sao-destaques-no-seminario-de-iniciacao-cientifica-da-ufsj\/","title":{"rendered":"Estudantes de Jornalismo s\u00e3o destaques no Semin\u00e1rio de Inicia\u00e7\u00e3o Cient\u00edfica da UFSJ"},"content":{"rendered":"\n<p><em>Primeira\nedi\u00e7\u00e3o do evento aconteceu em 1993, quando a UFSJ ainda era FUNREI<\/em><\/p>\n\n\n\n<p>A 26\u00aa edi\u00e7\u00e3o do Semin\u00e1rio de Inicia\u00e7\u00e3o Cient\u00edfica (SIC) da UFSJ terminou no dia 11 de outubro. O evento, que faz parte da programa\u00e7\u00e3o do Congresso de Produ\u00e7\u00e3o Cient\u00edfica da Universidade Federal de S\u00e3o Jo\u00e3o del-Rei (<a href=\"https:\/\/ufsj.edu.br\/cpc\/index.php\">CPC UFSJ<\/a>), mobilizou cerca de 200 estudantes de diferentes departamentos da institui\u00e7\u00e3o. <\/p>\n\n\n\n<p>Nesta\nedi\u00e7\u00e3o, o curso de Comunica\u00e7\u00e3o Social \u2013 Jornalismo e o Departamento de\nComunica\u00e7\u00e3o Social (DCOMS) foram representados por 12 trabalhos desenvolvidos\nentre 2018 e 2019. Confira os t\u00edtulos:<\/p>\n\n\n\n<table class=\"wp-block-table is-style-stripes\"><tbody><tr><td><strong>T\u00edtulo do Trabalho<\/strong><\/td><td><strong>Autoria<\/strong><\/td><td><strong>Orienta\u00e7\u00e3o<\/strong><\/td><\/tr><tr><td> Uma hist\u00f3ria de amor e \u00f3dio: an\u00e1lise das cr\u00f4nicas de Ign\u00e1cio de Loyola Brand\u00e3o sobre a cidade de S\u00e3o Paulo <\/td><td>Beatriz Bezerra Estima<\/td><td>Prof. Dr. Jairo Faria Mendes<\/td><\/tr><tr><td>Her\u00f3i dos pobres e vil\u00e3o dos republicanos: an\u00e1lise da cobertura do Jornal do Brasil de Ant\u00f4nio Conselheiro e da Guerra dos Canudos<\/td><td>Giulia Attolini Muraro<\/td><td>Prof. Dr. Jairo Faria Mendes<\/td><\/tr><tr><td>Era uma vez: a mudan\u00e7a na imagem da mulher nos principais filmes de princesa da Disney<\/td><td>Rhayssa Jennipher Souza dos Santos<\/td><td>Prof. Dr. Jo\u00e3o Barreto da Fonseca<\/td><\/tr><tr><td>Como as ferramentas de publica\u00e7\u00f5es digitais contribuem para o fen\u00f4meno das fake news<\/td><td>Scarlet Freitas da Trindade<\/td><td>Prof. Dr. Jo\u00e3o Barreto da Fonseca<\/td><\/tr><tr><td>Marlene Bergamo: na contram\u00e3o da invisibilidade da mulher no fotojornalismo brasileiro<\/td><td>Camille Gallo Miranda<\/td><td>Profa. Dra. K\u00e1tia Hallak Lombardi<\/td><\/tr><tr><td>Retratos de vidro: fragmentos da hist\u00f3ria de S\u00e3o Jo\u00e3o del-Rei nas fotografias de Andr\u00e9 Bello<\/td><td>Yasmim do Nascimento Pinto<\/td><td>Profa. Dra. K\u00e1tia Hallak Lombardi<\/td><\/tr><tr><td>O que resta da P\u00e1tria de Chuteiras: a representa\u00e7\u00e3o da Sele\u00e7\u00e3o Brasileira de Futebol pelas cr\u00f4nicas esportivas do jornal O Globo durante a Copa de 2018<\/td><td>Vict\u00f3ria de Souza Fernando <\/td><td>Prof. Dr. Francisco \u00c2ngelo Brinati<\/td><\/tr><tr><td>O impacto da converg\u00eancia digital: a migra\u00e7\u00e3o dos jornalistas dos ve\u00edculos tradicionais para as redes sociais<\/td><td>Rachel dos Santos Silva<\/td><td>Profa. Dra. Luciene F\u00e1tima T\u00f3foli<\/td><\/tr><tr><td>An\u00e1lise das estrat\u00e9gias discursivas das mulheres presidenci\u00e1veis sobre a quest\u00e3o do aborto<\/td><td>Clara Fernandes Santos da Silva<\/td><td>Prof. Dr. Luiz Ademir de Oliveira<\/td><\/tr><tr><td>As estrat\u00e9gias midi\u00e1ticas dos candidatos ao Governo de Minas Gerais no Facebook em 2018<\/td><td>Fernanda Mayumi Palmieri Nakashima<\/td><td>Prof. Dr. Luiz Ademir de Oliveira<\/td><\/tr><tr><td>Sistemas e pol\u00edticas de comunica\u00e7\u00e3o: uma an\u00e1lise do conflito entre oligarquias e m\u00eddia no Campo das Vertentes de Minas Gerais<\/td><td>Iuri Fontora Almeida<\/td><td>Prof. Dr. Luiz Ademir de Oliveira<\/td><\/tr><tr><td>Comunica\u00e7\u00e3o Insurgente: o rap, as subjetividades pretas e a ind\u00fastria de cultura<\/td><td>Jo\u00e3o Vitor Bessa Cordeiro de Souza<\/td><td>Profa. Dra. Vanessa Maia Barbosa de Paiva<\/td><\/tr><\/tbody><\/table>\n\n\n\n<p><strong>Entre\nos melhores da SIC<\/strong><\/p>\n\n\n\n<div class=\"wp-block-image\"><figure class=\"alignright is-resized\"><img loading=\"lazy\" src=\"http:\/\/jornalismo.ufsj.edu.br\/site\/wp-content\/uploads\/2019\/10\/Foto-21-10-2019-16-40-31-768x1024.jpg\" alt=\"\" class=\"wp-image-6791\" width=\"282\" height=\"375\" srcset=\"http:\/\/jornalismo.ufsj.edu.br\/site\/wp-content\/uploads\/2019\/10\/Foto-21-10-2019-16-40-31-768x1024.jpg 768w, http:\/\/jornalismo.ufsj.edu.br\/site\/wp-content\/uploads\/2019\/10\/Foto-21-10-2019-16-40-31-225x300.jpg 225w, http:\/\/jornalismo.ufsj.edu.br\/site\/wp-content\/uploads\/2019\/10\/Foto-21-10-2019-16-40-31.jpg 960w\" sizes=\"(max-width: 282px) 100vw, 282px\" \/><figcaption>A egressa Clara Fernandes pretende continuar desenvolvendo pesquisas na \u00e1rea de Comunica\u00e7\u00e3o Organizacional e M\u00eddias Sociais, conciliando com projetos no mercado.<\/figcaption><\/figure><\/div>\n\n\n\n<p>Dois artigos de Jornalismo est\u00e3o na <a href=\"https:\/\/ufsj.edu.br\/cpc\/destaques_mencoes_xxvi_sic.php\">lista<\/a> de destaque e men\u00e7\u00e3o honrosa. Um desses trabalhos foi o da rec\u00e9m-formada, Clara Fernandes. Ela afirma que, mesmo j\u00e1 tendo colado grau, fez quest\u00e3o de apresentar o trabalho na CPC, \u201cpor gratid\u00e3o ao curso, ao meu orientador, e para mostrar a pot\u00eancia do curso de Jornalismo para a produ\u00e7\u00e3o cient\u00edfica da UFSJ\u201d. <\/p>\n\n\n\n<p>De\nacordo com Clara, o aborto foi escolhido como tem\u00e1tica central, devido a sua\nevid\u00eancia no ano de 2018, com a discuss\u00e3o do STF sobre o tema e a grande\nmovimenta\u00e7\u00e3o sobre este assunto: \u201coptamos tamb\u00e9m por analisar apenas as chapas\nque tivessem mulheres, sejam elas candidatas a presid\u00eancia ou \u00e0\nvice-presid\u00eancia (Manuela D&#8217;\u00c1vila, Ana Am\u00e9lia, Marina Silva e K\u00e1tia Abreu). Foi\nfeito uma an\u00e1lise de conte\u00fado investigando o enquadramento e o enfoque dado pelo\nportal Universia \u00e0 quest\u00e3o do abordo, e as estrat\u00e9gias discursivas utilizadas\npelas candidatas para responder \u00e0s perguntas sobre o tema&#8221;.<\/p>\n\n\n\n<p>O estudante Jo\u00e3o Vitor Bessa <em>(foto da capa)<\/em>, que ficou entre os destaques da edi\u00e7\u00e3o do CPC, revela que pensa em seguir carreira acad\u00eamica e tamb\u00e9m explica um pouco sobre o t\u00edtulo de seu trabalho, que aborda a \u201ccomunica\u00e7\u00e3o insurgente\u201d: &#8220;tirei <em>(o termo)<\/em> de um dos livros que foram a base para o artigo &#8211; &#8216;Brasil Periferia: comunica\u00e7\u00e3o insurgente do hip-hop&#8217;, escrito pela Andrea Moassab. A comunica\u00e7\u00e3o insurgente diz respeito a comunica\u00e7\u00e3o daqueles que v\u00eam debaixo, a comunica\u00e7\u00e3o dos que s\u00e3o subalternizados, &#8216;periferizados&#8217;, silenciados e marginalizados pela estrutura social. Esse conceito tem muito a ver com a ideia de comunica\u00e7\u00e3o contra-hegem\u00f4nica do hip-hop que essa autora trata&#8221;.<\/p>\n\n\n\n<p>Clara,\ninclusive, d\u00e1 uma dica aos futuros colegas de promiss\u00e3o que ainda est\u00e3o na\ngradua\u00e7\u00e3o: fa\u00e7a uma inicia\u00e7\u00e3o cient\u00edfica.<\/p>\n\n\n\n<p>\u201cCom\nou sem bolsa, nas mais variadas linhas de pesquisa, no come\u00e7o ou no finalzinho\nda gradua\u00e7\u00e3o (como no meu caso), mas fa\u00e7a. Produza conhecimento cient\u00edfico na\nsua \u00e1rea.<\/p>\n\n\n\n<p>N\u00f3s\ntemos essa imagem err\u00f4nea de que alguns alunos t\u00eam perfil \u2018de mercado\u2019 e outros\nt\u00eam perfil \u2018de academia\u2019, mas isso \u00e9 uma bobagem. Fazer inicia\u00e7\u00e3o cient\u00edfica me\ntornou uma jornalista melhor. Desenvolver uma pesquisa cria habilidades como\ndisciplina, perspic\u00e1cia, capacidade anal\u00edtica e escrita. Artif\u00edcios que eu levo\ntamb\u00e9m para a minha vida profissional\u201d.<\/p>\n\n\n\n<p><strong>Aos\ninteressados na \u00e1rea cient\u00edfica<\/strong><\/p>\n\n\n\n<p>A\ncarreira acad\u00eamica \u00e9 um entre os v\u00e1rios campos de possibilidades profissionais\nque o egresso de Comunica\u00e7\u00e3o Social \u2013 Jornalismo na UFSJ pode seguir. Orientador\ndo trabalho da Clara, Prof. Luiz Ademir de Oliveira lembra que, nesses 10 anos\nde exist\u00eancia do curso, linhas importantes de pesquisa foram consolidadas no\ncurso, \u201co que tem facilitado o ingresso dos alunos em programas de\np\u00f3s-gradua\u00e7\u00e3o\u201d.<\/p>\n\n\n\n<p>No\nentanto, para o docente, boa parte dos estudantes se familiarizam com as\nt\u00e9cnicas de investiga\u00e7\u00e3o e produ\u00e7\u00e3o cient\u00edfica ao participarem de projetos de\ninicia\u00e7\u00e3o cient\u00edfica \u2013 quando podem praticar, por exemplo, uma pesquisa\nbibliogr\u00e1fica, an\u00e1lise de dados e a produ\u00e7\u00e3o de um artigo, al\u00e9m de marcarem\npresen\u00e7a em congressos da \u00e1rea. <\/p>\n\n\n\n<p>\u201cQuem deseja fazer uma inicia\u00e7\u00e3o cient\u00edfica pode, a partir do segundo per\u00edodo, procurar um professor com quem tenha maior afinidade te\u00f3rica para que possam conjuntamente elaborar um projeto a ser submetido \u00e0 C\u00e2mara de Inicia\u00e7\u00e3o Cient\u00edfica\u201d, finaliza Luiz Ademir.<\/p>\n\n\n\n<p><strong>Texto:<\/strong> Arthur Raposo Gomes<\/p>\n\n\n\n<p><strong>Fotos: <\/strong>Arquivo pessoal &#8211; Jo\u00e3o Vitor Bessa e Clara Fernandes<\/p>\n","protected":false},"excerpt":{"rendered":"<p>Primeira edi\u00e7\u00e3o do evento aconteceu em 1993, quando a UFSJ ainda era FUNREI<\/p>\n","protected":false},"author":2,"featured_media":6795,"comment_status":"open","ping_status":"open","sticky":false,"template":"","format":"standard","meta":{"_monsterinsights_skip_tracking":false,"_monsterinsights_sitenote_active":false,"_monsterinsights_sitenote_note":"","_monsterinsights_sitenote_category":0},"categories":[6,36,43,73],"tags":[231,232,230,119,233,178,96,229],"yoast_head":"<!-- This site is optimized with the Yoast SEO plugin v20.6 - https:\/\/yoast.com\/wordpress\/plugins\/seo\/ -->\n<title>Estudantes de Jornalismo s\u00e3o destaques no Semin\u00e1rio de Inicia\u00e7\u00e3o Cient\u00edfica da UFSJ - Jornalismo UFSJ<\/title>\n<meta name=\"robots\" content=\"index, follow, max-snippet:-1, max-image-preview:large, max-video-preview:-1\" \/>\n<link rel=\"canonical\" href=\"http:\/\/anu.ufsj.edu.br\/site\/alunos\/estudantes-de-jornalismo-sao-destaques-no-seminario-de-iniciacao-cientifica-da-ufsj\/\" \/>\n<meta property=\"og:locale\" content=\"pt_BR\" \/>\n<meta property=\"og:type\" content=\"article\" \/>\n<meta property=\"og:title\" content=\"Estudantes de Jornalismo s\u00e3o destaques no Semin\u00e1rio de Inicia\u00e7\u00e3o Cient\u00edfica da UFSJ - Jornalismo UFSJ\" \/>\n<meta property=\"og:description\" content=\"Primeira edi\u00e7\u00e3o do evento aconteceu em 1993, quando a UFSJ ainda era FUNREI\" \/>\n<meta property=\"og:url\" content=\"http:\/\/anu.ufsj.edu.br\/site\/alunos\/estudantes-de-jornalismo-sao-destaques-no-seminario-de-iniciacao-cientifica-da-ufsj\/\" \/>\n<meta property=\"og:site_name\" content=\"Jornalismo UFSJ\" \/>\n<meta property=\"article:publisher\" content=\"https:\/\/www.facebook.com\/jornalismoufsj\/\" \/>\n<meta property=\"article:published_time\" content=\"2019-10-21T22:58:36+00:00\" \/>\n<meta property=\"article:modified_time\" content=\"2019-10-22T01:37:37+00:00\" \/>\n<meta property=\"og:image\" content=\"http:\/\/anu.ufsj.edu.br\/site\/wp-content\/uploads\/2019\/10\/WhatsApp-Image-2019-10-18-at-11.30.23-1.jpeg\" \/>\n\t<meta property=\"og:image:width\" content=\"948\" \/>\n\t<meta property=\"og:image:height\" content=\"536\" \/>\n\t<meta property=\"og:image:type\" content=\"image\/jpeg\" \/>\n<meta name=\"author\" content=\"Jornalismo UFSJ\" \/>\n<meta name=\"twitter:card\" content=\"summary_large_image\" \/>\n<meta name=\"twitter:creator\" content=\"@jornalismoufsj\" \/>\n<meta name=\"twitter:site\" content=\"@jornalismoufsj\" \/>\n<meta name=\"twitter:label1\" content=\"Escrito por\" \/>\n\t<meta name=\"twitter:data1\" content=\"Jornalismo UFSJ\" \/>\n\t<meta name=\"twitter:label2\" content=\"Est. tempo de leitura\" \/>\n\t<meta name=\"twitter:data2\" content=\"5 minutos\" \/>\n<script type=\"application\/ld+json\" class=\"yoast-schema-graph\">{\"@context\":\"https:\/\/schema.org\",\"@graph\":[{\"@type\":\"WebPage\",\"@id\":\"http:\/\/anu.ufsj.edu.br\/site\/alunos\/estudantes-de-jornalismo-sao-destaques-no-seminario-de-iniciacao-cientifica-da-ufsj\/\",\"url\":\"http:\/\/anu.ufsj.edu.br\/site\/alunos\/estudantes-de-jornalismo-sao-destaques-no-seminario-de-iniciacao-cientifica-da-ufsj\/\",\"name\":\"Estudantes de Jornalismo s\u00e3o destaques no Semin\u00e1rio de Inicia\u00e7\u00e3o Cient\u00edfica da UFSJ - Jornalismo UFSJ\",\"isPartOf\":{\"@id\":\"http:\/\/jornalismo.ufsj.edu.br\/site\/#website\"},\"datePublished\":\"2019-10-21T22:58:36+00:00\",\"dateModified\":\"2019-10-22T01:37:37+00:00\",\"author\":{\"@id\":\"http:\/\/jornalismo.ufsj.edu.br\/site\/#\/schema\/person\/f2aab557f9f94fdae1e2e2b0e6a81536\"},\"breadcrumb\":{\"@id\":\"http:\/\/anu.ufsj.edu.br\/site\/alunos\/estudantes-de-jornalismo-sao-destaques-no-seminario-de-iniciacao-cientifica-da-ufsj\/#breadcrumb\"},\"inLanguage\":\"pt-BR\",\"potentialAction\":[{\"@type\":\"ReadAction\",\"target\":[\"http:\/\/anu.ufsj.edu.br\/site\/alunos\/estudantes-de-jornalismo-sao-destaques-no-seminario-de-iniciacao-cientifica-da-ufsj\/\"]}]},{\"@type\":\"BreadcrumbList\",\"@id\":\"http:\/\/anu.ufsj.edu.br\/site\/alunos\/estudantes-de-jornalismo-sao-destaques-no-seminario-de-iniciacao-cientifica-da-ufsj\/#breadcrumb\",\"itemListElement\":[{\"@type\":\"ListItem\",\"position\":1,\"name\":\"In\u00edcio\",\"item\":\"http:\/\/jornalismo.ufsj.edu.br\/site\/\"},{\"@type\":\"ListItem\",\"position\":2,\"name\":\"Estudantes de Jornalismo s\u00e3o destaques no Semin\u00e1rio de Inicia\u00e7\u00e3o Cient\u00edfica da UFSJ\"}]},{\"@type\":\"WebSite\",\"@id\":\"http:\/\/jornalismo.ufsj.edu.br\/site\/#website\",\"url\":\"http:\/\/jornalismo.ufsj.edu.br\/site\/\",\"name\":\"Jornalismo UFSJ\",\"description\":\"\",\"potentialAction\":[{\"@type\":\"SearchAction\",\"target\":{\"@type\":\"EntryPoint\",\"urlTemplate\":\"http:\/\/jornalismo.ufsj.edu.br\/site\/?s={search_term_string}\"},\"query-input\":\"required name=search_term_string\"}],\"inLanguage\":\"pt-BR\"},{\"@type\":\"Person\",\"@id\":\"http:\/\/jornalismo.ufsj.edu.br\/site\/#\/schema\/person\/f2aab557f9f94fdae1e2e2b0e6a81536\",\"name\":\"Jornalismo UFSJ\",\"image\":{\"@type\":\"ImageObject\",\"inLanguage\":\"pt-BR\",\"@id\":\"http:\/\/jornalismo.ufsj.edu.br\/site\/#\/schema\/person\/image\/\",\"url\":\"http:\/\/0.gravatar.com\/avatar\/3caca5e541257fa5c0030bb58ce55972?s=96&d=mm&r=g\",\"contentUrl\":\"http:\/\/0.gravatar.com\/avatar\/3caca5e541257fa5c0030bb58ce55972?s=96&d=mm&r=g\",\"caption\":\"Jornalismo UFSJ\"}}]}<\/script>\n<!-- \/ Yoast SEO plugin. -->","yoast_head_json":{"title":"Estudantes de Jornalismo s\u00e3o destaques no Semin\u00e1rio de Inicia\u00e7\u00e3o Cient\u00edfica da UFSJ - Jornalismo UFSJ","robots":{"index":"index","follow":"follow","max-snippet":"max-snippet:-1","max-image-preview":"max-image-preview:large","max-video-preview":"max-video-preview:-1"},"canonical":"http:\/\/anu.ufsj.edu.br\/site\/alunos\/estudantes-de-jornalismo-sao-destaques-no-seminario-de-iniciacao-cientifica-da-ufsj\/","og_locale":"pt_BR","og_type":"article","og_title":"Estudantes de Jornalismo s\u00e3o destaques no Semin\u00e1rio de Inicia\u00e7\u00e3o Cient\u00edfica da UFSJ - Jornalismo UFSJ","og_description":"Primeira edi\u00e7\u00e3o do evento aconteceu em 1993, quando a UFSJ ainda era FUNREI","og_url":"http:\/\/anu.ufsj.edu.br\/site\/alunos\/estudantes-de-jornalismo-sao-destaques-no-seminario-de-iniciacao-cientifica-da-ufsj\/","og_site_name":"Jornalismo UFSJ","article_publisher":"https:\/\/www.facebook.com\/jornalismoufsj\/","article_published_time":"2019-10-21T22:58:36+00:00","article_modified_time":"2019-10-22T01:37:37+00:00","og_image":[{"width":948,"height":536,"url":"http:\/\/anu.ufsj.edu.br\/site\/wp-content\/uploads\/2019\/10\/WhatsApp-Image-2019-10-18-at-11.30.23-1.jpeg","type":"image\/jpeg"}],"author":"Jornalismo UFSJ","twitter_card":"summary_large_image","twitter_creator":"@jornalismoufsj","twitter_site":"@jornalismoufsj","twitter_misc":{"Escrito por":"Jornalismo UFSJ","Est. tempo de leitura":"5 minutos"},"schema":{"@context":"https:\/\/schema.org","@graph":[{"@type":"WebPage","@id":"http:\/\/anu.ufsj.edu.br\/site\/alunos\/estudantes-de-jornalismo-sao-destaques-no-seminario-de-iniciacao-cientifica-da-ufsj\/","url":"http:\/\/anu.ufsj.edu.br\/site\/alunos\/estudantes-de-jornalismo-sao-destaques-no-seminario-de-iniciacao-cientifica-da-ufsj\/","name":"Estudantes de Jornalismo s\u00e3o destaques no Semin\u00e1rio de Inicia\u00e7\u00e3o Cient\u00edfica da UFSJ - Jornalismo UFSJ","isPartOf":{"@id":"http:\/\/jornalismo.ufsj.edu.br\/site\/#website"},"datePublished":"2019-10-21T22:58:36+00:00","dateModified":"2019-10-22T01:37:37+00:00","author":{"@id":"http:\/\/jornalismo.ufsj.edu.br\/site\/#\/schema\/person\/f2aab557f9f94fdae1e2e2b0e6a81536"},"breadcrumb":{"@id":"http:\/\/anu.ufsj.edu.br\/site\/alunos\/estudantes-de-jornalismo-sao-destaques-no-seminario-de-iniciacao-cientifica-da-ufsj\/#breadcrumb"},"inLanguage":"pt-BR","potentialAction":[{"@type":"ReadAction","target":["http:\/\/anu.ufsj.edu.br\/site\/alunos\/estudantes-de-jornalismo-sao-destaques-no-seminario-de-iniciacao-cientifica-da-ufsj\/"]}]},{"@type":"BreadcrumbList","@id":"http:\/\/anu.ufsj.edu.br\/site\/alunos\/estudantes-de-jornalismo-sao-destaques-no-seminario-de-iniciacao-cientifica-da-ufsj\/#breadcrumb","itemListElement":[{"@type":"ListItem","position":1,"name":"In\u00edcio","item":"http:\/\/jornalismo.ufsj.edu.br\/site\/"},{"@type":"ListItem","position":2,"name":"Estudantes de Jornalismo s\u00e3o destaques no Semin\u00e1rio de Inicia\u00e7\u00e3o Cient\u00edfica da UFSJ"}]},{"@type":"WebSite","@id":"http:\/\/jornalismo.ufsj.edu.br\/site\/#website","url":"http:\/\/jornalismo.ufsj.edu.br\/site\/","name":"Jornalismo UFSJ","description":"","potentialAction":[{"@type":"SearchAction","target":{"@type":"EntryPoint","urlTemplate":"http:\/\/jornalismo.ufsj.edu.br\/site\/?s={search_term_string}"},"query-input":"required name=search_term_string"}],"inLanguage":"pt-BR"},{"@type":"Person","@id":"http:\/\/jornalismo.ufsj.edu.br\/site\/#\/schema\/person\/f2aab557f9f94fdae1e2e2b0e6a81536","name":"Jornalismo UFSJ","image":{"@type":"ImageObject","inLanguage":"pt-BR","@id":"http:\/\/jornalismo.ufsj.edu.br\/site\/#\/schema\/person\/image\/","url":"http:\/\/0.gravatar.com\/avatar\/3caca5e541257fa5c0030bb58ce55972?s=96&d=mm&r=g","contentUrl":"http:\/\/0.gravatar.com\/avatar\/3caca5e541257fa5c0030bb58ce55972?s=96&d=mm&r=g","caption":"Jornalismo UFSJ"}}]}},"jetpack_featured_media_url":"http:\/\/jornalismo.ufsj.edu.br\/site\/wp-content\/uploads\/2019\/10\/WhatsApp-Image-2019-10-18-at-11.30.23-1.jpeg","_links":{"self":[{"href":"http:\/\/jornalismo.ufsj.edu.br\/site\/wp-json\/wp\/v2\/posts\/6787"}],"collection":[{"href":"http:\/\/jornalismo.ufsj.edu.br\/site\/wp-json\/wp\/v2\/posts"}],"about":[{"href":"http:\/\/jornalismo.ufsj.edu.br\/site\/wp-json\/wp\/v2\/types\/post"}],"author":[{"embeddable":true,"href":"http:\/\/jornalismo.ufsj.edu.br\/site\/wp-json\/wp\/v2\/users\/2"}],"replies":[{"embeddable":true,"href":"http:\/\/jornalismo.ufsj.edu.br\/site\/wp-json\/wp\/v2\/comments?post=6787"}],"version-history":[{"count":8,"href":"http:\/\/jornalismo.ufsj.edu.br\/site\/wp-json\/wp\/v2\/posts\/6787\/revisions"}],"predecessor-version":[{"id":6811,"href":"http:\/\/jornalismo.ufsj.edu.br\/site\/wp-json\/wp\/v2\/posts\/6787\/revisions\/6811"}],"wp:featuredmedia":[{"embeddable":true,"href":"http:\/\/jornalismo.ufsj.edu.br\/site\/wp-json\/wp\/v2\/media\/6795"}],"wp:attachment":[{"href":"http:\/\/jornalismo.ufsj.edu.br\/site\/wp-json\/wp\/v2\/media?parent=6787"}],"wp:term":[{"taxonomy":"category","embeddable":true,"href":"http:\/\/jornalismo.ufsj.edu.br\/site\/wp-json\/wp\/v2\/categories?post=6787"},{"taxonomy":"post_tag","embeddable":true,"href":"http:\/\/jornalismo.ufsj.edu.br\/site\/wp-json\/wp\/v2\/tags?post=6787"}],"curies":[{"name":"wp","href":"https:\/\/api.w.org\/{rel}","templated":true}]}}