{"id":6759,"date":"2019-10-10T14:01:40","date_gmt":"2019-10-10T17:01:40","guid":{"rendered":"http:\/\/jornalismo.ufsj.edu.br\/site\/?p=6759"},"modified":"2019-10-10T14:04:40","modified_gmt":"2019-10-10T17:04:40","slug":"turmas-de-fotojornalismo-participam-de-expedicao-fotografica-em-bichinho","status":"publish","type":"post","link":"http:\/\/jornalismo.ufsj.edu.br\/site\/comunicacao\/turmas-de-fotojornalismo-participam-de-expedicao-fotografica-em-bichinho\/","title":{"rendered":"Turmas de Fotojornalismo participam de expedi\u00e7\u00e3o fotogr\u00e1fica em Bichinho"},"content":{"rendered":"\n<p><em>Atividade contou com a orienta\u00e7\u00e3o da Profa. K\u00e1tia Lombardi e aux\u00edlio do t\u00e9cnico do Laborat\u00f3rio Fotogr\u00e1fico, Marcius Vin\u00edcius Barcelos, al\u00e9m da monitoria<\/em><\/p>\n\n\n\n<p>O\ndistrito Vitoriano Veloso, mais conhecido como Bichinho, sediou a quinta edi\u00e7\u00e3o\ndo Cartografias da Primavera, no \u00faltimo s\u00e1bado, dia 05. A atividade visa\nexplorar a regi\u00e3o do Campo das Vertentes, sendo tamb\u00e9m uma possibilidade de\nconfraterniza\u00e7\u00e3o entre estudantes, professores e comunidade. <br>\n<br>\nA\niniciativa de realizar o passeio surgiu de uma necessidade da disciplina\n\u201cLinguagem Fotogr\u00e1fica\u201d, ainda da antiga grade curricular: visto que o curso de\nComunica\u00e7\u00e3o Social \u2013 Jornalismo da UFSJ \u00e9 oferecido no turno da noite, foi percebida\na demanda de fazer uma atividade diurna e fora da sala de aula. <\/p>\n\n\n\n<p>Neste\nano, participaram do Cartografias, n\u00e3o s\u00f3 os alunos da disciplina de\nFotojornalismo, mas tamb\u00e9m estudantes de outros per\u00edodos que j\u00e1 participaram de\nantigas edi\u00e7\u00f5es e at\u00e9 mesmo, discentes de outros cursos da institui\u00e7\u00e3o.<\/p>\n\n\n\n<p>Para J\u00falia Morais, estudante do 2\u00ba per\u00edodo que n\u00e3o conhecia o vilarejo, a expedi\u00e7\u00e3o foi surpreendente. \u201cO lugar \u00e9 muito bonitinho e d\u00e1 vontade de tirar foto de tudo! Cada cantinho daria uma fotografia muito legal\u201d, afirma. Ela completa dizendo que foi encantador perceber a beleza em um lugar t\u00e3o simples, mas que tem muito a contribuir.<\/p>\n\n\n\n<p>A professora e organizadora do evento, K\u00e1tia Lombardi, tamb\u00e9m avalia a quinta edi\u00e7\u00e3o do Cartografias da Primavera: \u201cMais uma experi\u00eancia maravilhosa! Este ano, pela primeira vez, conseguimos o \u00f4nibus da universidade, o que possibilitou um n\u00famero maior de participantes e o deslocamento at\u00e9 Bichinho\u201d. <\/p>\n\n\n\n<ul class=\"wp-container-2 wp-block-gallery-1 wp-block-gallery columns-3 is-cropped\"><li class=\"blocks-gallery-item\"><figure><img loading=\"lazy\" width=\"960\" height=\"600\" src=\"http:\/\/jornalismo.ufsj.edu.br\/site\/wp-content\/uploads\/2019\/10\/71933549_10221562711241411_8465117954705457152_n.jpg\" alt=\"\" data-id=\"6761\" data-link=\"http:\/\/jornalismo.ufsj.edu.br\/site\/comunicacao\/turmas-de-fotojornalismo-participam-de-expedicao-fotografica-em-bichinho\/attachment\/71933549_10221562711241411_8465117954705457152_n\/\" class=\"wp-image-6761\" srcset=\"http:\/\/jornalismo.ufsj.edu.br\/site\/wp-content\/uploads\/2019\/10\/71933549_10221562711241411_8465117954705457152_n.jpg 960w, http:\/\/jornalismo.ufsj.edu.br\/site\/wp-content\/uploads\/2019\/10\/71933549_10221562711241411_8465117954705457152_n-300x188.jpg 300w, http:\/\/jornalismo.ufsj.edu.br\/site\/wp-content\/uploads\/2019\/10\/71933549_10221562711241411_8465117954705457152_n-768x480.jpg 768w\" sizes=\"(max-width: 960px) 100vw, 960px\" \/><\/figure><\/li><li class=\"blocks-gallery-item\"><figure><img loading=\"lazy\" width=\"960\" height=\"960\" src=\"http:\/\/jornalismo.ufsj.edu.br\/site\/wp-content\/uploads\/2019\/10\/72222997_10221562714761499_4415929011167821824_n.jpg\" alt=\"\" data-id=\"6762\" data-link=\"http:\/\/jornalismo.ufsj.edu.br\/site\/comunicacao\/turmas-de-fotojornalismo-participam-de-expedicao-fotografica-em-bichinho\/attachment\/72222997_10221562714761499_4415929011167821824_n\/\" class=\"wp-image-6762\" srcset=\"http:\/\/jornalismo.ufsj.edu.br\/site\/wp-content\/uploads\/2019\/10\/72222997_10221562714761499_4415929011167821824_n.jpg 960w, http:\/\/jornalismo.ufsj.edu.br\/site\/wp-content\/uploads\/2019\/10\/72222997_10221562714761499_4415929011167821824_n-150x150.jpg 150w, http:\/\/jornalismo.ufsj.edu.br\/site\/wp-content\/uploads\/2019\/10\/72222997_10221562714761499_4415929011167821824_n-300x300.jpg 300w, http:\/\/jornalismo.ufsj.edu.br\/site\/wp-content\/uploads\/2019\/10\/72222997_10221562714761499_4415929011167821824_n-768x768.jpg 768w\" sizes=\"(max-width: 960px) 100vw, 960px\" \/><\/figure><\/li><li class=\"blocks-gallery-item\"><figure><img loading=\"lazy\" width=\"960\" height=\"640\" src=\"http:\/\/jornalismo.ufsj.edu.br\/site\/wp-content\/uploads\/2019\/10\/72549546_10221562721001655_4226302150600294400_n.jpg\" alt=\"\" data-id=\"6763\" data-link=\"http:\/\/jornalismo.ufsj.edu.br\/site\/comunicacao\/turmas-de-fotojornalismo-participam-de-expedicao-fotografica-em-bichinho\/attachment\/72549546_10221562721001655_4226302150600294400_n\/\" class=\"wp-image-6763\" srcset=\"http:\/\/jornalismo.ufsj.edu.br\/site\/wp-content\/uploads\/2019\/10\/72549546_10221562721001655_4226302150600294400_n.jpg 960w, http:\/\/jornalismo.ufsj.edu.br\/site\/wp-content\/uploads\/2019\/10\/72549546_10221562721001655_4226302150600294400_n-300x200.jpg 300w, http:\/\/jornalismo.ufsj.edu.br\/site\/wp-content\/uploads\/2019\/10\/72549546_10221562721001655_4226302150600294400_n-768x512.jpg 768w\" sizes=\"(max-width: 960px) 100vw, 960px\" \/><\/figure><\/li><li class=\"blocks-gallery-item\"><figure><img loading=\"lazy\" width=\"960\" height=\"616\" src=\"http:\/\/jornalismo.ufsj.edu.br\/site\/wp-content\/uploads\/2019\/10\/foto_.jpg\" alt=\"\" data-id=\"6764\" data-link=\"http:\/\/jornalismo.ufsj.edu.br\/site\/comunicacao\/turmas-de-fotojornalismo-participam-de-expedicao-fotografica-em-bichinho\/attachment\/foto_\/\" class=\"wp-image-6764\" srcset=\"http:\/\/jornalismo.ufsj.edu.br\/site\/wp-content\/uploads\/2019\/10\/foto_.jpg 960w, http:\/\/jornalismo.ufsj.edu.br\/site\/wp-content\/uploads\/2019\/10\/foto_-300x193.jpg 300w, http:\/\/jornalismo.ufsj.edu.br\/site\/wp-content\/uploads\/2019\/10\/foto_-768x493.jpg 768w\" sizes=\"(max-width: 960px) 100vw, 960px\" \/><\/figure><\/li><li class=\"blocks-gallery-item\"><figure><img loading=\"lazy\" width=\"960\" height=\"610\" src=\"http:\/\/jornalismo.ufsj.edu.br\/site\/wp-content\/uploads\/2019\/10\/foto_2.jpg\" alt=\"\" data-id=\"6765\" data-link=\"http:\/\/jornalismo.ufsj.edu.br\/site\/comunicacao\/turmas-de-fotojornalismo-participam-de-expedicao-fotografica-em-bichinho\/attachment\/foto_2\/\" class=\"wp-image-6765\" srcset=\"http:\/\/jornalismo.ufsj.edu.br\/site\/wp-content\/uploads\/2019\/10\/foto_2.jpg 960w, http:\/\/jornalismo.ufsj.edu.br\/site\/wp-content\/uploads\/2019\/10\/foto_2-300x191.jpg 300w, http:\/\/jornalismo.ufsj.edu.br\/site\/wp-content\/uploads\/2019\/10\/foto_2-768x488.jpg 768w\" sizes=\"(max-width: 960px) 100vw, 960px\" \/><\/figure><\/li><li class=\"blocks-gallery-item\"><figure><img loading=\"lazy\" width=\"960\" height=\"633\" src=\"http:\/\/jornalismo.ufsj.edu.br\/site\/wp-content\/uploads\/2019\/10\/foto_3.jpg\" alt=\"\" data-id=\"6766\" data-link=\"http:\/\/jornalismo.ufsj.edu.br\/site\/comunicacao\/turmas-de-fotojornalismo-participam-de-expedicao-fotografica-em-bichinho\/attachment\/foto_3\/\" class=\"wp-image-6766\" srcset=\"http:\/\/jornalismo.ufsj.edu.br\/site\/wp-content\/uploads\/2019\/10\/foto_3.jpg 960w, http:\/\/jornalismo.ufsj.edu.br\/site\/wp-content\/uploads\/2019\/10\/foto_3-300x198.jpg 300w, http:\/\/jornalismo.ufsj.edu.br\/site\/wp-content\/uploads\/2019\/10\/foto_3-768x506.jpg 768w\" sizes=\"(max-width: 960px) 100vw, 960px\" \/><\/figure><\/li><li class=\"blocks-gallery-item\"><figure><img loading=\"lazy\" width=\"960\" height=\"668\" src=\"http:\/\/jornalismo.ufsj.edu.br\/site\/wp-content\/uploads\/2019\/10\/foto_4.jpg\" alt=\"\" data-id=\"6767\" data-link=\"http:\/\/jornalismo.ufsj.edu.br\/site\/comunicacao\/turmas-de-fotojornalismo-participam-de-expedicao-fotografica-em-bichinho\/attachment\/foto_4\/\" class=\"wp-image-6767\" srcset=\"http:\/\/jornalismo.ufsj.edu.br\/site\/wp-content\/uploads\/2019\/10\/foto_4.jpg 960w, http:\/\/jornalismo.ufsj.edu.br\/site\/wp-content\/uploads\/2019\/10\/foto_4-300x209.jpg 300w, http:\/\/jornalismo.ufsj.edu.br\/site\/wp-content\/uploads\/2019\/10\/foto_4-768x534.jpg 768w\" sizes=\"(max-width: 960px) 100vw, 960px\" \/><\/figure><\/li><li class=\"blocks-gallery-item\"><figure><img loading=\"lazy\" width=\"960\" height=\"623\" src=\"http:\/\/jornalismo.ufsj.edu.br\/site\/wp-content\/uploads\/2019\/10\/foto_5.jpg\" alt=\"\" data-id=\"6768\" data-link=\"http:\/\/jornalismo.ufsj.edu.br\/site\/comunicacao\/turmas-de-fotojornalismo-participam-de-expedicao-fotografica-em-bichinho\/attachment\/foto_5\/\" class=\"wp-image-6768\" srcset=\"http:\/\/jornalismo.ufsj.edu.br\/site\/wp-content\/uploads\/2019\/10\/foto_5.jpg 960w, http:\/\/jornalismo.ufsj.edu.br\/site\/wp-content\/uploads\/2019\/10\/foto_5-300x195.jpg 300w, http:\/\/jornalismo.ufsj.edu.br\/site\/wp-content\/uploads\/2019\/10\/foto_5-768x498.jpg 768w\" sizes=\"(max-width: 960px) 100vw, 960px\" \/><figcaption>Fotos: K\u00e1tia Lombardi<\/figcaption><\/figure><\/li><\/ul>\n\n\n\n<p><strong>O\np\u00f3s-evento<\/strong><\/p>\n\n\n\n<p>Depois\nde praticarem a fotografia em um ambiente externo, inicia-se a segunda parte da\natividade, agora, no \u00e2mbito acad\u00eamico. As fotos produzidas ser\u00e3o exibidas e\npassar\u00e3o por um concurso.<\/p>\n\n\n\n<p><strong>Retrospectiva\ndo evento<\/strong><\/p>\n\n\n\n<p>Nas edi\u00e7\u00f5es anteriores do Cartografias da Primavera, as turmas visitaram a Trilha do Carteiro (2015); a parte hist\u00f3rica de Tiradentes (2016); a Cachoeira do Mangue (2017) e a rota n\u00e3o-tur\u00edstica de Tiradentes (2018).<\/p>\n\n\n\n<p><strong>Texto:<\/strong> Arthur Raposo\nGomes<\/p>\n\n\n\n<p><strong>Fotos:<\/strong> Marcius Vin\u00edcius\nBarcelos e K\u00e1tia Lombardi<\/p>\n","protected":false},"excerpt":{"rendered":"<p>Atividade contou com a orienta\u00e7\u00e3o da Profa. K\u00e1tia Lombardi e aux\u00edlio do t\u00e9cnico do Laborat\u00f3rio Fotogr\u00e1fico, Marcius Vin\u00edcius Barcelos, al\u00e9m da monitoria<\/p>\n","protected":false},"author":2,"featured_media":6760,"comment_status":"open","ping_status":"open","sticky":false,"template":"","format":"standard","meta":{"_monsterinsights_skip_tracking":false,"_monsterinsights_sitenote_active":false,"_monsterinsights_sitenote_note":"","_monsterinsights_sitenote_category":0},"categories":[12,43,73],"tags":[228,225,227,161,119,96,226],"yoast_head":"<!-- This site is optimized with the Yoast SEO plugin v20.6 - https:\/\/yoast.com\/wordpress\/plugins\/seo\/ -->\n<title>Turmas de Fotojornalismo participam de expedi\u00e7\u00e3o fotogr\u00e1fica em Bichinho - Jornalismo UFSJ<\/title>\n<meta name=\"robots\" content=\"index, follow, max-snippet:-1, max-image-preview:large, max-video-preview:-1\" \/>\n<link rel=\"canonical\" href=\"http:\/\/jornalismo.ufsj.edu.br\/site\/comunicacao\/turmas-de-fotojornalismo-participam-de-expedicao-fotografica-em-bichinho\/\" \/>\n<meta property=\"og:locale\" content=\"pt_BR\" \/>\n<meta property=\"og:type\" content=\"article\" \/>\n<meta property=\"og:title\" content=\"Turmas de Fotojornalismo participam de expedi\u00e7\u00e3o fotogr\u00e1fica em Bichinho - Jornalismo UFSJ\" \/>\n<meta property=\"og:description\" content=\"Atividade contou com a orienta\u00e7\u00e3o da Profa. K\u00e1tia Lombardi e aux\u00edlio do t\u00e9cnico do Laborat\u00f3rio Fotogr\u00e1fico, Marcius Vin\u00edcius Barcelos, al\u00e9m da monitoria\" \/>\n<meta property=\"og:url\" content=\"http:\/\/jornalismo.ufsj.edu.br\/site\/comunicacao\/turmas-de-fotojornalismo-participam-de-expedicao-fotografica-em-bichinho\/\" \/>\n<meta property=\"og:site_name\" content=\"Jornalismo UFSJ\" \/>\n<meta property=\"article:publisher\" content=\"https:\/\/www.facebook.com\/jornalismoufsj\/\" \/>\n<meta property=\"article:published_time\" content=\"2019-10-10T17:01:40+00:00\" \/>\n<meta property=\"article:modified_time\" content=\"2019-10-10T17:04:40+00:00\" \/>\n<meta property=\"og:image\" content=\"http:\/\/jornalismo.ufsj.edu.br\/site\/wp-content\/uploads\/2019\/10\/71554092_10221562723281712_5356651282784321536_n.jpg\" \/>\n\t<meta property=\"og:image:width\" content=\"960\" \/>\n\t<meta property=\"og:image:height\" content=\"579\" \/>\n\t<meta property=\"og:image:type\" content=\"image\/jpeg\" \/>\n<meta name=\"author\" content=\"Jornalismo UFSJ\" \/>\n<meta name=\"twitter:card\" content=\"summary_large_image\" \/>\n<meta name=\"twitter:creator\" content=\"@jornalismoufsj\" \/>\n<meta name=\"twitter:site\" content=\"@jornalismoufsj\" \/>\n<meta name=\"twitter:label1\" content=\"Escrito por\" \/>\n\t<meta name=\"twitter:data1\" content=\"Jornalismo UFSJ\" \/>\n\t<meta name=\"twitter:label2\" content=\"Est. tempo de leitura\" \/>\n\t<meta name=\"twitter:data2\" content=\"2 minutos\" \/>\n<script type=\"application\/ld+json\" class=\"yoast-schema-graph\">{\"@context\":\"https:\/\/schema.org\",\"@graph\":[{\"@type\":\"WebPage\",\"@id\":\"http:\/\/jornalismo.ufsj.edu.br\/site\/comunicacao\/turmas-de-fotojornalismo-participam-de-expedicao-fotografica-em-bichinho\/\",\"url\":\"http:\/\/jornalismo.ufsj.edu.br\/site\/comunicacao\/turmas-de-fotojornalismo-participam-de-expedicao-fotografica-em-bichinho\/\",\"name\":\"Turmas de Fotojornalismo participam de expedi\u00e7\u00e3o fotogr\u00e1fica em Bichinho - Jornalismo UFSJ\",\"isPartOf\":{\"@id\":\"http:\/\/jornalismo.ufsj.edu.br\/site\/#website\"},\"datePublished\":\"2019-10-10T17:01:40+00:00\",\"dateModified\":\"2019-10-10T17:04:40+00:00\",\"author\":{\"@id\":\"http:\/\/jornalismo.ufsj.edu.br\/site\/#\/schema\/person\/f2aab557f9f94fdae1e2e2b0e6a81536\"},\"breadcrumb\":{\"@id\":\"http:\/\/jornalismo.ufsj.edu.br\/site\/comunicacao\/turmas-de-fotojornalismo-participam-de-expedicao-fotografica-em-bichinho\/#breadcrumb\"},\"inLanguage\":\"pt-BR\",\"potentialAction\":[{\"@type\":\"ReadAction\",\"target\":[\"http:\/\/jornalismo.ufsj.edu.br\/site\/comunicacao\/turmas-de-fotojornalismo-participam-de-expedicao-fotografica-em-bichinho\/\"]}]},{\"@type\":\"BreadcrumbList\",\"@id\":\"http:\/\/jornalismo.ufsj.edu.br\/site\/comunicacao\/turmas-de-fotojornalismo-participam-de-expedicao-fotografica-em-bichinho\/#breadcrumb\",\"itemListElement\":[{\"@type\":\"ListItem\",\"position\":1,\"name\":\"In\u00edcio\",\"item\":\"http:\/\/jornalismo.ufsj.edu.br\/site\/\"},{\"@type\":\"ListItem\",\"position\":2,\"name\":\"Turmas de Fotojornalismo participam de expedi\u00e7\u00e3o fotogr\u00e1fica em Bichinho\"}]},{\"@type\":\"WebSite\",\"@id\":\"http:\/\/jornalismo.ufsj.edu.br\/site\/#website\",\"url\":\"http:\/\/jornalismo.ufsj.edu.br\/site\/\",\"name\":\"Jornalismo UFSJ\",\"description\":\"\",\"potentialAction\":[{\"@type\":\"SearchAction\",\"target\":{\"@type\":\"EntryPoint\",\"urlTemplate\":\"http:\/\/jornalismo.ufsj.edu.br\/site\/?s={search_term_string}\"},\"query-input\":\"required name=search_term_string\"}],\"inLanguage\":\"pt-BR\"},{\"@type\":\"Person\",\"@id\":\"http:\/\/jornalismo.ufsj.edu.br\/site\/#\/schema\/person\/f2aab557f9f94fdae1e2e2b0e6a81536\",\"name\":\"Jornalismo UFSJ\",\"image\":{\"@type\":\"ImageObject\",\"inLanguage\":\"pt-BR\",\"@id\":\"http:\/\/jornalismo.ufsj.edu.br\/site\/#\/schema\/person\/image\/\",\"url\":\"http:\/\/0.gravatar.com\/avatar\/3caca5e541257fa5c0030bb58ce55972?s=96&d=mm&r=g\",\"contentUrl\":\"http:\/\/0.gravatar.com\/avatar\/3caca5e541257fa5c0030bb58ce55972?s=96&d=mm&r=g\",\"caption\":\"Jornalismo UFSJ\"}}]}<\/script>\n<!-- \/ Yoast SEO plugin. -->","yoast_head_json":{"title":"Turmas de Fotojornalismo participam de expedi\u00e7\u00e3o fotogr\u00e1fica em Bichinho - Jornalismo UFSJ","robots":{"index":"index","follow":"follow","max-snippet":"max-snippet:-1","max-image-preview":"max-image-preview:large","max-video-preview":"max-video-preview:-1"},"canonical":"http:\/\/jornalismo.ufsj.edu.br\/site\/comunicacao\/turmas-de-fotojornalismo-participam-de-expedicao-fotografica-em-bichinho\/","og_locale":"pt_BR","og_type":"article","og_title":"Turmas de Fotojornalismo participam de expedi\u00e7\u00e3o fotogr\u00e1fica em Bichinho - Jornalismo UFSJ","og_description":"Atividade contou com a orienta\u00e7\u00e3o da Profa. K\u00e1tia Lombardi e aux\u00edlio do t\u00e9cnico do Laborat\u00f3rio Fotogr\u00e1fico, Marcius Vin\u00edcius Barcelos, al\u00e9m da monitoria","og_url":"http:\/\/jornalismo.ufsj.edu.br\/site\/comunicacao\/turmas-de-fotojornalismo-participam-de-expedicao-fotografica-em-bichinho\/","og_site_name":"Jornalismo UFSJ","article_publisher":"https:\/\/www.facebook.com\/jornalismoufsj\/","article_published_time":"2019-10-10T17:01:40+00:00","article_modified_time":"2019-10-10T17:04:40+00:00","og_image":[{"width":960,"height":579,"url":"http:\/\/jornalismo.ufsj.edu.br\/site\/wp-content\/uploads\/2019\/10\/71554092_10221562723281712_5356651282784321536_n.jpg","type":"image\/jpeg"}],"author":"Jornalismo UFSJ","twitter_card":"summary_large_image","twitter_creator":"@jornalismoufsj","twitter_site":"@jornalismoufsj","twitter_misc":{"Escrito por":"Jornalismo UFSJ","Est. tempo de leitura":"2 minutos"},"schema":{"@context":"https:\/\/schema.org","@graph":[{"@type":"WebPage","@id":"http:\/\/jornalismo.ufsj.edu.br\/site\/comunicacao\/turmas-de-fotojornalismo-participam-de-expedicao-fotografica-em-bichinho\/","url":"http:\/\/jornalismo.ufsj.edu.br\/site\/comunicacao\/turmas-de-fotojornalismo-participam-de-expedicao-fotografica-em-bichinho\/","name":"Turmas de Fotojornalismo participam de expedi\u00e7\u00e3o fotogr\u00e1fica em Bichinho - Jornalismo UFSJ","isPartOf":{"@id":"http:\/\/jornalismo.ufsj.edu.br\/site\/#website"},"datePublished":"2019-10-10T17:01:40+00:00","dateModified":"2019-10-10T17:04:40+00:00","author":{"@id":"http:\/\/jornalismo.ufsj.edu.br\/site\/#\/schema\/person\/f2aab557f9f94fdae1e2e2b0e6a81536"},"breadcrumb":{"@id":"http:\/\/jornalismo.ufsj.edu.br\/site\/comunicacao\/turmas-de-fotojornalismo-participam-de-expedicao-fotografica-em-bichinho\/#breadcrumb"},"inLanguage":"pt-BR","potentialAction":[{"@type":"ReadAction","target":["http:\/\/jornalismo.ufsj.edu.br\/site\/comunicacao\/turmas-de-fotojornalismo-participam-de-expedicao-fotografica-em-bichinho\/"]}]},{"@type":"BreadcrumbList","@id":"http:\/\/jornalismo.ufsj.edu.br\/site\/comunicacao\/turmas-de-fotojornalismo-participam-de-expedicao-fotografica-em-bichinho\/#breadcrumb","itemListElement":[{"@type":"ListItem","position":1,"name":"In\u00edcio","item":"http:\/\/jornalismo.ufsj.edu.br\/site\/"},{"@type":"ListItem","position":2,"name":"Turmas de Fotojornalismo participam de expedi\u00e7\u00e3o fotogr\u00e1fica em Bichinho"}]},{"@type":"WebSite","@id":"http:\/\/jornalismo.ufsj.edu.br\/site\/#website","url":"http:\/\/jornalismo.ufsj.edu.br\/site\/","name":"Jornalismo UFSJ","description":"","potentialAction":[{"@type":"SearchAction","target":{"@type":"EntryPoint","urlTemplate":"http:\/\/jornalismo.ufsj.edu.br\/site\/?s={search_term_string}"},"query-input":"required name=search_term_string"}],"inLanguage":"pt-BR"},{"@type":"Person","@id":"http:\/\/jornalismo.ufsj.edu.br\/site\/#\/schema\/person\/f2aab557f9f94fdae1e2e2b0e6a81536","name":"Jornalismo UFSJ","image":{"@type":"ImageObject","inLanguage":"pt-BR","@id":"http:\/\/jornalismo.ufsj.edu.br\/site\/#\/schema\/person\/image\/","url":"http:\/\/0.gravatar.com\/avatar\/3caca5e541257fa5c0030bb58ce55972?s=96&d=mm&r=g","contentUrl":"http:\/\/0.gravatar.com\/avatar\/3caca5e541257fa5c0030bb58ce55972?s=96&d=mm&r=g","caption":"Jornalismo UFSJ"}}]}},"jetpack_featured_media_url":"http:\/\/jornalismo.ufsj.edu.br\/site\/wp-content\/uploads\/2019\/10\/71554092_10221562723281712_5356651282784321536_n.jpg","_links":{"self":[{"href":"http:\/\/jornalismo.ufsj.edu.br\/site\/wp-json\/wp\/v2\/posts\/6759"}],"collection":[{"href":"http:\/\/jornalismo.ufsj.edu.br\/site\/wp-json\/wp\/v2\/posts"}],"about":[{"href":"http:\/\/jornalismo.ufsj.edu.br\/site\/wp-json\/wp\/v2\/types\/post"}],"author":[{"embeddable":true,"href":"http:\/\/jornalismo.ufsj.edu.br\/site\/wp-json\/wp\/v2\/users\/2"}],"replies":[{"embeddable":true,"href":"http:\/\/jornalismo.ufsj.edu.br\/site\/wp-json\/wp\/v2\/comments?post=6759"}],"version-history":[{"count":2,"href":"http:\/\/jornalismo.ufsj.edu.br\/site\/wp-json\/wp\/v2\/posts\/6759\/revisions"}],"predecessor-version":[{"id":6770,"href":"http:\/\/jornalismo.ufsj.edu.br\/site\/wp-json\/wp\/v2\/posts\/6759\/revisions\/6770"}],"wp:featuredmedia":[{"embeddable":true,"href":"http:\/\/jornalismo.ufsj.edu.br\/site\/wp-json\/wp\/v2\/media\/6760"}],"wp:attachment":[{"href":"http:\/\/jornalismo.ufsj.edu.br\/site\/wp-json\/wp\/v2\/media?parent=6759"}],"wp:term":[{"taxonomy":"category","embeddable":true,"href":"http:\/\/jornalismo.ufsj.edu.br\/site\/wp-json\/wp\/v2\/categories?post=6759"},{"taxonomy":"post_tag","embeddable":true,"href":"http:\/\/jornalismo.ufsj.edu.br\/site\/wp-json\/wp\/v2\/tags?post=6759"}],"curies":[{"name":"wp","href":"https:\/\/api.w.org\/{rel}","templated":true}]}}