{"id":6755,"date":"2019-10-07T17:00:50","date_gmt":"2019-10-07T20:00:50","guid":{"rendered":"http:\/\/jornalismo.ufsj.edu.br\/site\/?p=6755"},"modified":"2019-10-14T21:53:31","modified_gmt":"2019-10-15T00:53:31","slug":"inscricoes-abertas-para-a-edicao-2019-da-semana-academica-de-jornalismo-da-ufsj","status":"publish","type":"post","link":"http:\/\/jornalismo.ufsj.edu.br\/site\/jornalismoufsj\/inscricoes-abertas-para-a-edicao-2019-da-semana-academica-de-jornalismo-da-ufsj\/","title":{"rendered":"Inscri\u00e7\u00f5es abertas para a edi\u00e7\u00e3o 2019 da Semana Acad\u00eamica de Jornalismo da UFSJ"},"content":{"rendered":"\n<p><em>O tema desse ano \u00e9 &#8220;Comunicando em tempos de crise&#8221;<\/em><\/p>\n\n\n\n<p>Est\u00e3o abertas as inscri\u00e7\u00f5es para a programa\u00e7\u00e3o da VII Semana Acad\u00eamica de Jornalismo da Universidade Federal de S\u00e3o Jo\u00e3o del-Rei (UFSJ). O evento \u00e9 planejado por uma comiss\u00e3o organizadora integrada ao Centro Acad\u00eamico de Comunica\u00e7\u00e3o &#8211; Jornalismo da UFSJ (CaCos UFSJ), com apoio da Coordena\u00e7\u00e3o do Curso de Comunica\u00e7\u00e3o Social da UFSJ (CComs UFSJ).<br><br>A Semana ocorre entre os dias 14 e 18 de outubro, tendo cinco noites de atividades. Toda a programa\u00e7\u00e3o acontece no Campus Tancredo Neves (CTan), a partir das 19h. Confira!<\/p>\n\n\n\n<figure class=\"wp-block-image\"><img loading=\"lazy\" width=\"960\" height=\"960\" src=\"http:\/\/jornalismo.ufsj.edu.br\/site\/wp-content\/uploads\/2019\/10\/71509714_3135460413194064_9192313260026626048_n.jpg\" alt=\"\" class=\"wp-image-6757\" srcset=\"http:\/\/jornalismo.ufsj.edu.br\/site\/wp-content\/uploads\/2019\/10\/71509714_3135460413194064_9192313260026626048_n.jpg 960w, http:\/\/jornalismo.ufsj.edu.br\/site\/wp-content\/uploads\/2019\/10\/71509714_3135460413194064_9192313260026626048_n-150x150.jpg 150w, http:\/\/jornalismo.ufsj.edu.br\/site\/wp-content\/uploads\/2019\/10\/71509714_3135460413194064_9192313260026626048_n-300x300.jpg 300w, http:\/\/jornalismo.ufsj.edu.br\/site\/wp-content\/uploads\/2019\/10\/71509714_3135460413194064_9192313260026626048_n-768x768.jpg 768w\" sizes=\"(max-width: 960px) 100vw, 960px\" \/><\/figure>\n\n\n\n<p><strong>Para se inscrever<\/strong><\/p>\n\n\n\n<p>Para garantir a sua vaga nas atividades, fa\u00e7a a sua inscri\u00e7\u00e3o gratuita atrav\u00e9s do <a href=\"https:\/\/www.even3.com.br\/sajor2019\">link<\/a>.<\/p>\n\n\n\n<p>Caso tenha alguma d\u00favida ou queira mais informa\u00e7\u00f5es, entre em contato com a comiss\u00e3o atrav\u00e9s da p\u00e1gina do evento no Facebook. O link est\u00e1 dispon\u00edvel <a href=\"https:\/\/www.facebook.com\/Semana-Acad%C3%AAmica-de-Jornalismo-871960636210731\/\">aqui<\/a>.<\/p>\n\n\n\n<p><strong>Texto:<\/strong> Arthur Raposo Gomes<\/p>\n\n\n\n<p><strong>Imagens:<\/strong> Reprodu\u00e7\u00e3o &#8211; Facebook Semana Acad\u00eamica de Jornalismo<\/p>\n","protected":false},"excerpt":{"rendered":"<p>O tema desse ano \u00e9 &#8220;Comunicando em tempos de crise&#8221;<\/p>\n","protected":false},"author":2,"featured_media":6756,"comment_status":"open","ping_status":"open","sticky":false,"template":"","format":"standard","meta":{"_monsterinsights_skip_tracking":false,"_monsterinsights_sitenote_active":false,"_monsterinsights_sitenote_note":"","_monsterinsights_sitenote_category":0},"categories":[43],"tags":[221,224,119,222,223,220],"yoast_head":"<!-- This site is optimized with the Yoast SEO plugin v20.6 - https:\/\/yoast.com\/wordpress\/plugins\/seo\/ -->\n<title>Inscri\u00e7\u00f5es abertas para a edi\u00e7\u00e3o 2019 da Semana Acad\u00eamica de Jornalismo da UFSJ - Jornalismo UFSJ<\/title>\n<meta name=\"robots\" content=\"index, follow, max-snippet:-1, max-image-preview:large, max-video-preview:-1\" \/>\n<link rel=\"canonical\" href=\"http:\/\/jornalismo.ufsj.edu.br\/site\/jornalismoufsj\/inscricoes-abertas-para-a-edicao-2019-da-semana-academica-de-jornalismo-da-ufsj\/\" \/>\n<meta property=\"og:locale\" content=\"pt_BR\" \/>\n<meta property=\"og:type\" content=\"article\" \/>\n<meta property=\"og:title\" content=\"Inscri\u00e7\u00f5es abertas para a edi\u00e7\u00e3o 2019 da Semana Acad\u00eamica de Jornalismo da UFSJ - Jornalismo UFSJ\" \/>\n<meta property=\"og:description\" content=\"O tema desse ano \u00e9 &quot;Comunicando em tempos de crise&quot;\" \/>\n<meta property=\"og:url\" content=\"http:\/\/jornalismo.ufsj.edu.br\/site\/jornalismoufsj\/inscricoes-abertas-para-a-edicao-2019-da-semana-academica-de-jornalismo-da-ufsj\/\" \/>\n<meta property=\"og:site_name\" content=\"Jornalismo UFSJ\" \/>\n<meta property=\"article:publisher\" content=\"https:\/\/www.facebook.com\/jornalismoufsj\/\" \/>\n<meta property=\"article:published_time\" content=\"2019-10-07T20:00:50+00:00\" \/>\n<meta property=\"article:modified_time\" content=\"2019-10-15T00:53:31+00:00\" \/>\n<meta property=\"og:image\" content=\"http:\/\/jornalismo.ufsj.edu.br\/site\/wp-content\/uploads\/2019\/10\/71149740_3119714644768641_4007668755952828416_n.jpg\" \/>\n\t<meta property=\"og:image:width\" content=\"750\" \/>\n\t<meta property=\"og:image:height\" content=\"750\" \/>\n\t<meta property=\"og:image:type\" content=\"image\/jpeg\" \/>\n<meta name=\"author\" content=\"Jornalismo UFSJ\" \/>\n<meta name=\"twitter:card\" content=\"summary_large_image\" \/>\n<meta name=\"twitter:creator\" content=\"@jornalismoufsj\" \/>\n<meta name=\"twitter:site\" content=\"@jornalismoufsj\" \/>\n<meta name=\"twitter:label1\" content=\"Escrito por\" \/>\n\t<meta name=\"twitter:data1\" content=\"Jornalismo UFSJ\" \/>\n\t<meta name=\"twitter:label2\" content=\"Est. tempo de leitura\" \/>\n\t<meta name=\"twitter:data2\" content=\"1 minuto\" \/>\n<script type=\"application\/ld+json\" class=\"yoast-schema-graph\">{\"@context\":\"https:\/\/schema.org\",\"@graph\":[{\"@type\":\"WebPage\",\"@id\":\"http:\/\/jornalismo.ufsj.edu.br\/site\/jornalismoufsj\/inscricoes-abertas-para-a-edicao-2019-da-semana-academica-de-jornalismo-da-ufsj\/\",\"url\":\"http:\/\/jornalismo.ufsj.edu.br\/site\/jornalismoufsj\/inscricoes-abertas-para-a-edicao-2019-da-semana-academica-de-jornalismo-da-ufsj\/\",\"name\":\"Inscri\u00e7\u00f5es abertas para a edi\u00e7\u00e3o 2019 da Semana Acad\u00eamica de Jornalismo da UFSJ - Jornalismo UFSJ\",\"isPartOf\":{\"@id\":\"http:\/\/jornalismo.ufsj.edu.br\/site\/#website\"},\"datePublished\":\"2019-10-07T20:00:50+00:00\",\"dateModified\":\"2019-10-15T00:53:31+00:00\",\"author\":{\"@id\":\"http:\/\/jornalismo.ufsj.edu.br\/site\/#\/schema\/person\/f2aab557f9f94fdae1e2e2b0e6a81536\"},\"breadcrumb\":{\"@id\":\"http:\/\/jornalismo.ufsj.edu.br\/site\/jornalismoufsj\/inscricoes-abertas-para-a-edicao-2019-da-semana-academica-de-jornalismo-da-ufsj\/#breadcrumb\"},\"inLanguage\":\"pt-BR\",\"potentialAction\":[{\"@type\":\"ReadAction\",\"target\":[\"http:\/\/jornalismo.ufsj.edu.br\/site\/jornalismoufsj\/inscricoes-abertas-para-a-edicao-2019-da-semana-academica-de-jornalismo-da-ufsj\/\"]}]},{\"@type\":\"BreadcrumbList\",\"@id\":\"http:\/\/jornalismo.ufsj.edu.br\/site\/jornalismoufsj\/inscricoes-abertas-para-a-edicao-2019-da-semana-academica-de-jornalismo-da-ufsj\/#breadcrumb\",\"itemListElement\":[{\"@type\":\"ListItem\",\"position\":1,\"name\":\"In\u00edcio\",\"item\":\"http:\/\/jornalismo.ufsj.edu.br\/site\/\"},{\"@type\":\"ListItem\",\"position\":2,\"name\":\"Inscri\u00e7\u00f5es abertas para a edi\u00e7\u00e3o 2019 da Semana Acad\u00eamica de Jornalismo da UFSJ\"}]},{\"@type\":\"WebSite\",\"@id\":\"http:\/\/jornalismo.ufsj.edu.br\/site\/#website\",\"url\":\"http:\/\/jornalismo.ufsj.edu.br\/site\/\",\"name\":\"Jornalismo UFSJ\",\"description\":\"\",\"potentialAction\":[{\"@type\":\"SearchAction\",\"target\":{\"@type\":\"EntryPoint\",\"urlTemplate\":\"http:\/\/jornalismo.ufsj.edu.br\/site\/?s={search_term_string}\"},\"query-input\":\"required name=search_term_string\"}],\"inLanguage\":\"pt-BR\"},{\"@type\":\"Person\",\"@id\":\"http:\/\/jornalismo.ufsj.edu.br\/site\/#\/schema\/person\/f2aab557f9f94fdae1e2e2b0e6a81536\",\"name\":\"Jornalismo UFSJ\",\"image\":{\"@type\":\"ImageObject\",\"inLanguage\":\"pt-BR\",\"@id\":\"http:\/\/jornalismo.ufsj.edu.br\/site\/#\/schema\/person\/image\/\",\"url\":\"http:\/\/0.gravatar.com\/avatar\/3caca5e541257fa5c0030bb58ce55972?s=96&d=mm&r=g\",\"contentUrl\":\"http:\/\/0.gravatar.com\/avatar\/3caca5e541257fa5c0030bb58ce55972?s=96&d=mm&r=g\",\"caption\":\"Jornalismo UFSJ\"}}]}<\/script>\n<!-- \/ Yoast SEO plugin. -->","yoast_head_json":{"title":"Inscri\u00e7\u00f5es abertas para a edi\u00e7\u00e3o 2019 da Semana Acad\u00eamica de Jornalismo da UFSJ - Jornalismo UFSJ","robots":{"index":"index","follow":"follow","max-snippet":"max-snippet:-1","max-image-preview":"max-image-preview:large","max-video-preview":"max-video-preview:-1"},"canonical":"http:\/\/jornalismo.ufsj.edu.br\/site\/jornalismoufsj\/inscricoes-abertas-para-a-edicao-2019-da-semana-academica-de-jornalismo-da-ufsj\/","og_locale":"pt_BR","og_type":"article","og_title":"Inscri\u00e7\u00f5es abertas para a edi\u00e7\u00e3o 2019 da Semana Acad\u00eamica de Jornalismo da UFSJ - Jornalismo UFSJ","og_description":"O tema desse ano \u00e9 \"Comunicando em tempos de crise\"","og_url":"http:\/\/jornalismo.ufsj.edu.br\/site\/jornalismoufsj\/inscricoes-abertas-para-a-edicao-2019-da-semana-academica-de-jornalismo-da-ufsj\/","og_site_name":"Jornalismo UFSJ","article_publisher":"https:\/\/www.facebook.com\/jornalismoufsj\/","article_published_time":"2019-10-07T20:00:50+00:00","article_modified_time":"2019-10-15T00:53:31+00:00","og_image":[{"width":750,"height":750,"url":"http:\/\/jornalismo.ufsj.edu.br\/site\/wp-content\/uploads\/2019\/10\/71149740_3119714644768641_4007668755952828416_n.jpg","type":"image\/jpeg"}],"author":"Jornalismo UFSJ","twitter_card":"summary_large_image","twitter_creator":"@jornalismoufsj","twitter_site":"@jornalismoufsj","twitter_misc":{"Escrito por":"Jornalismo UFSJ","Est. tempo de leitura":"1 minuto"},"schema":{"@context":"https:\/\/schema.org","@graph":[{"@type":"WebPage","@id":"http:\/\/jornalismo.ufsj.edu.br\/site\/jornalismoufsj\/inscricoes-abertas-para-a-edicao-2019-da-semana-academica-de-jornalismo-da-ufsj\/","url":"http:\/\/jornalismo.ufsj.edu.br\/site\/jornalismoufsj\/inscricoes-abertas-para-a-edicao-2019-da-semana-academica-de-jornalismo-da-ufsj\/","name":"Inscri\u00e7\u00f5es abertas para a edi\u00e7\u00e3o 2019 da Semana Acad\u00eamica de Jornalismo da UFSJ - Jornalismo UFSJ","isPartOf":{"@id":"http:\/\/jornalismo.ufsj.edu.br\/site\/#website"},"datePublished":"2019-10-07T20:00:50+00:00","dateModified":"2019-10-15T00:53:31+00:00","author":{"@id":"http:\/\/jornalismo.ufsj.edu.br\/site\/#\/schema\/person\/f2aab557f9f94fdae1e2e2b0e6a81536"},"breadcrumb":{"@id":"http:\/\/jornalismo.ufsj.edu.br\/site\/jornalismoufsj\/inscricoes-abertas-para-a-edicao-2019-da-semana-academica-de-jornalismo-da-ufsj\/#breadcrumb"},"inLanguage":"pt-BR","potentialAction":[{"@type":"ReadAction","target":["http:\/\/jornalismo.ufsj.edu.br\/site\/jornalismoufsj\/inscricoes-abertas-para-a-edicao-2019-da-semana-academica-de-jornalismo-da-ufsj\/"]}]},{"@type":"BreadcrumbList","@id":"http:\/\/jornalismo.ufsj.edu.br\/site\/jornalismoufsj\/inscricoes-abertas-para-a-edicao-2019-da-semana-academica-de-jornalismo-da-ufsj\/#breadcrumb","itemListElement":[{"@type":"ListItem","position":1,"name":"In\u00edcio","item":"http:\/\/jornalismo.ufsj.edu.br\/site\/"},{"@type":"ListItem","position":2,"name":"Inscri\u00e7\u00f5es abertas para a edi\u00e7\u00e3o 2019 da Semana Acad\u00eamica de Jornalismo da UFSJ"}]},{"@type":"WebSite","@id":"http:\/\/jornalismo.ufsj.edu.br\/site\/#website","url":"http:\/\/jornalismo.ufsj.edu.br\/site\/","name":"Jornalismo UFSJ","description":"","potentialAction":[{"@type":"SearchAction","target":{"@type":"EntryPoint","urlTemplate":"http:\/\/jornalismo.ufsj.edu.br\/site\/?s={search_term_string}"},"query-input":"required name=search_term_string"}],"inLanguage":"pt-BR"},{"@type":"Person","@id":"http:\/\/jornalismo.ufsj.edu.br\/site\/#\/schema\/person\/f2aab557f9f94fdae1e2e2b0e6a81536","name":"Jornalismo UFSJ","image":{"@type":"ImageObject","inLanguage":"pt-BR","@id":"http:\/\/jornalismo.ufsj.edu.br\/site\/#\/schema\/person\/image\/","url":"http:\/\/0.gravatar.com\/avatar\/3caca5e541257fa5c0030bb58ce55972?s=96&d=mm&r=g","contentUrl":"http:\/\/0.gravatar.com\/avatar\/3caca5e541257fa5c0030bb58ce55972?s=96&d=mm&r=g","caption":"Jornalismo UFSJ"}}]}},"jetpack_featured_media_url":"http:\/\/jornalismo.ufsj.edu.br\/site\/wp-content\/uploads\/2019\/10\/71149740_3119714644768641_4007668755952828416_n.jpg","_links":{"self":[{"href":"http:\/\/jornalismo.ufsj.edu.br\/site\/wp-json\/wp\/v2\/posts\/6755"}],"collection":[{"href":"http:\/\/jornalismo.ufsj.edu.br\/site\/wp-json\/wp\/v2\/posts"}],"about":[{"href":"http:\/\/jornalismo.ufsj.edu.br\/site\/wp-json\/wp\/v2\/types\/post"}],"author":[{"embeddable":true,"href":"http:\/\/jornalismo.ufsj.edu.br\/site\/wp-json\/wp\/v2\/users\/2"}],"replies":[{"embeddable":true,"href":"http:\/\/jornalismo.ufsj.edu.br\/site\/wp-json\/wp\/v2\/comments?post=6755"}],"version-history":[{"count":3,"href":"http:\/\/jornalismo.ufsj.edu.br\/site\/wp-json\/wp\/v2\/posts\/6755\/revisions"}],"predecessor-version":[{"id":6773,"href":"http:\/\/jornalismo.ufsj.edu.br\/site\/wp-json\/wp\/v2\/posts\/6755\/revisions\/6773"}],"wp:featuredmedia":[{"embeddable":true,"href":"http:\/\/jornalismo.ufsj.edu.br\/site\/wp-json\/wp\/v2\/media\/6756"}],"wp:attachment":[{"href":"http:\/\/jornalismo.ufsj.edu.br\/site\/wp-json\/wp\/v2\/media?parent=6755"}],"wp:term":[{"taxonomy":"category","embeddable":true,"href":"http:\/\/jornalismo.ufsj.edu.br\/site\/wp-json\/wp\/v2\/categories?post=6755"},{"taxonomy":"post_tag","embeddable":true,"href":"http:\/\/jornalismo.ufsj.edu.br\/site\/wp-json\/wp\/v2\/tags?post=6755"}],"curies":[{"name":"wp","href":"https:\/\/api.w.org\/{rel}","templated":true}]}}