{"id":6744,"date":"2019-10-07T00:42:48","date_gmt":"2019-10-07T03:42:48","guid":{"rendered":"http:\/\/jornalismo.ufsj.edu.br\/?p=6744"},"modified":"2019-10-07T00:41:52","modified_gmt":"2019-10-07T03:41:52","slug":"estudantes-radiojornalismo-palestra-radio-emboabas-sjdr","status":"publish","type":"post","link":"http:\/\/jornalismo.ufsj.edu.br\/site\/alunos\/estudantes-radiojornalismo-palestra-radio-emboabas-sjdr\/","title":{"rendered":"Estudantes participam de palestra com o coordenador da R\u00e1dio Emboabas"},"content":{"rendered":"\n<p><em>Atividade uniu o ambiente acad\u00eamico com a realidade do mercado local<\/em><\/p>\n\n\n\n<p>No\ndia 30 de setembro, os estudantes das turmas A e B da disciplina Oficina de\nRadiojornalismo, ministrada pela Profa. Luciene T\u00f3foli, se reuniram para\nparticipar de um bate-papo com o coordenador do Grupo Emboabas de R\u00e1dio, F\u00e1bio\nIarede. <\/p>\n\n\n\n<p>Durante\na palestra, F\u00e1bio contou um pouco de suas experi\u00eancias no mercado de\ncomunica\u00e7\u00e3o em v\u00e1rias cidades do Brasil e refor\u00e7ou alguns pontos que considera\nserem essenciais para a pr\u00e1tica jornal\u00edstica. Confira:<\/p>\n\n\n\n<p><em>&#8211;\n\u201cA pauta n\u00e3o est\u00e1 dentro da reda\u00e7\u00e3o. Ali tem mat\u00e9ria pronta. Eu acesso um\nportal de not\u00edcias e vejo uma mat\u00e9ria pronta. A pauta come\u00e7a a ser encontrada\nno momento em que o rep\u00f3rter est\u00e1 na rua\u201d.<\/em><\/p>\n\n\n\n<p><em>&#8211;\n\u201cHoje em dia, n\u00e3o existe mais a barreira tecnol\u00f3gica (no que se refere a\natua\u00e7\u00e3o do jornalista). Agora, o desafio \u00e9 a produ\u00e7\u00e3o e a boa condu\u00e7\u00e3o do\nconte\u00fado\u201d.<\/em><\/p>\n\n\n\n<p><em>&#8211;\n\u201c\u00c9 fundamental reconhecer caso tenha errado.\u201d<\/em><\/p>\n\n\n\n<p>Depois da exposi\u00e7\u00e3o feita pelo radialista, as turmas puderam tirar d\u00favidas sobre as atividades da Emboabas em S\u00e3o Jo\u00e3o del-Rei, cujo a estreia data de 1978, e assimilar um pouco da trajet\u00f3ria profissional do palestrante.<\/p>\n\n\n\n<p>Para\na professora Luciene T\u00f3foli, \u201cmomentos como esse, em que podemos unir a\nacademia com a realidade do mercado, s\u00e3o fundamentais para a consolida\u00e7\u00e3o da\nforma\u00e7\u00e3o de jornalista\u201d.<\/p>\n\n\n\n<p><strong>Texto:<\/strong> Lorene Souza e\nArthur Raposo Gomes<\/p>\n\n\n\n<p><strong>Foto:<\/strong> Lorene Souza<\/p>\n","protected":false},"excerpt":{"rendered":"<p>Atividade uniu o ambiente acad\u00eamico com a realidade de mercado local<\/p>\n","protected":false},"author":3,"featured_media":6745,"comment_status":"open","ping_status":"open","sticky":false,"template":"","format":"standard","meta":{"_monsterinsights_skip_tracking":false,"_monsterinsights_sitenote_active":false,"_monsterinsights_sitenote_note":"","_monsterinsights_sitenote_category":0},"categories":[6,12,43,48,68,73],"tags":[218,217,215,186,214,216],"yoast_head":"<!-- This site is optimized with the Yoast SEO plugin v20.6 - https:\/\/yoast.com\/wordpress\/plugins\/seo\/ -->\n<title>Estudantes participam de palestra com o coordenador da R\u00e1dio Emboabas - Jornalismo UFSJ<\/title>\n<meta name=\"robots\" content=\"index, follow, max-snippet:-1, max-image-preview:large, max-video-preview:-1\" \/>\n<link rel=\"canonical\" href=\"http:\/\/anu.ufsj.edu.br\/site\/alunos\/estudantes-radiojornalismo-palestra-radio-emboabas-sjdr\/\" \/>\n<meta property=\"og:locale\" content=\"pt_BR\" \/>\n<meta property=\"og:type\" content=\"article\" \/>\n<meta property=\"og:title\" content=\"Estudantes participam de palestra com o coordenador da R\u00e1dio Emboabas - Jornalismo UFSJ\" \/>\n<meta property=\"og:description\" content=\"Atividade uniu o ambiente acad\u00eamico com a realidade de mercado local\" \/>\n<meta property=\"og:url\" content=\"http:\/\/anu.ufsj.edu.br\/site\/alunos\/estudantes-radiojornalismo-palestra-radio-emboabas-sjdr\/\" \/>\n<meta property=\"og:site_name\" content=\"Jornalismo UFSJ\" \/>\n<meta property=\"article:publisher\" content=\"https:\/\/www.facebook.com\/jornalismoufsj\/\" \/>\n<meta property=\"article:published_time\" content=\"2019-10-07T03:42:48+00:00\" \/>\n<meta property=\"article:modified_time\" content=\"2019-10-07T03:41:52+00:00\" \/>\n<meta property=\"og:image\" content=\"http:\/\/anu.ufsj.edu.br\/site\/wp-content\/uploads\/2019\/10\/20190930_221354-1024x768.jpg\" \/>\n\t<meta property=\"og:image:width\" content=\"1024\" \/>\n\t<meta property=\"og:image:height\" content=\"768\" \/>\n\t<meta property=\"og:image:type\" content=\"image\/jpeg\" \/>\n<meta name=\"twitter:card\" content=\"summary_large_image\" \/>\n<meta name=\"twitter:creator\" content=\"@jornalismoufsj\" \/>\n<meta name=\"twitter:site\" content=\"@jornalismoufsj\" \/>\n<meta name=\"twitter:label1\" content=\"Escrito por\" \/>\n\t<meta name=\"twitter:data1\" content=\"\" \/>\n\t<meta name=\"twitter:label2\" content=\"Est. tempo de leitura\" \/>\n\t<meta name=\"twitter:data2\" content=\"1 minuto\" \/>\n<script type=\"application\/ld+json\" class=\"yoast-schema-graph\">{\"@context\":\"https:\/\/schema.org\",\"@graph\":[{\"@type\":\"WebPage\",\"@id\":\"http:\/\/anu.ufsj.edu.br\/site\/alunos\/estudantes-radiojornalismo-palestra-radio-emboabas-sjdr\/\",\"url\":\"http:\/\/anu.ufsj.edu.br\/site\/alunos\/estudantes-radiojornalismo-palestra-radio-emboabas-sjdr\/\",\"name\":\"Estudantes participam de palestra com o coordenador da R\u00e1dio Emboabas - Jornalismo UFSJ\",\"isPartOf\":{\"@id\":\"http:\/\/jornalismo.ufsj.edu.br\/site\/#website\"},\"datePublished\":\"2019-10-07T03:42:48+00:00\",\"dateModified\":\"2019-10-07T03:41:52+00:00\",\"author\":{\"@id\":\"\"},\"breadcrumb\":{\"@id\":\"http:\/\/anu.ufsj.edu.br\/site\/alunos\/estudantes-radiojornalismo-palestra-radio-emboabas-sjdr\/#breadcrumb\"},\"inLanguage\":\"pt-BR\",\"potentialAction\":[{\"@type\":\"ReadAction\",\"target\":[\"http:\/\/anu.ufsj.edu.br\/site\/alunos\/estudantes-radiojornalismo-palestra-radio-emboabas-sjdr\/\"]}]},{\"@type\":\"BreadcrumbList\",\"@id\":\"http:\/\/anu.ufsj.edu.br\/site\/alunos\/estudantes-radiojornalismo-palestra-radio-emboabas-sjdr\/#breadcrumb\",\"itemListElement\":[{\"@type\":\"ListItem\",\"position\":1,\"name\":\"In\u00edcio\",\"item\":\"http:\/\/jornalismo.ufsj.edu.br\/site\/\"},{\"@type\":\"ListItem\",\"position\":2,\"name\":\"Estudantes participam de palestra com o coordenador da R\u00e1dio Emboabas\"}]},{\"@type\":\"WebSite\",\"@id\":\"http:\/\/jornalismo.ufsj.edu.br\/site\/#website\",\"url\":\"http:\/\/jornalismo.ufsj.edu.br\/site\/\",\"name\":\"Jornalismo UFSJ\",\"description\":\"\",\"potentialAction\":[{\"@type\":\"SearchAction\",\"target\":{\"@type\":\"EntryPoint\",\"urlTemplate\":\"http:\/\/jornalismo.ufsj.edu.br\/site\/?s={search_term_string}\"},\"query-input\":\"required name=search_term_string\"}],\"inLanguage\":\"pt-BR\"},{\"@type\":\"Person\",\"@id\":\"\"}]}<\/script>\n<!-- \/ Yoast SEO plugin. -->","yoast_head_json":{"title":"Estudantes participam de palestra com o coordenador da R\u00e1dio Emboabas - Jornalismo UFSJ","robots":{"index":"index","follow":"follow","max-snippet":"max-snippet:-1","max-image-preview":"max-image-preview:large","max-video-preview":"max-video-preview:-1"},"canonical":"http:\/\/anu.ufsj.edu.br\/site\/alunos\/estudantes-radiojornalismo-palestra-radio-emboabas-sjdr\/","og_locale":"pt_BR","og_type":"article","og_title":"Estudantes participam de palestra com o coordenador da R\u00e1dio Emboabas - Jornalismo UFSJ","og_description":"Atividade uniu o ambiente acad\u00eamico com a realidade de mercado local","og_url":"http:\/\/anu.ufsj.edu.br\/site\/alunos\/estudantes-radiojornalismo-palestra-radio-emboabas-sjdr\/","og_site_name":"Jornalismo UFSJ","article_publisher":"https:\/\/www.facebook.com\/jornalismoufsj\/","article_published_time":"2019-10-07T03:42:48+00:00","article_modified_time":"2019-10-07T03:41:52+00:00","og_image":[{"width":1024,"height":768,"url":"http:\/\/anu.ufsj.edu.br\/site\/wp-content\/uploads\/2019\/10\/20190930_221354-1024x768.jpg","type":"image\/jpeg"}],"twitter_card":"summary_large_image","twitter_creator":"@jornalismoufsj","twitter_site":"@jornalismoufsj","twitter_misc":{"Escrito por":"","Est. tempo de leitura":"1 minuto"},"schema":{"@context":"https:\/\/schema.org","@graph":[{"@type":"WebPage","@id":"http:\/\/anu.ufsj.edu.br\/site\/alunos\/estudantes-radiojornalismo-palestra-radio-emboabas-sjdr\/","url":"http:\/\/anu.ufsj.edu.br\/site\/alunos\/estudantes-radiojornalismo-palestra-radio-emboabas-sjdr\/","name":"Estudantes participam de palestra com o coordenador da R\u00e1dio Emboabas - Jornalismo UFSJ","isPartOf":{"@id":"http:\/\/jornalismo.ufsj.edu.br\/site\/#website"},"datePublished":"2019-10-07T03:42:48+00:00","dateModified":"2019-10-07T03:41:52+00:00","author":{"@id":""},"breadcrumb":{"@id":"http:\/\/anu.ufsj.edu.br\/site\/alunos\/estudantes-radiojornalismo-palestra-radio-emboabas-sjdr\/#breadcrumb"},"inLanguage":"pt-BR","potentialAction":[{"@type":"ReadAction","target":["http:\/\/anu.ufsj.edu.br\/site\/alunos\/estudantes-radiojornalismo-palestra-radio-emboabas-sjdr\/"]}]},{"@type":"BreadcrumbList","@id":"http:\/\/anu.ufsj.edu.br\/site\/alunos\/estudantes-radiojornalismo-palestra-radio-emboabas-sjdr\/#breadcrumb","itemListElement":[{"@type":"ListItem","position":1,"name":"In\u00edcio","item":"http:\/\/jornalismo.ufsj.edu.br\/site\/"},{"@type":"ListItem","position":2,"name":"Estudantes participam de palestra com o coordenador da R\u00e1dio Emboabas"}]},{"@type":"WebSite","@id":"http:\/\/jornalismo.ufsj.edu.br\/site\/#website","url":"http:\/\/jornalismo.ufsj.edu.br\/site\/","name":"Jornalismo UFSJ","description":"","potentialAction":[{"@type":"SearchAction","target":{"@type":"EntryPoint","urlTemplate":"http:\/\/jornalismo.ufsj.edu.br\/site\/?s={search_term_string}"},"query-input":"required name=search_term_string"}],"inLanguage":"pt-BR"},{"@type":"Person","@id":""}]}},"jetpack_featured_media_url":"http:\/\/jornalismo.ufsj.edu.br\/site\/wp-content\/uploads\/2019\/10\/20190930_221354.jpg","_links":{"self":[{"href":"http:\/\/jornalismo.ufsj.edu.br\/site\/wp-json\/wp\/v2\/posts\/6744"}],"collection":[{"href":"http:\/\/jornalismo.ufsj.edu.br\/site\/wp-json\/wp\/v2\/posts"}],"about":[{"href":"http:\/\/jornalismo.ufsj.edu.br\/site\/wp-json\/wp\/v2\/types\/post"}],"author":[{"embeddable":true,"href":"http:\/\/jornalismo.ufsj.edu.br\/site\/wp-json\/wp\/v2\/users\/3"}],"replies":[{"embeddable":true,"href":"http:\/\/jornalismo.ufsj.edu.br\/site\/wp-json\/wp\/v2\/comments?post=6744"}],"version-history":[{"count":3,"href":"http:\/\/jornalismo.ufsj.edu.br\/site\/wp-json\/wp\/v2\/posts\/6744\/revisions"}],"predecessor-version":[{"id":6749,"href":"http:\/\/jornalismo.ufsj.edu.br\/site\/wp-json\/wp\/v2\/posts\/6744\/revisions\/6749"}],"wp:featuredmedia":[{"embeddable":true,"href":"http:\/\/jornalismo.ufsj.edu.br\/site\/wp-json\/wp\/v2\/media\/6745"}],"wp:attachment":[{"href":"http:\/\/jornalismo.ufsj.edu.br\/site\/wp-json\/wp\/v2\/media?parent=6744"}],"wp:term":[{"taxonomy":"category","embeddable":true,"href":"http:\/\/jornalismo.ufsj.edu.br\/site\/wp-json\/wp\/v2\/categories?post=6744"},{"taxonomy":"post_tag","embeddable":true,"href":"http:\/\/jornalismo.ufsj.edu.br\/site\/wp-json\/wp\/v2\/tags?post=6744"}],"curies":[{"name":"wp","href":"https:\/\/api.w.org\/{rel}","templated":true}]}}