{"id":6706,"date":"2019-09-04T00:00:20","date_gmt":"2019-09-04T03:00:20","guid":{"rendered":"http:\/\/jornalismo.ufsj.edu.br\/?p=6706"},"modified":"2019-09-03T22:54:22","modified_gmt":"2019-09-04T01:54:22","slug":"os-registros-e-as-historias-da-fotografa-thais-andressa","status":"publish","type":"post","link":"http:\/\/jornalismo.ufsj.edu.br\/site\/alunos\/os-registros-e-as-historias-da-fotografa-thais-andressa\/","title":{"rendered":"OS REGISTROS E AS HIST\u00d3RIAS DA FOT\u00d3GRAFA THAIS ANDRESSA"},"content":{"rendered":"\n<p>*Uma hist\u00f3ria \u00e9 marcada por diversos  momentos e muitas vezes influenciada por coisas que aconteceram muito  antes do seu in\u00edcio. A primeira fotografia reconhecida como tal foi  feita na Fran\u00e7a em 1826, mas isso s\u00f3 foi poss\u00edvel devido a diversas  descobertas anteriores. Com o tempo a fotografia evoluiu e se disseminou  tanto que se tornou acess\u00edvel para muita gente e para alguns mais que  acess\u00edvel, virou uma paix\u00e3o e um projeto de carreira. Foi assim com  Thais Andressa, natural de Nazareno \u2013 MG, que passou a ter contato com a  fotografia a partir do curso de Comunica\u00e7\u00e3o Social \u2013 Jornalismo da  UFSJ. Ela conta que sempre teve uma rela\u00e7\u00e3o com o desenho, mas que era  resistente \u00e0 fotografia. Come\u00e7ou a se envolver com essa pr\u00e1tica atrav\u00e9s  da influ\u00eancia e apoio da professora e fot\u00f3grafa, K\u00e1tia Lombardi e do  t\u00e9cnico do laborat\u00f3rio de processos fotogr\u00e1ficos da universidade,  Marcius Vinicius Barcelos.\u00a0 <\/p>\n\n\n\n<figure class=\"wp-block-image\"><img loading=\"lazy\" width=\"1024\" height=\"682\" src=\"http:\/\/jornalismo.ufsj.edu.br\/wp-content\/uploads\/2019\/09\/Thais-andressa-perfil-exposi\u00e7\u00e3o-1024x682.jpg\" alt=\"\" class=\"wp-image-6707\" srcset=\"http:\/\/jornalismo.ufsj.edu.br\/site\/wp-content\/uploads\/2019\/09\/Thais-andressa-perfil-exposi\u00e7\u00e3o-1024x682.jpg 1024w, http:\/\/jornalismo.ufsj.edu.br\/site\/wp-content\/uploads\/2019\/09\/Thais-andressa-perfil-exposi\u00e7\u00e3o-300x200.jpg 300w, http:\/\/jornalismo.ufsj.edu.br\/site\/wp-content\/uploads\/2019\/09\/Thais-andressa-perfil-exposi\u00e7\u00e3o-768x512.jpg 768w, http:\/\/jornalismo.ufsj.edu.br\/site\/wp-content\/uploads\/2019\/09\/Thais-andressa-perfil-exposi\u00e7\u00e3o.jpg 1280w\" sizes=\"(max-width: 1024px) 100vw, 1024px\" \/><figcaption> A fotografia de Thais Andressa em exposi\u00e7\u00e3o no Centro Cultural UFSJ em S\u00e3o Jo\u00e3o del-Rei. (<strong>Foto: <\/strong>Thais Andressa)<\/figcaption><\/figure>\n\n\n\n<p>\nMesmo depois do primeiro contato, Thais \ns\u00f3 p\u00f4de se dedicar a fotografia com mais intensidade depois de dois anos\n do in\u00edcio da gradua\u00e7\u00e3o, quando se mudou para S\u00e3o Jo\u00e3o del-Rei.&nbsp; Ela \nainda mant\u00e9m uma liga\u00e7\u00e3o com o desenho, que acredita ter ajudado na \ncomposi\u00e7\u00e3o de seu olhar, mas atualmente tem a fotografia como prioridade\n em sua vida, utilizando o desenho mais como uma forma de escape, para \nquando como ela mesma diz \u201cprecisa se encontrar\u201d. Thais tamb\u00e9m mant\u00e9m \numa rela\u00e7\u00e3o estreita com o teatro e a m\u00fasica, pois acredita que a \nproximidade com qualquer tipo de arte ajuda a desenvolver uma certa \nsensibilidade art\u00edstica. Ela conta que at\u00e9 tentou aprender sobre m\u00fasica,\n mas que nessa \u00e1rea n\u00e3o deu t\u00e3o certo como na fotografia. \u201cVoc\u00ea n\u00e3o pode\n for\u00e7ar que a arte surja, ela tem que vir espontaneamente\u201d. Quando \nperguntada se fotografia depende mais de t\u00e9cnica ou talento natural, \nThais diz acreditar em uma jun\u00e7\u00e3o das duas coisas. Para ela, a dedica\u00e7\u00e3o\n tem muito mais valor no sucesso ou dom\u00ednio da fotografia que o talento \nnatural, mas admite que algumas pessoas t\u00eam uma predisposi\u00e7\u00e3o que pode \nser um agente facilitador para esse processo, como uma sensibilidade \nmaior para determinados temas. Thais afirma tamb\u00e9m que o dom\u00ednio da \nt\u00e9cnica garante maior autonomia ao fot\u00f3grafo. \u201cA t\u00e9cnica \u00e9 importante \npara se ir al\u00e9m do \u00f3bvio, por isso n\u00e3o deve ser desprezada\u201d. Para \nalavancar sua carreira, tem focado em disputar editais e participar de \nconcursos para se consolidar na parte mais art\u00edstica da fotografia, no \nsentido de fazer parte de exposi\u00e7\u00f5es. Mant\u00e9m tamb\u00e9m um trabalho um pouco\n mais comercial, fazendo ensaios para gestantes, casais e outros. Como \nplano para o futuro, Thais pretende focar mais no fotojornalismo e \nacredita que para isso precisar\u00e1 estar em uma cidade maior, pois S\u00e3o \nJo\u00e3o del-Rei lhe concedeu muitas oportunidades e abriu as portas para \nseu trabalho, mas chega uma hora que \u00e9 preciso dar o pr\u00f3ximo passo, se \narriscar e tentar outros caminhos.&nbsp;\n\n<\/p>\n\n\n\n<figure class=\"wp-block-image\"><img loading=\"lazy\" width=\"1024\" height=\"682\" src=\"http:\/\/jornalismo.ufsj.edu.br\/wp-content\/uploads\/2019\/09\/thais-andressa-perfil-foto-1024x682-1024x682.jpg\" alt=\"\" class=\"wp-image-6708\" srcset=\"http:\/\/jornalismo.ufsj.edu.br\/site\/wp-content\/uploads\/2019\/09\/thais-andressa-perfil-foto-1024x682.jpg 1024w, http:\/\/jornalismo.ufsj.edu.br\/site\/wp-content\/uploads\/2019\/09\/thais-andressa-perfil-foto-1024x682-300x200.jpg 300w, http:\/\/jornalismo.ufsj.edu.br\/site\/wp-content\/uploads\/2019\/09\/thais-andressa-perfil-foto-1024x682-768x512.jpg 768w\" sizes=\"(max-width: 1024px) 100vw, 1024px\" \/><figcaption> Sombras como n\u00f3s. (<strong>Foto: <\/strong>Thais Andressa)<\/figcaption><\/figure>\n\n\n\n<p>Suas refer\u00eancias pessoais e na \nfotografia se misturam a todo momento, entre elas est\u00e3o Francesca \nWodman, Vivian Maier e Diane Arbus. Thais acredita no papel da \nfotografia como forma de testemunho, cr\u00edtica e um meio de dar \nvisibilidade a pessoas e quest\u00f5es que os padr\u00f5es sociais muitas vezes \ntornam invis\u00edveis. Para a fot\u00f3grafa, diante do cen\u00e1rio atual \u00e9 \nnecess\u00e1rio refletir sobre o que est\u00e1 acontecendo com o mercado \nfotogr\u00e1fico e o que ele est\u00e1 se tornando, \u00e9 preciso que os fot\u00f3grafos \nal\u00e9m de somente produzir debatam o que est\u00e1 sendo feito da fotografia.<\/p>\n\n\n\n<p><strong>Texto:<\/strong> Kamila Amaral<\/p>\n\n\n\n<p><strong>Fotos: <\/strong>Acervo pessoal \/ Thais Andressa<\/p>\n\n\n\n<p>* Perfil publicado originalmente no portal <a href=\"http:\/\/jornalprimeirapagina.com\/2019\/09\/02\/os-registros-e-as-historias-da-fotografa-thais-andressa\/?fbclid=IwAR2ofbnvDaeLX9_0X2308eT9Rq25VF9m93J4koSl08hdyk9JzxCQ-K1WFYg\">&#8220;Jornal Primeira P\u00e1gina&#8221;<\/a>.<\/p>\n","protected":false},"excerpt":{"rendered":"<p>Perfil publicado originalmente no portal &#8220;Jornal Primeira P\u00e1gina&#8221;.<\/p>\n","protected":false},"author":3,"featured_media":6709,"comment_status":"open","ping_status":"open","sticky":false,"template":"","format":"standard","meta":{"_monsterinsights_skip_tracking":false,"_monsterinsights_sitenote_active":false,"_monsterinsights_sitenote_note":"","_monsterinsights_sitenote_category":0},"categories":[6,7,40,43],"tags":[80,119,195,196],"yoast_head":"<!-- This site is optimized with the Yoast SEO plugin v20.6 - https:\/\/yoast.com\/wordpress\/plugins\/seo\/ -->\n<title>OS REGISTROS E AS HIST\u00d3RIAS DA FOT\u00d3GRAFA THAIS ANDRESSA - Jornalismo UFSJ<\/title>\n<meta name=\"robots\" content=\"index, follow, max-snippet:-1, max-image-preview:large, max-video-preview:-1\" \/>\n<link rel=\"canonical\" href=\"http:\/\/jornalismo.ufsj.edu.br\/site\/alunos\/os-registros-e-as-historias-da-fotografa-thais-andressa\/\" \/>\n<meta property=\"og:locale\" content=\"pt_BR\" \/>\n<meta property=\"og:type\" content=\"article\" \/>\n<meta property=\"og:title\" content=\"OS REGISTROS E AS HIST\u00d3RIAS DA FOT\u00d3GRAFA THAIS ANDRESSA - Jornalismo UFSJ\" \/>\n<meta property=\"og:description\" content=\"Perfil publicado originalmente no portal &quot;Jornal Primeira P\u00e1gina&quot;.\" \/>\n<meta property=\"og:url\" content=\"http:\/\/jornalismo.ufsj.edu.br\/site\/alunos\/os-registros-e-as-historias-da-fotografa-thais-andressa\/\" \/>\n<meta property=\"og:site_name\" content=\"Jornalismo UFSJ\" \/>\n<meta property=\"article:publisher\" content=\"https:\/\/www.facebook.com\/jornalismoufsj\/\" \/>\n<meta property=\"article:published_time\" content=\"2019-09-04T03:00:20+00:00\" \/>\n<meta property=\"article:modified_time\" content=\"2019-09-04T01:54:22+00:00\" \/>\n<meta property=\"og:image\" content=\"http:\/\/jornalismo.ufsj.edu.br\/site\/wp-content\/uploads\/2019\/09\/Thais-Andressa-perfil-720x450.jpg\" \/>\n\t<meta property=\"og:image:width\" content=\"720\" \/>\n\t<meta property=\"og:image:height\" content=\"450\" \/>\n\t<meta property=\"og:image:type\" content=\"image\/jpeg\" \/>\n<meta name=\"twitter:card\" content=\"summary_large_image\" \/>\n<meta name=\"twitter:creator\" content=\"@jornalismoufsj\" \/>\n<meta name=\"twitter:site\" content=\"@jornalismoufsj\" \/>\n<meta name=\"twitter:label1\" content=\"Escrito por\" \/>\n\t<meta name=\"twitter:data1\" content=\"\" \/>\n\t<meta name=\"twitter:label2\" content=\"Est. tempo de leitura\" \/>\n\t<meta name=\"twitter:data2\" content=\"3 minutos\" \/>\n<script type=\"application\/ld+json\" class=\"yoast-schema-graph\">{\"@context\":\"https:\/\/schema.org\",\"@graph\":[{\"@type\":\"WebPage\",\"@id\":\"http:\/\/jornalismo.ufsj.edu.br\/site\/alunos\/os-registros-e-as-historias-da-fotografa-thais-andressa\/\",\"url\":\"http:\/\/jornalismo.ufsj.edu.br\/site\/alunos\/os-registros-e-as-historias-da-fotografa-thais-andressa\/\",\"name\":\"OS REGISTROS E AS HIST\u00d3RIAS DA FOT\u00d3GRAFA THAIS ANDRESSA - Jornalismo UFSJ\",\"isPartOf\":{\"@id\":\"http:\/\/jornalismo.ufsj.edu.br\/site\/#website\"},\"datePublished\":\"2019-09-04T03:00:20+00:00\",\"dateModified\":\"2019-09-04T01:54:22+00:00\",\"author\":{\"@id\":\"\"},\"breadcrumb\":{\"@id\":\"http:\/\/jornalismo.ufsj.edu.br\/site\/alunos\/os-registros-e-as-historias-da-fotografa-thais-andressa\/#breadcrumb\"},\"inLanguage\":\"pt-BR\",\"potentialAction\":[{\"@type\":\"ReadAction\",\"target\":[\"http:\/\/jornalismo.ufsj.edu.br\/site\/alunos\/os-registros-e-as-historias-da-fotografa-thais-andressa\/\"]}]},{\"@type\":\"BreadcrumbList\",\"@id\":\"http:\/\/jornalismo.ufsj.edu.br\/site\/alunos\/os-registros-e-as-historias-da-fotografa-thais-andressa\/#breadcrumb\",\"itemListElement\":[{\"@type\":\"ListItem\",\"position\":1,\"name\":\"In\u00edcio\",\"item\":\"http:\/\/jornalismo.ufsj.edu.br\/site\/\"},{\"@type\":\"ListItem\",\"position\":2,\"name\":\"OS REGISTROS E AS HIST\u00d3RIAS DA FOT\u00d3GRAFA THAIS ANDRESSA\"}]},{\"@type\":\"WebSite\",\"@id\":\"http:\/\/jornalismo.ufsj.edu.br\/site\/#website\",\"url\":\"http:\/\/jornalismo.ufsj.edu.br\/site\/\",\"name\":\"Jornalismo UFSJ\",\"description\":\"\",\"potentialAction\":[{\"@type\":\"SearchAction\",\"target\":{\"@type\":\"EntryPoint\",\"urlTemplate\":\"http:\/\/jornalismo.ufsj.edu.br\/site\/?s={search_term_string}\"},\"query-input\":\"required name=search_term_string\"}],\"inLanguage\":\"pt-BR\"},{\"@type\":\"Person\",\"@id\":\"\"}]}<\/script>\n<!-- \/ Yoast SEO plugin. -->","yoast_head_json":{"title":"OS REGISTROS E AS HIST\u00d3RIAS DA FOT\u00d3GRAFA THAIS ANDRESSA - Jornalismo UFSJ","robots":{"index":"index","follow":"follow","max-snippet":"max-snippet:-1","max-image-preview":"max-image-preview:large","max-video-preview":"max-video-preview:-1"},"canonical":"http:\/\/jornalismo.ufsj.edu.br\/site\/alunos\/os-registros-e-as-historias-da-fotografa-thais-andressa\/","og_locale":"pt_BR","og_type":"article","og_title":"OS REGISTROS E AS HIST\u00d3RIAS DA FOT\u00d3GRAFA THAIS ANDRESSA - Jornalismo UFSJ","og_description":"Perfil publicado originalmente no portal \"Jornal Primeira P\u00e1gina\".","og_url":"http:\/\/jornalismo.ufsj.edu.br\/site\/alunos\/os-registros-e-as-historias-da-fotografa-thais-andressa\/","og_site_name":"Jornalismo UFSJ","article_publisher":"https:\/\/www.facebook.com\/jornalismoufsj\/","article_published_time":"2019-09-04T03:00:20+00:00","article_modified_time":"2019-09-04T01:54:22+00:00","og_image":[{"width":720,"height":450,"url":"http:\/\/jornalismo.ufsj.edu.br\/site\/wp-content\/uploads\/2019\/09\/Thais-Andressa-perfil-720x450.jpg","type":"image\/jpeg"}],"twitter_card":"summary_large_image","twitter_creator":"@jornalismoufsj","twitter_site":"@jornalismoufsj","twitter_misc":{"Escrito por":"","Est. tempo de leitura":"3 minutos"},"schema":{"@context":"https:\/\/schema.org","@graph":[{"@type":"WebPage","@id":"http:\/\/jornalismo.ufsj.edu.br\/site\/alunos\/os-registros-e-as-historias-da-fotografa-thais-andressa\/","url":"http:\/\/jornalismo.ufsj.edu.br\/site\/alunos\/os-registros-e-as-historias-da-fotografa-thais-andressa\/","name":"OS REGISTROS E AS HIST\u00d3RIAS DA FOT\u00d3GRAFA THAIS ANDRESSA - Jornalismo UFSJ","isPartOf":{"@id":"http:\/\/jornalismo.ufsj.edu.br\/site\/#website"},"datePublished":"2019-09-04T03:00:20+00:00","dateModified":"2019-09-04T01:54:22+00:00","author":{"@id":""},"breadcrumb":{"@id":"http:\/\/jornalismo.ufsj.edu.br\/site\/alunos\/os-registros-e-as-historias-da-fotografa-thais-andressa\/#breadcrumb"},"inLanguage":"pt-BR","potentialAction":[{"@type":"ReadAction","target":["http:\/\/jornalismo.ufsj.edu.br\/site\/alunos\/os-registros-e-as-historias-da-fotografa-thais-andressa\/"]}]},{"@type":"BreadcrumbList","@id":"http:\/\/jornalismo.ufsj.edu.br\/site\/alunos\/os-registros-e-as-historias-da-fotografa-thais-andressa\/#breadcrumb","itemListElement":[{"@type":"ListItem","position":1,"name":"In\u00edcio","item":"http:\/\/jornalismo.ufsj.edu.br\/site\/"},{"@type":"ListItem","position":2,"name":"OS REGISTROS E AS HIST\u00d3RIAS DA FOT\u00d3GRAFA THAIS ANDRESSA"}]},{"@type":"WebSite","@id":"http:\/\/jornalismo.ufsj.edu.br\/site\/#website","url":"http:\/\/jornalismo.ufsj.edu.br\/site\/","name":"Jornalismo UFSJ","description":"","potentialAction":[{"@type":"SearchAction","target":{"@type":"EntryPoint","urlTemplate":"http:\/\/jornalismo.ufsj.edu.br\/site\/?s={search_term_string}"},"query-input":"required name=search_term_string"}],"inLanguage":"pt-BR"},{"@type":"Person","@id":""}]}},"jetpack_featured_media_url":"http:\/\/jornalismo.ufsj.edu.br\/site\/wp-content\/uploads\/2019\/09\/Thais-Andressa-perfil-720x450.jpg","_links":{"self":[{"href":"http:\/\/jornalismo.ufsj.edu.br\/site\/wp-json\/wp\/v2\/posts\/6706"}],"collection":[{"href":"http:\/\/jornalismo.ufsj.edu.br\/site\/wp-json\/wp\/v2\/posts"}],"about":[{"href":"http:\/\/jornalismo.ufsj.edu.br\/site\/wp-json\/wp\/v2\/types\/post"}],"author":[{"embeddable":true,"href":"http:\/\/jornalismo.ufsj.edu.br\/site\/wp-json\/wp\/v2\/users\/3"}],"replies":[{"embeddable":true,"href":"http:\/\/jornalismo.ufsj.edu.br\/site\/wp-json\/wp\/v2\/comments?post=6706"}],"version-history":[{"count":2,"href":"http:\/\/jornalismo.ufsj.edu.br\/site\/wp-json\/wp\/v2\/posts\/6706\/revisions"}],"predecessor-version":[{"id":6711,"href":"http:\/\/jornalismo.ufsj.edu.br\/site\/wp-json\/wp\/v2\/posts\/6706\/revisions\/6711"}],"wp:featuredmedia":[{"embeddable":true,"href":"http:\/\/jornalismo.ufsj.edu.br\/site\/wp-json\/wp\/v2\/media\/6709"}],"wp:attachment":[{"href":"http:\/\/jornalismo.ufsj.edu.br\/site\/wp-json\/wp\/v2\/media?parent=6706"}],"wp:term":[{"taxonomy":"category","embeddable":true,"href":"http:\/\/jornalismo.ufsj.edu.br\/site\/wp-json\/wp\/v2\/categories?post=6706"},{"taxonomy":"post_tag","embeddable":true,"href":"http:\/\/jornalismo.ufsj.edu.br\/site\/wp-json\/wp\/v2\/tags?post=6706"}],"curies":[{"name":"wp","href":"https:\/\/api.w.org\/{rel}","templated":true}]}}