{"id":6695,"date":"2019-07-05T18:54:03","date_gmt":"2019-07-05T21:54:03","guid":{"rendered":"http:\/\/jornalismo.ufsj.edu.br\/?p=6695"},"modified":"2019-07-05T18:55:16","modified_gmt":"2019-07-05T21:55:16","slug":"por-onde-anda-marcelo-alves","status":"publish","type":"post","link":"http:\/\/jornalismo.ufsj.edu.br\/site\/jornalismoufsj\/por-onde-anda-marcelo-alves\/","title":{"rendered":"POR ONDE ANDA: MARCELO ALVES"},"content":{"rendered":"\n<p><em>Autor\ndo livro \u201c#vaipracuba!\u201d publicado recentemente, o doutorando fez parte da\nprimeira turma do curso de Jornalismo UFSJ<\/em><\/p>\n\n\n\n<p><\/p>\n\n\n\n<div class=\"wp-block-image\"><figure class=\"alignright is-resized\"><img loading=\"lazy\" src=\"http:\/\/jornalismo.ufsj.edu.br\/wp-content\/uploads\/2019\/07\/19248045_1409745229078988_3060423248078246365_n.jpg\" alt=\"\" class=\"wp-image-6696\" width=\"348\" height=\"351\" srcset=\"http:\/\/jornalismo.ufsj.edu.br\/site\/wp-content\/uploads\/2019\/07\/19248045_1409745229078988_3060423248078246365_n.jpg 949w, http:\/\/jornalismo.ufsj.edu.br\/site\/wp-content\/uploads\/2019\/07\/19248045_1409745229078988_3060423248078246365_n-150x150.jpg 150w, http:\/\/jornalismo.ufsj.edu.br\/site\/wp-content\/uploads\/2019\/07\/19248045_1409745229078988_3060423248078246365_n-297x300.jpg 297w, http:\/\/jornalismo.ufsj.edu.br\/site\/wp-content\/uploads\/2019\/07\/19248045_1409745229078988_3060423248078246365_n-768x777.jpg 768w\" sizes=\"(max-width: 348px) 100vw, 348px\" \/><\/figure><\/div>\n\n\n\n<p>Paulistano, Marcelo Alves dos Santos J\u00fanior iniciou a gradua\u00e7\u00e3o aos 16 anos, tendo feito 17 ainda no primeiro semestre letivo do curso, definido atrav\u00e9s da afinidade que o jovem j\u00e1 tinha com as pr\u00e1ticas jornal\u00edsticas: \u201csempre gostei muito de escrever, contar hist\u00f3rias, ler, al\u00e9m de tentar compreender o processo pol\u00edtico do pa\u00eds \u2013 toda a parte econ\u00f4mica, sociol\u00f3gica&#8230; eu queria muito ingressar em um jornal impresso para escrever a parte de notici\u00e1rio di\u00e1rio mesmo, mais voltada \u00e0 pol\u00edtica. Sempre me interessei por essa \u00e1rea\u201d.<\/p>\n\n\n\n<p><strong>Lembran\u00e7as\nda faculdade<\/strong><\/p>\n\n\n\n<p>Integrante da primeira turma de Jornalismo da Universidade Federal de S\u00e3o Jo\u00e3o del-Rei, Marcelo lembra que, naquela \u00e9poca, muitos dos projetos e oportunidades atuais do curso estavam sendo introduzidas: \u201ca Mosaico Comunica\u00e7\u00e3o Jr, por exemplo, come\u00e7ava a ser formada \u2013 os primeiros alunos-diretores iniciavam a elabora\u00e7\u00e3o do planejamento da empresa\u201d, cita ele, que completa, \u201cparticipei das primeira edi\u00e7\u00f5es do Ora-Pro-N\u00f3bis <em>(jornal-laborat\u00f3rio)<\/em>\u201d.<\/p>\n\n\n\n<p>Perguntado sobre est\u00e1gios feitos, responde que realizou tanto na desejada \u00e1rea de jornalismo impresso, no Folha das Vertentes, quanto no setor cultural, em organiza\u00e7\u00f5es como Atitude Cultural e Museu Regional de S\u00e3o Jo\u00e3o del-Rei, quando atuou com assessoria de imprensa e m\u00eddias sociais.<\/p>\n\n\n\n<p>Marcelo comenta ainda que teve a oportunidade de participar de um interc\u00e2mbio: estudou por seis meses nos Estados Unidos da Am\u00e9rica (EUA), per\u00edodo no qual tamb\u00e9m estagiou em uma emissora de TV.<\/p>\n\n\n\n<p>Al\u00e9m disso, durante a gradua\u00e7\u00e3o, Marcelo tamb\u00e9m fez inicia\u00e7\u00f5es cient\u00edficas, sob a orienta\u00e7\u00e3o do Prof. Luiz Ademir de Oliveira.<\/p>\n\n\n\n<p><strong>Interesse\npela comunica\u00e7\u00e3o pol\u00edtica, p\u00f3s-gradua\u00e7\u00e3o e of\u00edcio atual<\/strong><\/p>\n\n\n\n<p>Foi durante a inicia\u00e7\u00e3o cient\u00edfica que Marcelo confirmou o seu interesse pela \u00e1rea de comunica\u00e7\u00e3o pol\u00edtica: \u201cbasicamente, foi ele <em>(o Prof. Luiz Ademir)<\/em> que me preparou a orientou a tentar o mestrado na Universidade Federal Fluminense (UFF)\u201d.<\/p>\n\n\n\n<p>Ap\u00f3s a conclus\u00e3o do curso, o jornalista iniciou o Mestrado em Comunica\u00e7\u00e3o com foco em pol\u00edtica na UFF, mesma institui\u00e7\u00e3o onde est\u00e1 terminando o seu Doutorado em Comunica\u00e7\u00e3o com \u00eanfase em pol\u00edtica e pesquisa digital.<\/p>\n\n\n\n<p>Atualmente, trabalha no setor de comunica\u00e7\u00e3o institucional da UFF, respons\u00e1vel pela coordena\u00e7\u00e3o de tr\u00eas equipes: gest\u00e3o de relacionamentos, m\u00eddias sociais e produ\u00e7\u00e3o audiovisual. \u00c9 professor de disciplinas ligadas a an\u00e1lise de dados digitais em institui\u00e7\u00f5es de ensino diversas e tamb\u00e9m \u00e9 gestor de produtos da V\u00e9rtice Intelig\u00eancia: \u201cempresa que montei com Carolina de Paula e Heleonora Magalh\u00e3es, visando desenvolver produtos para o monitoramento de m\u00eddias sociais em prol de campanhas eleitorais\u201d, explica.<\/p>\n\n\n\n<p><strong>Recado\naos formandos<\/strong><\/p>\n\n\n\n<p>Com\nexperi\u00eancia no mercado de trabalho e no campo docente, Marcelo d\u00e1 um recado aos\nformandos e demais estudantes do curso: n\u00e3o invistam somente em uma modalidade do\njornalismo.<\/p>\n\n\n\n<p><em>\u201cO jornalista \u00e9 uma profiss\u00e3o que passa modifica\u00e7\u00f5es constantes&#8230; cada ano muda mais. Quando sai para o mercado, em 2012-2013, o cen\u00e1rio estava completamente diferente do que \u00e9 hoje. Agora, se pede habilidades multiplataformas e multimodais de forma muito mais intensa.\u201d<\/em><\/p>\n\n\n\n<p>Ele recomenda tamb\u00e9m a observa\u00e7\u00e3o da constru\u00e7\u00e3o de novos modelos de jornalismo: \u201cacompanhem esses novos ve\u00edculos que est\u00e3o surgindo, como o <a href=\"https:\/\/www.nexojornal.com.br\/\">Nexo<\/a> e o <a href=\"https:\/\/www.jota.info\/\">Jota<\/a>. S\u00e3o ve\u00edculos que t\u00eam tentado fazer jornalismo de maneira aprofundada e baseado em outros modelos de financiamento\u201d.<\/p>\n\n\n\n<p><strong>O\nlivro e os pr\u00f3ximos passos<\/strong><\/p>\n\n\n\n<p>Em maio deste ano, Marcelo publicou o seu primeiro livro, intitulado <strong>\u201c#Vaipracuba! A G\u00eanese das Redes de Direita no Facebook\u201d<\/strong>, pela <a href=\"https:\/\/www.editoraappris.com.br\/produto\/3018-vaipracuba-a-gnese-das-redes-de-direita-no-facebook?fbclid=IwAR2p4RpCitpftJOSFRVjwDzKkQD_wRZuhlosFGUPPseab3ookxBhh1Xbfhg\">Editora Appris<\/a>.<\/p>\n\n\n\n<div class=\"wp-block-image\"><figure class=\"aligncenter is-resized\"><img loading=\"lazy\" src=\"http:\/\/jornalismo.ufsj.edu.br\/wp-content\/uploads\/2019\/07\/60599729_2198938583492978_591010246076399616_n.jpg\" alt=\"\" class=\"wp-image-6697\" width=\"301\" height=\"301\" srcset=\"http:\/\/jornalismo.ufsj.edu.br\/site\/wp-content\/uploads\/2019\/07\/60599729_2198938583492978_591010246076399616_n.jpg 960w, http:\/\/jornalismo.ufsj.edu.br\/site\/wp-content\/uploads\/2019\/07\/60599729_2198938583492978_591010246076399616_n-150x150.jpg 150w, http:\/\/jornalismo.ufsj.edu.br\/site\/wp-content\/uploads\/2019\/07\/60599729_2198938583492978_591010246076399616_n-300x300.jpg 300w, http:\/\/jornalismo.ufsj.edu.br\/site\/wp-content\/uploads\/2019\/07\/60599729_2198938583492978_591010246076399616_n-768x768.jpg 768w\" sizes=\"(max-width: 301px) 100vw, 301px\" \/><\/figure><\/div>\n\n\n\n<p>Hoje, aos 27 anos e residindo em Nitero\u00ed \u2013 RJ, ele est\u00e1 finalizando o seu segundo livro, cujo assunto est\u00e1 vinculado ao recente projeto de pesquisa, que exp\u00f5e \u201cum estudo longitudinal e hist\u00f3rico entre 2013 e 2018 no Facebook, para tentar compreender como se d\u00e1 a propaga\u00e7\u00e3o e a dissemina\u00e7\u00e3o de informa\u00e7\u00f5es pol\u00edticas nesse per\u00edodo\u201d.<\/p>\n\n\n\n<p>Al\u00e9m\ndisso, ao terminar o doutorado, ele pretende continuar na carreira de docente,\nrealizando pesquisas e desenvolvendo seus trabalhos vinculados com a empresa e\na minera\u00e7\u00e3o e dados no campo das m\u00eddias sociais e elei\u00e7\u00e3o.<\/p>\n\n\n\n<p>Parab\u00e9ns pela trajet\u00f3ria, Marcelo!<br>Ficamos felizes e orgulhosos em acompanhar as suas conquistas!<\/p>\n\n\n\n<p><strong>Texto:<\/strong> Arthur Raposo Gomes<\/p>\n\n\n\n<p><strong>Fotos:<\/strong> reprodu\u00e7\u00e3o \u2013 rede social<\/p>\n","protected":false},"excerpt":{"rendered":"<p>Autor do livro \u201c#vaipracuba!\u201d publicado recentemente, o doutorando fez parte da primeira turma do curso de Jornalismo UFSJ<\/p>\n","protected":false},"author":3,"featured_media":6696,"comment_status":"open","ping_status":"open","sticky":false,"template":"","format":"standard","meta":{"_monsterinsights_skip_tracking":false,"_monsterinsights_sitenote_active":false,"_monsterinsights_sitenote_note":"","_monsterinsights_sitenote_category":0},"categories":[43,63],"tags":[189,190,194,119,191,192,193,188],"yoast_head":"<!-- This site is optimized with the Yoast SEO plugin v20.6 - https:\/\/yoast.com\/wordpress\/plugins\/seo\/ -->\n<title>POR ONDE ANDA: MARCELO ALVES - Jornalismo UFSJ<\/title>\n<meta name=\"robots\" content=\"index, follow, max-snippet:-1, max-image-preview:large, max-video-preview:-1\" \/>\n<link rel=\"canonical\" href=\"https:\/\/anu.ufsj.edu.br\/site\/jornalismoufsj\/por-onde-anda-marcelo-alves\/\" \/>\n<meta property=\"og:locale\" content=\"pt_BR\" \/>\n<meta property=\"og:type\" content=\"article\" \/>\n<meta property=\"og:title\" content=\"POR ONDE ANDA: MARCELO ALVES - Jornalismo UFSJ\" \/>\n<meta property=\"og:description\" content=\"Autor do livro \u201c#vaipracuba!\u201d publicado recentemente, o doutorando fez parte da primeira turma do curso de Jornalismo UFSJ\" \/>\n<meta property=\"og:url\" content=\"https:\/\/anu.ufsj.edu.br\/site\/jornalismoufsj\/por-onde-anda-marcelo-alves\/\" \/>\n<meta property=\"og:site_name\" content=\"Jornalismo UFSJ\" \/>\n<meta property=\"article:publisher\" content=\"https:\/\/www.facebook.com\/jornalismoufsj\/\" \/>\n<meta property=\"article:published_time\" content=\"2019-07-05T21:54:03+00:00\" \/>\n<meta property=\"article:modified_time\" content=\"2019-07-05T21:55:16+00:00\" \/>\n<meta property=\"og:image\" content=\"https:\/\/anu.ufsj.edu.br\/site\/wp-content\/uploads\/2019\/07\/19248045_1409745229078988_3060423248078246365_n.jpg\" \/>\n\t<meta property=\"og:image:width\" content=\"949\" \/>\n\t<meta property=\"og:image:height\" content=\"960\" \/>\n\t<meta property=\"og:image:type\" content=\"image\/jpeg\" \/>\n<meta name=\"twitter:card\" content=\"summary_large_image\" \/>\n<meta name=\"twitter:creator\" content=\"@jornalismoufsj\" \/>\n<meta name=\"twitter:site\" content=\"@jornalismoufsj\" \/>\n<meta name=\"twitter:label1\" content=\"Escrito por\" \/>\n\t<meta name=\"twitter:data1\" content=\"\" \/>\n\t<meta name=\"twitter:label2\" content=\"Est. tempo de leitura\" \/>\n\t<meta name=\"twitter:data2\" content=\"4 minutos\" \/>\n<script type=\"application\/ld+json\" class=\"yoast-schema-graph\">{\"@context\":\"https:\/\/schema.org\",\"@graph\":[{\"@type\":\"WebPage\",\"@id\":\"https:\/\/anu.ufsj.edu.br\/site\/jornalismoufsj\/por-onde-anda-marcelo-alves\/\",\"url\":\"https:\/\/anu.ufsj.edu.br\/site\/jornalismoufsj\/por-onde-anda-marcelo-alves\/\",\"name\":\"POR ONDE ANDA: MARCELO ALVES - Jornalismo UFSJ\",\"isPartOf\":{\"@id\":\"http:\/\/jornalismo.ufsj.edu.br\/site\/#website\"},\"datePublished\":\"2019-07-05T21:54:03+00:00\",\"dateModified\":\"2019-07-05T21:55:16+00:00\",\"author\":{\"@id\":\"\"},\"breadcrumb\":{\"@id\":\"https:\/\/anu.ufsj.edu.br\/site\/jornalismoufsj\/por-onde-anda-marcelo-alves\/#breadcrumb\"},\"inLanguage\":\"pt-BR\",\"potentialAction\":[{\"@type\":\"ReadAction\",\"target\":[\"https:\/\/anu.ufsj.edu.br\/site\/jornalismoufsj\/por-onde-anda-marcelo-alves\/\"]}]},{\"@type\":\"BreadcrumbList\",\"@id\":\"https:\/\/anu.ufsj.edu.br\/site\/jornalismoufsj\/por-onde-anda-marcelo-alves\/#breadcrumb\",\"itemListElement\":[{\"@type\":\"ListItem\",\"position\":1,\"name\":\"In\u00edcio\",\"item\":\"http:\/\/jornalismo.ufsj.edu.br\/site\/\"},{\"@type\":\"ListItem\",\"position\":2,\"name\":\"POR ONDE ANDA: MARCELO ALVES\"}]},{\"@type\":\"WebSite\",\"@id\":\"http:\/\/jornalismo.ufsj.edu.br\/site\/#website\",\"url\":\"http:\/\/jornalismo.ufsj.edu.br\/site\/\",\"name\":\"Jornalismo UFSJ\",\"description\":\"\",\"potentialAction\":[{\"@type\":\"SearchAction\",\"target\":{\"@type\":\"EntryPoint\",\"urlTemplate\":\"http:\/\/jornalismo.ufsj.edu.br\/site\/?s={search_term_string}\"},\"query-input\":\"required name=search_term_string\"}],\"inLanguage\":\"pt-BR\"},{\"@type\":\"Person\",\"@id\":\"\"}]}<\/script>\n<!-- \/ Yoast SEO plugin. -->","yoast_head_json":{"title":"POR ONDE ANDA: MARCELO ALVES - Jornalismo UFSJ","robots":{"index":"index","follow":"follow","max-snippet":"max-snippet:-1","max-image-preview":"max-image-preview:large","max-video-preview":"max-video-preview:-1"},"canonical":"https:\/\/anu.ufsj.edu.br\/site\/jornalismoufsj\/por-onde-anda-marcelo-alves\/","og_locale":"pt_BR","og_type":"article","og_title":"POR ONDE ANDA: MARCELO ALVES - Jornalismo UFSJ","og_description":"Autor do livro \u201c#vaipracuba!\u201d publicado recentemente, o doutorando fez parte da primeira turma do curso de Jornalismo UFSJ","og_url":"https:\/\/anu.ufsj.edu.br\/site\/jornalismoufsj\/por-onde-anda-marcelo-alves\/","og_site_name":"Jornalismo UFSJ","article_publisher":"https:\/\/www.facebook.com\/jornalismoufsj\/","article_published_time":"2019-07-05T21:54:03+00:00","article_modified_time":"2019-07-05T21:55:16+00:00","og_image":[{"width":949,"height":960,"url":"https:\/\/anu.ufsj.edu.br\/site\/wp-content\/uploads\/2019\/07\/19248045_1409745229078988_3060423248078246365_n.jpg","type":"image\/jpeg"}],"twitter_card":"summary_large_image","twitter_creator":"@jornalismoufsj","twitter_site":"@jornalismoufsj","twitter_misc":{"Escrito por":"","Est. tempo de leitura":"4 minutos"},"schema":{"@context":"https:\/\/schema.org","@graph":[{"@type":"WebPage","@id":"https:\/\/anu.ufsj.edu.br\/site\/jornalismoufsj\/por-onde-anda-marcelo-alves\/","url":"https:\/\/anu.ufsj.edu.br\/site\/jornalismoufsj\/por-onde-anda-marcelo-alves\/","name":"POR ONDE ANDA: MARCELO ALVES - Jornalismo UFSJ","isPartOf":{"@id":"http:\/\/jornalismo.ufsj.edu.br\/site\/#website"},"datePublished":"2019-07-05T21:54:03+00:00","dateModified":"2019-07-05T21:55:16+00:00","author":{"@id":""},"breadcrumb":{"@id":"https:\/\/anu.ufsj.edu.br\/site\/jornalismoufsj\/por-onde-anda-marcelo-alves\/#breadcrumb"},"inLanguage":"pt-BR","potentialAction":[{"@type":"ReadAction","target":["https:\/\/anu.ufsj.edu.br\/site\/jornalismoufsj\/por-onde-anda-marcelo-alves\/"]}]},{"@type":"BreadcrumbList","@id":"https:\/\/anu.ufsj.edu.br\/site\/jornalismoufsj\/por-onde-anda-marcelo-alves\/#breadcrumb","itemListElement":[{"@type":"ListItem","position":1,"name":"In\u00edcio","item":"http:\/\/jornalismo.ufsj.edu.br\/site\/"},{"@type":"ListItem","position":2,"name":"POR ONDE ANDA: MARCELO ALVES"}]},{"@type":"WebSite","@id":"http:\/\/jornalismo.ufsj.edu.br\/site\/#website","url":"http:\/\/jornalismo.ufsj.edu.br\/site\/","name":"Jornalismo UFSJ","description":"","potentialAction":[{"@type":"SearchAction","target":{"@type":"EntryPoint","urlTemplate":"http:\/\/jornalismo.ufsj.edu.br\/site\/?s={search_term_string}"},"query-input":"required name=search_term_string"}],"inLanguage":"pt-BR"},{"@type":"Person","@id":""}]}},"jetpack_featured_media_url":"http:\/\/jornalismo.ufsj.edu.br\/site\/wp-content\/uploads\/2019\/07\/19248045_1409745229078988_3060423248078246365_n.jpg","_links":{"self":[{"href":"http:\/\/jornalismo.ufsj.edu.br\/site\/wp-json\/wp\/v2\/posts\/6695"}],"collection":[{"href":"http:\/\/jornalismo.ufsj.edu.br\/site\/wp-json\/wp\/v2\/posts"}],"about":[{"href":"http:\/\/jornalismo.ufsj.edu.br\/site\/wp-json\/wp\/v2\/types\/post"}],"author":[{"embeddable":true,"href":"http:\/\/jornalismo.ufsj.edu.br\/site\/wp-json\/wp\/v2\/users\/3"}],"replies":[{"embeddable":true,"href":"http:\/\/jornalismo.ufsj.edu.br\/site\/wp-json\/wp\/v2\/comments?post=6695"}],"version-history":[{"count":1,"href":"http:\/\/jornalismo.ufsj.edu.br\/site\/wp-json\/wp\/v2\/posts\/6695\/revisions"}],"predecessor-version":[{"id":6698,"href":"http:\/\/jornalismo.ufsj.edu.br\/site\/wp-json\/wp\/v2\/posts\/6695\/revisions\/6698"}],"wp:featuredmedia":[{"embeddable":true,"href":"http:\/\/jornalismo.ufsj.edu.br\/site\/wp-json\/wp\/v2\/media\/6696"}],"wp:attachment":[{"href":"http:\/\/jornalismo.ufsj.edu.br\/site\/wp-json\/wp\/v2\/media?parent=6695"}],"wp:term":[{"taxonomy":"category","embeddable":true,"href":"http:\/\/jornalismo.ufsj.edu.br\/site\/wp-json\/wp\/v2\/categories?post=6695"},{"taxonomy":"post_tag","embeddable":true,"href":"http:\/\/jornalismo.ufsj.edu.br\/site\/wp-json\/wp\/v2\/tags?post=6695"}],"curies":[{"name":"wp","href":"https:\/\/api.w.org\/{rel}","templated":true}]}}