{"id":6689,"date":"2019-06-27T11:40:50","date_gmt":"2019-06-27T14:40:50","guid":{"rendered":"http:\/\/jornalismo.ufsj.edu.br\/?p=6689"},"modified":"2019-06-25T14:01:22","modified_gmt":"2019-06-25T17:01:22","slug":"por-onde-anda-tulio-moura","status":"publish","type":"post","link":"http:\/\/jornalismo.ufsj.edu.br\/site\/ex-alunos\/por-onde-anda-tulio-moura\/","title":{"rendered":"Por Onde Anda: T\u00falio Moura"},"content":{"rendered":"\n<p><em>Conhe\u00e7a o egresso que j\u00e1 pensou em ser bi\u00f3logo, m\u00e9dico e cientista, mas atualmente se diz apaixonado pelo jornalismo<\/em><\/p>\n\n\n\n<p>Ao\nser perguntado sobre o motivo que o levou a cursar a faculdade de Jornalismo, o\nentrevistado de hoje mostra-se sincero: \u201cAcho que essa \u00e9 uma quest\u00e3o que sempre\nvai me assombrar. J\u00e1 quis ser de tudo \u2013 bi\u00f3logo, m\u00e9dico, cientista, fot\u00f3grafo,\npublicit\u00e1rio, escritor&#8230; depois de migrar da Biologia para a Geografia, o\nJornalismo foi uma op\u00e7\u00e3o pr\u00f3xima e que acabou me surpreendendo\u201d.<\/p>\n\n\n\n<p><br>Nascido em Lavras \u2013 MG, T\u00falio Moura, 26, sempre se interessou pela \u00e1rea de audiovisual e m\u00eddias digitais, mas conta que teve surpresas durante a gradua\u00e7\u00e3o, iniciada em 2013: \u201cAntes das aulas de r\u00e1dio, jamais imaginei que gostaria tanto desse campo\u201d.<\/p>\n\n\n\n<div class=\"wp-block-image\"><figure class=\"alignleft is-resized\"><img loading=\"lazy\" src=\"http:\/\/jornalismo.ufsj.edu.br\/wp-content\/uploads\/2019\/06\/WhatsApp-Image-2019-06-03-at-13.39.08-1024x768.jpeg\" alt=\"\" class=\"wp-image-6690\" width=\"320\" height=\"240\" srcset=\"http:\/\/jornalismo.ufsj.edu.br\/site\/wp-content\/uploads\/2019\/06\/WhatsApp-Image-2019-06-03-at-13.39.08-1024x768.jpeg 1024w, http:\/\/jornalismo.ufsj.edu.br\/site\/wp-content\/uploads\/2019\/06\/WhatsApp-Image-2019-06-03-at-13.39.08-300x225.jpeg 300w, http:\/\/jornalismo.ufsj.edu.br\/site\/wp-content\/uploads\/2019\/06\/WhatsApp-Image-2019-06-03-at-13.39.08-768x576.jpeg 768w, http:\/\/jornalismo.ufsj.edu.br\/site\/wp-content\/uploads\/2019\/06\/WhatsApp-Image-2019-06-03-at-13.39.08.jpeg 1600w\" sizes=\"(max-width: 320px) 100vw, 320px\" \/><\/figure><\/div>\n\n\n\n<p>Durante\na faculdade, realizou um est\u00e1gio na Associa\u00e7\u00e3o France-Savoie-Br\u00e9sil, onde\ncolaborou na comunica\u00e7\u00e3o interna e na organiza\u00e7\u00e3o do evento \u201cTour du monde\u201d,\nque mobiliza estudantes estrangeiros da Universidade de Savoie.<\/p>\n\n\n\n<p>Nesse mesmo per\u00edodo, participou da equipe de organiza\u00e7\u00e3o do festival \u201c<a href=\"https:\/\/www.facebook.com\/naodeixeaculturamorrersjdr\/\">N\u00e3o Deixe a Cultura Morrer<\/a>\u201d e tamb\u00e9m de uma monitoria com a professora Alessandra de Falco \u2013 experi\u00eancia essa, avaliada por ele como \u201cmuito boa\u201d: \u201cConsegui colocar em pr\u00e1tica os conhecimentos da mat\u00e9ria de jornalismo online, al\u00e9m de ajudar os alunos que precisaram de suporte na disciplina. Acho importante esse tipo de iniciativa, pois \u00e9 uma oportunidade de ir al\u00e9m da sala de aula\u201d, relembra.<\/p>\n\n\n\n<p><strong>P\u00f3s-formatura\ne recado aos formandos<\/strong><\/p>\n\n\n\n<p>Tendo\nconclu\u00eddo a gradua\u00e7\u00e3o em 2017, T\u00falio confessa que chegou a tentar algumas vagas\nde jornalista, como rep\u00f3rter e fotojornalista, mas que n\u00e3o obteve \u00eaxito.<\/p>\n\n\n\n<p>Atualmente, trabalha como analista de produ\u00e7\u00e3o de conte\u00fado, cargo que tem as suas fun\u00e7\u00f5es explicadas por ele: \u201cEsse profissional faz um pouco de tudo. Aqui onde trabalho, eu sou respons\u00e1vel por elaborar estrat\u00e9gias de marketing, escrever e produzir os textos para o blog da empresa, fazer v\u00eddeos e sempre passar tudo isso para todos que trabalham comigo. Em suma, foge um pouco do jornalismo que vemos na faculdade, mas \u00e9 uma viv\u00eancia muito boa\u201d.<\/p>\n\n\n\n<div class=\"wp-block-image\"><figure class=\"alignright is-resized\"><img loading=\"lazy\" src=\"http:\/\/jornalismo.ufsj.edu.br\/wp-content\/uploads\/2019\/06\/WhatsApp-Image-2019-06-03-at-13.40.58.jpeg\" alt=\"\" class=\"wp-image-6691\" width=\"326\" height=\"326\" srcset=\"http:\/\/jornalismo.ufsj.edu.br\/site\/wp-content\/uploads\/2019\/06\/WhatsApp-Image-2019-06-03-at-13.40.58.jpeg 960w, http:\/\/jornalismo.ufsj.edu.br\/site\/wp-content\/uploads\/2019\/06\/WhatsApp-Image-2019-06-03-at-13.40.58-150x150.jpeg 150w, http:\/\/jornalismo.ufsj.edu.br\/site\/wp-content\/uploads\/2019\/06\/WhatsApp-Image-2019-06-03-at-13.40.58-300x300.jpeg 300w, http:\/\/jornalismo.ufsj.edu.br\/site\/wp-content\/uploads\/2019\/06\/WhatsApp-Image-2019-06-03-at-13.40.58-768x768.jpeg 768w\" sizes=\"(max-width: 326px) 100vw, 326px\" \/><\/figure><\/div>\n\n\n\n<p>Al\u00e9m desse of\u00edcio, T\u00falio tamb\u00e9m \u00e9 freelancer para quatro blogs e um de <em>ghost writer<\/em> \u2013 \u201c\u00e9 o que eu chamo de \u2018meu pet\u2019, pois consigo aplicar as minhas experi\u00eancias nos textos e at\u00e9 ganhar algum destaque\u201d, admite.<\/p>\n\n\n\n<p>O\njornalista aproveita a oportunidade para deixar alguns conselhos aos formandos\ndo curso:<\/p>\n\n\n\n<p><em>\u201cPrimeiramente,\naproveite muito a faculdade. Uma das coisas que mais sinto falta \u00e9 de ter\naquele banco de madeira para conversar com os meus amigos. <\/em><\/p>\n\n\n\n<p><em>Aproveite\nos professores, arrase no TCC e j\u00e1 vai procurando mais atividades. Acho que\njornalista tem mais \u00e9 que sonhar e tentar viver esse sonho ao m\u00e1ximo.<\/em><\/p>\n\n\n\n<p><em>Fa\u00e7a\nfreelancers, capacita\u00e7\u00f5es online, estude SEO, storytelling, copywriting, pois\ns\u00e3o coisas que v\u00e3o cobrar da gente no futuro. O mercado \u00e9 sim, bem sombrio, mas\na gente consegue sobreviver e dar boas risadas.\u201d<\/em><\/p>\n\n\n\n<p><strong>Pr\u00f3ximos\npassos na carreira<\/strong><\/p>\n\n\n\n<p>O\njornalista exp\u00f5e, por fim, que est\u00e1 participando do processo de inscri\u00e7\u00e3o para\no mestrado em Artes, L\u00ednguas e Produ\u00e7\u00e3o de Document\u00e1rios na Universit\u00e9 Lumi\u00e8re,\nem Lyon, na Fran\u00e7a. E est\u00e1 justamente a\u00ed, seus pr\u00f3ximos objetivos:<\/p>\n\n\n\n<p><em>\u201cPretendo\nfazer um mestrado e conseguir produzir mais document\u00e1rios, sem parar de\nestudar. Depois tem doutorado, p\u00f3s doc, quem sabe?!\u201d.<\/em><\/p>\n\n\n\n<p><strong><br><\/strong>Parab\u00e9ns pela trajet\u00f3ria, T\u00falio! Estamos na torcida para que continue alcan\u00e7ando todos os seus objetivos!<\/p>\n\n\n\n<p><strong>Texto:<\/strong> Arthur Raposo Gomes<\/p>\n\n\n\n<p><strong>Fotos:\n<\/strong>Arquivo\npessoal \/ reprodu\u00e7\u00e3o<\/p>\n","protected":false},"excerpt":{"rendered":"<p>Conhe\u00e7a o egresso que j\u00e1 pensou em ser bi\u00f3logo, m\u00e9dico e cientista, mas atualmente se diz apaixonado pelo jornalismo<\/p>\n","protected":false},"author":3,"featured_media":0,"comment_status":"open","ping_status":"open","sticky":false,"template":"","format":"standard","meta":{"_monsterinsights_skip_tracking":false,"_monsterinsights_sitenote_active":false,"_monsterinsights_sitenote_note":"","_monsterinsights_sitenote_category":0},"categories":[28,63,73],"tags":[],"yoast_head":"<!-- This site is optimized with the Yoast SEO plugin v20.6 - https:\/\/yoast.com\/wordpress\/plugins\/seo\/ -->\n<title>Por Onde Anda: T\u00falio Moura - Jornalismo UFSJ<\/title>\n<meta name=\"robots\" content=\"index, follow, max-snippet:-1, max-image-preview:large, max-video-preview:-1\" \/>\n<link rel=\"canonical\" href=\"https:\/\/jornalismo.ufsj.edu.br\/site\/ex-alunos\/por-onde-anda-tulio-moura\/\" \/>\n<meta property=\"og:locale\" content=\"pt_BR\" \/>\n<meta property=\"og:type\" content=\"article\" \/>\n<meta property=\"og:title\" content=\"Por Onde Anda: T\u00falio Moura - Jornalismo UFSJ\" \/>\n<meta property=\"og:description\" content=\"Conhe\u00e7a o egresso que j\u00e1 pensou em ser bi\u00f3logo, m\u00e9dico e cientista, mas atualmente se diz apaixonado pelo jornalismo\" \/>\n<meta property=\"og:url\" content=\"https:\/\/jornalismo.ufsj.edu.br\/site\/ex-alunos\/por-onde-anda-tulio-moura\/\" \/>\n<meta property=\"og:site_name\" content=\"Jornalismo UFSJ\" \/>\n<meta property=\"article:publisher\" content=\"https:\/\/www.facebook.com\/jornalismoufsj\/\" \/>\n<meta property=\"article:published_time\" content=\"2019-06-27T14:40:50+00:00\" \/>\n<meta property=\"article:modified_time\" content=\"2019-06-25T17:01:22+00:00\" \/>\n<meta property=\"og:image\" content=\"http:\/\/jornalismo.ufsj.edu.br\/wp-content\/uploads\/2019\/06\/WhatsApp-Image-2019-06-03-at-13.39.08-1024x768.jpeg\" \/>\n<meta name=\"twitter:card\" content=\"summary_large_image\" \/>\n<meta name=\"twitter:creator\" content=\"@jornalismoufsj\" \/>\n<meta name=\"twitter:site\" content=\"@jornalismoufsj\" \/>\n<meta name=\"twitter:label1\" content=\"Escrito por\" \/>\n\t<meta name=\"twitter:data1\" content=\"\" \/>\n\t<meta name=\"twitter:label2\" content=\"Est. tempo de leitura\" \/>\n\t<meta name=\"twitter:data2\" content=\"3 minutos\" \/>\n<script type=\"application\/ld+json\" class=\"yoast-schema-graph\">{\"@context\":\"https:\/\/schema.org\",\"@graph\":[{\"@type\":\"WebPage\",\"@id\":\"https:\/\/jornalismo.ufsj.edu.br\/site\/ex-alunos\/por-onde-anda-tulio-moura\/\",\"url\":\"https:\/\/jornalismo.ufsj.edu.br\/site\/ex-alunos\/por-onde-anda-tulio-moura\/\",\"name\":\"Por Onde Anda: T\u00falio Moura - Jornalismo UFSJ\",\"isPartOf\":{\"@id\":\"http:\/\/jornalismo.ufsj.edu.br\/site\/#website\"},\"datePublished\":\"2019-06-27T14:40:50+00:00\",\"dateModified\":\"2019-06-25T17:01:22+00:00\",\"author\":{\"@id\":\"\"},\"breadcrumb\":{\"@id\":\"https:\/\/jornalismo.ufsj.edu.br\/site\/ex-alunos\/por-onde-anda-tulio-moura\/#breadcrumb\"},\"inLanguage\":\"pt-BR\",\"potentialAction\":[{\"@type\":\"ReadAction\",\"target\":[\"https:\/\/jornalismo.ufsj.edu.br\/site\/ex-alunos\/por-onde-anda-tulio-moura\/\"]}]},{\"@type\":\"BreadcrumbList\",\"@id\":\"https:\/\/jornalismo.ufsj.edu.br\/site\/ex-alunos\/por-onde-anda-tulio-moura\/#breadcrumb\",\"itemListElement\":[{\"@type\":\"ListItem\",\"position\":1,\"name\":\"In\u00edcio\",\"item\":\"http:\/\/jornalismo.ufsj.edu.br\/site\/\"},{\"@type\":\"ListItem\",\"position\":2,\"name\":\"Por Onde Anda: T\u00falio Moura\"}]},{\"@type\":\"WebSite\",\"@id\":\"http:\/\/jornalismo.ufsj.edu.br\/site\/#website\",\"url\":\"http:\/\/jornalismo.ufsj.edu.br\/site\/\",\"name\":\"Jornalismo UFSJ\",\"description\":\"\",\"potentialAction\":[{\"@type\":\"SearchAction\",\"target\":{\"@type\":\"EntryPoint\",\"urlTemplate\":\"http:\/\/jornalismo.ufsj.edu.br\/site\/?s={search_term_string}\"},\"query-input\":\"required name=search_term_string\"}],\"inLanguage\":\"pt-BR\"},{\"@type\":\"Person\",\"@id\":\"\"}]}<\/script>\n<!-- \/ Yoast SEO plugin. -->","yoast_head_json":{"title":"Por Onde Anda: T\u00falio Moura - Jornalismo UFSJ","robots":{"index":"index","follow":"follow","max-snippet":"max-snippet:-1","max-image-preview":"max-image-preview:large","max-video-preview":"max-video-preview:-1"},"canonical":"https:\/\/jornalismo.ufsj.edu.br\/site\/ex-alunos\/por-onde-anda-tulio-moura\/","og_locale":"pt_BR","og_type":"article","og_title":"Por Onde Anda: T\u00falio Moura - Jornalismo UFSJ","og_description":"Conhe\u00e7a o egresso que j\u00e1 pensou em ser bi\u00f3logo, m\u00e9dico e cientista, mas atualmente se diz apaixonado pelo jornalismo","og_url":"https:\/\/jornalismo.ufsj.edu.br\/site\/ex-alunos\/por-onde-anda-tulio-moura\/","og_site_name":"Jornalismo UFSJ","article_publisher":"https:\/\/www.facebook.com\/jornalismoufsj\/","article_published_time":"2019-06-27T14:40:50+00:00","article_modified_time":"2019-06-25T17:01:22+00:00","og_image":[{"url":"http:\/\/jornalismo.ufsj.edu.br\/wp-content\/uploads\/2019\/06\/WhatsApp-Image-2019-06-03-at-13.39.08-1024x768.jpeg"}],"twitter_card":"summary_large_image","twitter_creator":"@jornalismoufsj","twitter_site":"@jornalismoufsj","twitter_misc":{"Escrito por":"","Est. tempo de leitura":"3 minutos"},"schema":{"@context":"https:\/\/schema.org","@graph":[{"@type":"WebPage","@id":"https:\/\/jornalismo.ufsj.edu.br\/site\/ex-alunos\/por-onde-anda-tulio-moura\/","url":"https:\/\/jornalismo.ufsj.edu.br\/site\/ex-alunos\/por-onde-anda-tulio-moura\/","name":"Por Onde Anda: T\u00falio Moura - Jornalismo UFSJ","isPartOf":{"@id":"http:\/\/jornalismo.ufsj.edu.br\/site\/#website"},"datePublished":"2019-06-27T14:40:50+00:00","dateModified":"2019-06-25T17:01:22+00:00","author":{"@id":""},"breadcrumb":{"@id":"https:\/\/jornalismo.ufsj.edu.br\/site\/ex-alunos\/por-onde-anda-tulio-moura\/#breadcrumb"},"inLanguage":"pt-BR","potentialAction":[{"@type":"ReadAction","target":["https:\/\/jornalismo.ufsj.edu.br\/site\/ex-alunos\/por-onde-anda-tulio-moura\/"]}]},{"@type":"BreadcrumbList","@id":"https:\/\/jornalismo.ufsj.edu.br\/site\/ex-alunos\/por-onde-anda-tulio-moura\/#breadcrumb","itemListElement":[{"@type":"ListItem","position":1,"name":"In\u00edcio","item":"http:\/\/jornalismo.ufsj.edu.br\/site\/"},{"@type":"ListItem","position":2,"name":"Por Onde Anda: T\u00falio Moura"}]},{"@type":"WebSite","@id":"http:\/\/jornalismo.ufsj.edu.br\/site\/#website","url":"http:\/\/jornalismo.ufsj.edu.br\/site\/","name":"Jornalismo UFSJ","description":"","potentialAction":[{"@type":"SearchAction","target":{"@type":"EntryPoint","urlTemplate":"http:\/\/jornalismo.ufsj.edu.br\/site\/?s={search_term_string}"},"query-input":"required name=search_term_string"}],"inLanguage":"pt-BR"},{"@type":"Person","@id":""}]}},"jetpack_featured_media_url":"","_links":{"self":[{"href":"http:\/\/jornalismo.ufsj.edu.br\/site\/wp-json\/wp\/v2\/posts\/6689"}],"collection":[{"href":"http:\/\/jornalismo.ufsj.edu.br\/site\/wp-json\/wp\/v2\/posts"}],"about":[{"href":"http:\/\/jornalismo.ufsj.edu.br\/site\/wp-json\/wp\/v2\/types\/post"}],"author":[{"embeddable":true,"href":"http:\/\/jornalismo.ufsj.edu.br\/site\/wp-json\/wp\/v2\/users\/3"}],"replies":[{"embeddable":true,"href":"http:\/\/jornalismo.ufsj.edu.br\/site\/wp-json\/wp\/v2\/comments?post=6689"}],"version-history":[{"count":2,"href":"http:\/\/jornalismo.ufsj.edu.br\/site\/wp-json\/wp\/v2\/posts\/6689\/revisions"}],"predecessor-version":[{"id":6693,"href":"http:\/\/jornalismo.ufsj.edu.br\/site\/wp-json\/wp\/v2\/posts\/6689\/revisions\/6693"}],"wp:attachment":[{"href":"http:\/\/jornalismo.ufsj.edu.br\/site\/wp-json\/wp\/v2\/media?parent=6689"}],"wp:term":[{"taxonomy":"category","embeddable":true,"href":"http:\/\/jornalismo.ufsj.edu.br\/site\/wp-json\/wp\/v2\/categories?post=6689"},{"taxonomy":"post_tag","embeddable":true,"href":"http:\/\/jornalismo.ufsj.edu.br\/site\/wp-json\/wp\/v2\/tags?post=6689"}],"curies":[{"name":"wp","href":"https:\/\/api.w.org\/{rel}","templated":true}]}}