{"id":6677,"date":"2019-06-18T13:57:23","date_gmt":"2019-06-18T16:57:23","guid":{"rendered":"http:\/\/jornalismo.ufsj.edu.br\/?p=6677"},"modified":"2019-06-18T15:12:46","modified_gmt":"2019-06-18T18:12:46","slug":"estudantes-elaboram-revista-digital-durante-disciplina","status":"publish","type":"post","link":"http:\/\/jornalismo.ufsj.edu.br\/site\/jornalismoufsj\/estudantes-elaboram-revista-digital-durante-disciplina\/","title":{"rendered":"Estudantes elaboram revista digital durante disciplina"},"content":{"rendered":"\n<p><em>Com o slogan \u201cS\u00e3o Jo\u00e3o na palma de sua m\u00e3o\u201d, projeto apresenta s\u00e9rie de op\u00e7\u00f5es de lazer em S\u00e3o Jo\u00e3o del-Rei<\/em><\/p>\n\n\n\n<p>Realizada pelos alunos do quinto per\u00edodo e idealizada pelo estudante Arthur Raposo Gomes como demanda da disciplina \u201cJornalismo Especializado \u2013 Estilo Magazine\u201d, ministrada pela professora Najla Passos, a <strong>Revista Quintindica<\/strong> re\u00fane mat\u00e9rias sobre atra\u00e7\u00f5es culturais e de lazer, al\u00e9m do calend\u00e1rio de eventos da cidade e regi\u00e3o.<\/p>\n\n\n\n<figure class=\"wp-block-image\"><img loading=\"lazy\" width=\"640\" height=\"360\" src=\"http:\/\/jornalismo.ufsj.edu.br\/wp-content\/uploads\/2019\/06\/60486617_363740781167762_4979104205559037952_n-1-1.png\" alt=\"\" class=\"wp-image-6678\" srcset=\"http:\/\/jornalismo.ufsj.edu.br\/site\/wp-content\/uploads\/2019\/06\/60486617_363740781167762_4979104205559037952_n-1-1.png 640w, http:\/\/jornalismo.ufsj.edu.br\/site\/wp-content\/uploads\/2019\/06\/60486617_363740781167762_4979104205559037952_n-1-1-300x169.png 300w\" sizes=\"(max-width: 640px) 100vw, 640px\" \/><figcaption><strong>\ufeffFoto: <\/strong>Ta\u00eds Andressa \/ Reprodu\u00e7\u00e3o &#8211; Facebook da Revista Quintindic<\/figcaption><\/figure>\n\n\n\n<p><\/p>\n\n\n\n<p>Durante entrevista, Arthur conta que a ideia surgiu por perceber que muitas pessoas v\u00eam adoecendo por causa da pr\u00f3pria rotina de trabalho ou estudo: \u201cN\u00e3o \u00e9 dif\u00edcil de escutar que \u2018fulano est\u00e1 com crise de ansiedade\u2019 ou \u2018beltrano desenvolveu a <em>s\u00edndrome de burnout\u2019<\/em>, por exemplo. Por isso, venho com uma ideologia, h\u00e1 alguns anos, de \u2013 sempre quando poss\u00edvel \u2013 propor assuntos mais interessantes e prazerosos em projetos profissionais diversos\u201d.<\/p>\n\n\n\n<p><\/p>\n\n\n\n<p>J\u00e1 o nome \u201cQuintindica\u201d foi imaginado, segundo Arthur, a partir da jun\u00e7\u00e3o de \u201c<strong>quint<\/strong>\u201d \u2013 parte da palavra quinto, que \u00e9 o per\u00edodo que a turma cursa, e quinta-feira, dia da semana em que a maioria dos programas culturais come\u00e7am a acontecer \u2013 e \u201c<strong>indica<\/strong>\u201d, pois, por meio da revista, o leitor ter\u00e1 acesso a indica\u00e7\u00f5es de atividades s\u00e3o-joanenses de lazer, ou seja, op\u00e7\u00f5es de programas feitos para relaxar e se entreter.<\/p>\n\n\n\n<figure class=\"wp-block-embed-youtube wp-block-embed is-type-video is-provider-youtube wp-embed-aspect-16-9 wp-has-aspect-ratio\"><div class=\"wp-block-embed__wrapper\">\n<iframe loading=\"lazy\" title=\"Lan\u00e7amento da Revista Quintindica - S\u00e3o Jo\u00e3o del-Rei\" width=\"640\" height=\"360\" src=\"https:\/\/www.youtube.com\/embed\/Bp6RJ6NbYg4?feature=oembed\" frameborder=\"0\" allow=\"accelerometer; autoplay; encrypted-media; gyroscope; picture-in-picture\" allowfullscreen><\/iframe>\n<\/div><\/figure>\n\n\n\n<p>Professora universit\u00e1ria desde 2005, Najla revela que a turma precisou pensar em todas as etapas, desde a pr\u00f3pria concep\u00e7\u00e3o e escolha do projeto editorial at\u00e9 as formas de financiamento e divulga\u00e7\u00e3o da revista. Desse modo, \u201cest\u00e3o aptos n\u00e3o s\u00f3 para trabalharem em empresas consolidadas, mas tamb\u00e9m para constru\u00edrem seus pr\u00f3prios projetos\u201d.<\/p>\n\n\n\n<p>Ao ser perguntada sobre as dificuldades em realizar um trabalho t\u00e3o complexo com muitos alunos, a docente enfatiza a import\u00e2ncia de se aprender a trabalhar em grupo. \u201cO processo de produ\u00e7\u00e3o da not\u00edcia, seja em revista ou em qualquer outro ve\u00edculo de porte m\u00e9dio a grande, se faz de forma coletiva. Saber defender seus pontos de vista e tamb\u00e9m acatar os dos demais \u00e9 essencial\u201d, reitera.<\/p>\n\n\n\n<p>Apesar de atrair p\u00fablico de todas as faixas et\u00e1rias, a revista possui uma proposta mais voltada ao p\u00fablico jovem, apresentando um trabalho gr\u00e1fico moderno que j\u00e1 recebeu elogios nas redes sociais. Editora de Arte, Isabela Souza relata as escolhas feitas: \u201cprocuramos criar um conceito na logo que fosse algo descontra\u00eddo e despojado e por isso a defini\u00e7\u00e3o do amarelo mostarda. A fonte, por sua vez, \u00e9 mais clean e s\u00f3bria. Quer\u00edamos algo que n\u00e3o polu\u00edsse a leitura, mas mantivesse essa linha de novidade e inova\u00e7\u00e3o\u201d, assegura. <\/p>\n\n\n\n<div class=\"wp-block-image\"><figure class=\"aligncenter\"><img loading=\"lazy\" width=\"300\" height=\"300\" src=\"http:\/\/jornalismo.ufsj.edu.br\/wp-content\/uploads\/2019\/06\/60152144_359447234930450_780889539051782144_n-2-300x300-1.png\" alt=\"\" class=\"wp-image-6679\" srcset=\"http:\/\/jornalismo.ufsj.edu.br\/site\/wp-content\/uploads\/2019\/06\/60152144_359447234930450_780889539051782144_n-2-300x300-1.png 300w, http:\/\/jornalismo.ufsj.edu.br\/site\/wp-content\/uploads\/2019\/06\/60152144_359447234930450_780889539051782144_n-2-300x300-1-150x150.png 150w\" sizes=\"(max-width: 300px) 100vw, 300px\" \/><\/figure><\/div>\n\n\n\n<p>Luciana Petersen tamb\u00e9m \u00e9 aluna do quinto per\u00edodo e fez parte da equipe de reportagem, apurando uma mat\u00e9ria sobre a resist\u00eancia negra em S\u00e3o Jo\u00e3o del-Rei. Ela certifica que, durante o semestre, teve \u201ca oportunidade de narrar uma hist\u00f3ria que est\u00e1 evidente em cada cent\u00edmetro da cidade, mas que nem sempre enxergamos. Conheci lugares na periferia onde a universidade nem sempre chega e muitas pessoas n\u00e3o chegam \u00e0 universidade\u201d.<\/p>\n\n\n\n<p>Ainda sobre a experi\u00eancia, Luciana defende que o trabalho foi transformador e a \u201cajudou a conhecer a cidade melhor e com um outro olhar\u201d. Ela tamb\u00e9m afirma que se atentou ainda mais para a relev\u00e2ncia de pautar esses assuntos e hist\u00f3rias que s\u00e3o invisibilizadas. \u201cFoi gratificante ver que em todos os momentos, para al\u00e9m do legado da escravid\u00e3o, existe um legado de resist\u00eancia, assim como o Espa\u00e7o P, a minha indica\u00e7\u00e3o na Quintindica\u201d, encerra.<\/p>\n\n\n\n<p><strong>\u00c9 hoje!<\/strong><\/p>\n\n\n\n<p>A primeira edi\u00e7\u00e3o da Revista Quintidica estar\u00e1 dispon\u00edvel a partir de hoje, dia 18, pelas plataformas digitais. Para saber quando o conte\u00fado estar\u00e1 no ar, basta acompanhar as redes sociais \u2013 <a href=\"https:\/\/www.facebook.com\/revistaquintindica\">Facebook<\/a> e <a href=\"https:\/\/www.instagram.com\/revistaquintindica\/\">Instagram<\/a>.<\/p>\n\n\n\n<p><strong>Texto:<\/strong> Yasmim Nascimento<br><strong>Imagem:<\/strong> Reprodu\u00e7\u00e3o\/Revista Quintindica<\/p>\n\n\n\n<p><\/p>\n","protected":false},"excerpt":{"rendered":"<p>Com o slogan \u201cS\u00e3o Jo\u00e3o na palma de sua m\u00e3o\u201d, projeto apresenta s\u00e9rie de op\u00e7\u00f5es de lazer em S\u00e3o Jo\u00e3o del-Rei<\/p>\n","protected":false},"author":3,"featured_media":6680,"comment_status":"open","ping_status":"open","sticky":false,"template":"","format":"standard","meta":{"_monsterinsights_skip_tracking":false,"_monsterinsights_sitenote_active":false,"_monsterinsights_sitenote_note":"","_monsterinsights_sitenote_category":0},"categories":[43],"tags":[],"yoast_head":"<!-- This site is optimized with the Yoast SEO plugin v20.6 - https:\/\/yoast.com\/wordpress\/plugins\/seo\/ -->\n<title>Estudantes elaboram revista digital durante disciplina - Jornalismo UFSJ<\/title>\n<meta name=\"robots\" content=\"index, follow, max-snippet:-1, max-image-preview:large, max-video-preview:-1\" \/>\n<link rel=\"canonical\" href=\"https:\/\/jornalismo.ufsj.edu.br\/site\/jornalismoufsj\/estudantes-elaboram-revista-digital-durante-disciplina\/\" \/>\n<meta property=\"og:locale\" content=\"pt_BR\" \/>\n<meta property=\"og:type\" content=\"article\" \/>\n<meta property=\"og:title\" content=\"Estudantes elaboram revista digital durante disciplina - Jornalismo UFSJ\" \/>\n<meta property=\"og:description\" content=\"Com o slogan \u201cS\u00e3o Jo\u00e3o na palma de sua m\u00e3o\u201d, projeto apresenta s\u00e9rie de op\u00e7\u00f5es de lazer em S\u00e3o Jo\u00e3o del-Rei\" \/>\n<meta property=\"og:url\" content=\"https:\/\/jornalismo.ufsj.edu.br\/site\/jornalismoufsj\/estudantes-elaboram-revista-digital-durante-disciplina\/\" \/>\n<meta property=\"og:site_name\" content=\"Jornalismo UFSJ\" \/>\n<meta property=\"article:publisher\" content=\"https:\/\/www.facebook.com\/jornalismoufsj\/\" \/>\n<meta property=\"article:published_time\" content=\"2019-06-18T16:57:23+00:00\" \/>\n<meta property=\"article:modified_time\" content=\"2019-06-18T18:12:46+00:00\" \/>\n<meta property=\"og:image\" content=\"https:\/\/jornalismo.ufsj.edu.br\/site\/wp-content\/uploads\/2019\/06\/IMG_3388-1-1.jpg\" \/>\n\t<meta property=\"og:image:width\" content=\"150\" \/>\n\t<meta property=\"og:image:height\" content=\"150\" \/>\n\t<meta property=\"og:image:type\" content=\"image\/jpeg\" \/>\n<meta name=\"twitter:card\" content=\"summary_large_image\" \/>\n<meta name=\"twitter:creator\" content=\"@jornalismoufsj\" \/>\n<meta name=\"twitter:site\" content=\"@jornalismoufsj\" \/>\n<meta name=\"twitter:label1\" content=\"Escrito por\" \/>\n\t<meta name=\"twitter:data1\" content=\"\" \/>\n\t<meta name=\"twitter:label2\" content=\"Est. tempo de leitura\" \/>\n\t<meta name=\"twitter:data2\" content=\"3 minutos\" \/>\n<script type=\"application\/ld+json\" class=\"yoast-schema-graph\">{\"@context\":\"https:\/\/schema.org\",\"@graph\":[{\"@type\":\"WebPage\",\"@id\":\"https:\/\/jornalismo.ufsj.edu.br\/site\/jornalismoufsj\/estudantes-elaboram-revista-digital-durante-disciplina\/\",\"url\":\"https:\/\/jornalismo.ufsj.edu.br\/site\/jornalismoufsj\/estudantes-elaboram-revista-digital-durante-disciplina\/\",\"name\":\"Estudantes elaboram revista digital durante disciplina - Jornalismo UFSJ\",\"isPartOf\":{\"@id\":\"http:\/\/jornalismo.ufsj.edu.br\/site\/#website\"},\"datePublished\":\"2019-06-18T16:57:23+00:00\",\"dateModified\":\"2019-06-18T18:12:46+00:00\",\"author\":{\"@id\":\"\"},\"breadcrumb\":{\"@id\":\"https:\/\/jornalismo.ufsj.edu.br\/site\/jornalismoufsj\/estudantes-elaboram-revista-digital-durante-disciplina\/#breadcrumb\"},\"inLanguage\":\"pt-BR\",\"potentialAction\":[{\"@type\":\"ReadAction\",\"target\":[\"https:\/\/jornalismo.ufsj.edu.br\/site\/jornalismoufsj\/estudantes-elaboram-revista-digital-durante-disciplina\/\"]}]},{\"@type\":\"BreadcrumbList\",\"@id\":\"https:\/\/jornalismo.ufsj.edu.br\/site\/jornalismoufsj\/estudantes-elaboram-revista-digital-durante-disciplina\/#breadcrumb\",\"itemListElement\":[{\"@type\":\"ListItem\",\"position\":1,\"name\":\"In\u00edcio\",\"item\":\"http:\/\/jornalismo.ufsj.edu.br\/site\/\"},{\"@type\":\"ListItem\",\"position\":2,\"name\":\"Estudantes elaboram revista digital durante disciplina\"}]},{\"@type\":\"WebSite\",\"@id\":\"http:\/\/jornalismo.ufsj.edu.br\/site\/#website\",\"url\":\"http:\/\/jornalismo.ufsj.edu.br\/site\/\",\"name\":\"Jornalismo UFSJ\",\"description\":\"\",\"potentialAction\":[{\"@type\":\"SearchAction\",\"target\":{\"@type\":\"EntryPoint\",\"urlTemplate\":\"http:\/\/jornalismo.ufsj.edu.br\/site\/?s={search_term_string}\"},\"query-input\":\"required name=search_term_string\"}],\"inLanguage\":\"pt-BR\"},{\"@type\":\"Person\",\"@id\":\"\"}]}<\/script>\n<!-- \/ Yoast SEO plugin. -->","yoast_head_json":{"title":"Estudantes elaboram revista digital durante disciplina - Jornalismo UFSJ","robots":{"index":"index","follow":"follow","max-snippet":"max-snippet:-1","max-image-preview":"max-image-preview:large","max-video-preview":"max-video-preview:-1"},"canonical":"https:\/\/jornalismo.ufsj.edu.br\/site\/jornalismoufsj\/estudantes-elaboram-revista-digital-durante-disciplina\/","og_locale":"pt_BR","og_type":"article","og_title":"Estudantes elaboram revista digital durante disciplina - Jornalismo UFSJ","og_description":"Com o slogan \u201cS\u00e3o Jo\u00e3o na palma de sua m\u00e3o\u201d, projeto apresenta s\u00e9rie de op\u00e7\u00f5es de lazer em S\u00e3o Jo\u00e3o del-Rei","og_url":"https:\/\/jornalismo.ufsj.edu.br\/site\/jornalismoufsj\/estudantes-elaboram-revista-digital-durante-disciplina\/","og_site_name":"Jornalismo UFSJ","article_publisher":"https:\/\/www.facebook.com\/jornalismoufsj\/","article_published_time":"2019-06-18T16:57:23+00:00","article_modified_time":"2019-06-18T18:12:46+00:00","og_image":[{"width":150,"height":150,"url":"https:\/\/jornalismo.ufsj.edu.br\/site\/wp-content\/uploads\/2019\/06\/IMG_3388-1-1.jpg","type":"image\/jpeg"}],"twitter_card":"summary_large_image","twitter_creator":"@jornalismoufsj","twitter_site":"@jornalismoufsj","twitter_misc":{"Escrito por":"","Est. tempo de leitura":"3 minutos"},"schema":{"@context":"https:\/\/schema.org","@graph":[{"@type":"WebPage","@id":"https:\/\/jornalismo.ufsj.edu.br\/site\/jornalismoufsj\/estudantes-elaboram-revista-digital-durante-disciplina\/","url":"https:\/\/jornalismo.ufsj.edu.br\/site\/jornalismoufsj\/estudantes-elaboram-revista-digital-durante-disciplina\/","name":"Estudantes elaboram revista digital durante disciplina - Jornalismo UFSJ","isPartOf":{"@id":"http:\/\/jornalismo.ufsj.edu.br\/site\/#website"},"datePublished":"2019-06-18T16:57:23+00:00","dateModified":"2019-06-18T18:12:46+00:00","author":{"@id":""},"breadcrumb":{"@id":"https:\/\/jornalismo.ufsj.edu.br\/site\/jornalismoufsj\/estudantes-elaboram-revista-digital-durante-disciplina\/#breadcrumb"},"inLanguage":"pt-BR","potentialAction":[{"@type":"ReadAction","target":["https:\/\/jornalismo.ufsj.edu.br\/site\/jornalismoufsj\/estudantes-elaboram-revista-digital-durante-disciplina\/"]}]},{"@type":"BreadcrumbList","@id":"https:\/\/jornalismo.ufsj.edu.br\/site\/jornalismoufsj\/estudantes-elaboram-revista-digital-durante-disciplina\/#breadcrumb","itemListElement":[{"@type":"ListItem","position":1,"name":"In\u00edcio","item":"http:\/\/jornalismo.ufsj.edu.br\/site\/"},{"@type":"ListItem","position":2,"name":"Estudantes elaboram revista digital durante disciplina"}]},{"@type":"WebSite","@id":"http:\/\/jornalismo.ufsj.edu.br\/site\/#website","url":"http:\/\/jornalismo.ufsj.edu.br\/site\/","name":"Jornalismo UFSJ","description":"","potentialAction":[{"@type":"SearchAction","target":{"@type":"EntryPoint","urlTemplate":"http:\/\/jornalismo.ufsj.edu.br\/site\/?s={search_term_string}"},"query-input":"required name=search_term_string"}],"inLanguage":"pt-BR"},{"@type":"Person","@id":""}]}},"jetpack_featured_media_url":"http:\/\/jornalismo.ufsj.edu.br\/site\/wp-content\/uploads\/2019\/06\/IMG_3388-1-1.jpg","_links":{"self":[{"href":"http:\/\/jornalismo.ufsj.edu.br\/site\/wp-json\/wp\/v2\/posts\/6677"}],"collection":[{"href":"http:\/\/jornalismo.ufsj.edu.br\/site\/wp-json\/wp\/v2\/posts"}],"about":[{"href":"http:\/\/jornalismo.ufsj.edu.br\/site\/wp-json\/wp\/v2\/types\/post"}],"author":[{"embeddable":true,"href":"http:\/\/jornalismo.ufsj.edu.br\/site\/wp-json\/wp\/v2\/users\/3"}],"replies":[{"embeddable":true,"href":"http:\/\/jornalismo.ufsj.edu.br\/site\/wp-json\/wp\/v2\/comments?post=6677"}],"version-history":[{"count":3,"href":"http:\/\/jornalismo.ufsj.edu.br\/site\/wp-json\/wp\/v2\/posts\/6677\/revisions"}],"predecessor-version":[{"id":6687,"href":"http:\/\/jornalismo.ufsj.edu.br\/site\/wp-json\/wp\/v2\/posts\/6677\/revisions\/6687"}],"wp:featuredmedia":[{"embeddable":true,"href":"http:\/\/jornalismo.ufsj.edu.br\/site\/wp-json\/wp\/v2\/media\/6680"}],"wp:attachment":[{"href":"http:\/\/jornalismo.ufsj.edu.br\/site\/wp-json\/wp\/v2\/media?parent=6677"}],"wp:term":[{"taxonomy":"category","embeddable":true,"href":"http:\/\/jornalismo.ufsj.edu.br\/site\/wp-json\/wp\/v2\/categories?post=6677"},{"taxonomy":"post_tag","embeddable":true,"href":"http:\/\/jornalismo.ufsj.edu.br\/site\/wp-json\/wp\/v2\/tags?post=6677"}],"curies":[{"name":"wp","href":"https:\/\/api.w.org\/{rel}","templated":true}]}}