{"id":6614,"date":"2019-05-31T16:11:19","date_gmt":"2019-05-31T19:11:19","guid":{"rendered":"http:\/\/jornalismo.ufsj.edu.br\/?p=6614"},"modified":"2019-05-31T16:21:45","modified_gmt":"2019-05-31T19:21:45","slug":"5a-cultural-retorna-no-ctan","status":"publish","type":"post","link":"http:\/\/jornalismo.ufsj.edu.br\/site\/jornalismoufsj\/5a-cultural-retorna-no-ctan\/","title":{"rendered":"5\u00aa Cultural retorna no CTan"},"content":{"rendered":"\n<p class=\"has-small-font-size\">Por <a href=\"https:\/\/multiagencia.wordpress.com\/\">Multi Ag\u00eancia<\/a><\/p>\n\n\n\n<figure class=\"wp-block-image\"><img loading=\"lazy\" width=\"2047\" height=\"1365\" src=\"http:\/\/jornalismo.ufsj.edu.br\/wp-content\/uploads\/2019\/05\/Foto-Reprodu\u00e7\u00e3o-Facebook-5\u00aa-Cultural.jpg?fit=1024%2C683\" alt=\"\" class=\"wp-image-6618\" srcset=\"http:\/\/jornalismo.ufsj.edu.br\/site\/wp-content\/uploads\/2019\/05\/Foto-Reprodu\u00e7\u00e3o-Facebook-5\u00aa-Cultural.jpg 2047w, http:\/\/jornalismo.ufsj.edu.br\/site\/wp-content\/uploads\/2019\/05\/Foto-Reprodu\u00e7\u00e3o-Facebook-5\u00aa-Cultural-300x200.jpg 300w, http:\/\/jornalismo.ufsj.edu.br\/site\/wp-content\/uploads\/2019\/05\/Foto-Reprodu\u00e7\u00e3o-Facebook-5\u00aa-Cultural-768x512.jpg 768w, http:\/\/jornalismo.ufsj.edu.br\/site\/wp-content\/uploads\/2019\/05\/Foto-Reprodu\u00e7\u00e3o-Facebook-5\u00aa-Cultural-1024x683.jpg 1024w\" sizes=\"(max-width: 2047px) 100vw, 2047px\" \/><figcaption>Cultura &#8211; alunos dan\u00e7ando ao som da banda s\u00e3o-joanense Xoxote Molhado. Foto: Reprodu\u00e7\u00e3o Facebook da 5\u00aa Cultural.<\/figcaption><\/figure>\n\n\n\n<p>Ap\u00f3s uma pausa de dois anos, o 5\u00aa Cultural, projeto de extens\u00e3o do curso, foi retomado. <br><br>A iniciativa de recuperar a proposta partiu de estudantes do jornalismo que investiram na ideia e decidiram trazer mais lazer e cultura para as noites de quinta no CTan, envolvendo artistas, m\u00fasicos, poetas, entre outros.<br><br>Para entender como funciona a iniciativa, conversamos com o idealizador do 5\u00aa Cultural e professor do curso, Paulo Henrique Caetano, o aluno de jornalismo, Rafael Nascimento, e o ex-colaborador do projeto, Bruno Caputo. <br><br>Confira a entrevista completa no podcast!<\/p>\n\n\n\n<p><\/p>\n\n\n\n<p><\/p>\n\n\n\n<figure class=\"wp-block-audio\"><audio controls src=\"http:\/\/jornalismo.ufsj.edu.br\/wp-content\/uploads\/2019\/05\/Podcast-5-cultural-editado.mp3\"><\/audio><\/figure>\n\n\n\n<p><\/p>\n\n\n\n<p><\/p>\n<div class=\"powerpress_player\" id=\"powerpress_player_2890\"><!--[if lt IE 9]><script>document.createElement('audio');<\/script><![endif]-->\n<audio class=\"wp-audio-shortcode\" id=\"audio-6614-1\" preload=\"none\" style=\"width: 100%;\" controls=\"controls\"><source type=\"audio\/mpeg\" src=\"http:\/\/jornalismo.ufsj.edu.br\/wp-content\/uploads\/2019\/05\/Podcast-5-cultural-editado.mp3?_=1\" \/><a href=\"http:\/\/jornalismo.ufsj.edu.br\/wp-content\/uploads\/2019\/05\/Podcast-5-cultural-editado.mp3\">http:\/\/jornalismo.ufsj.edu.br\/wp-content\/uploads\/2019\/05\/Podcast-5-cultural-editado.mp3<\/a><\/audio><\/div><p class=\"powerpress_links powerpress_links_mp3\" style=\"margin-bottom: 1px !important;\">Podcast: <a href=\"http:\/\/jornalismo.ufsj.edu.br\/wp-content\/uploads\/2019\/05\/Podcast-5-cultural-editado.mp3\" class=\"powerpress_link_pinw\" target=\"_blank\" title=\"Play in new window\" onclick=\"return powerpress_pinw('http:\/\/jornalismo.ufsj.edu.br\/site\/?powerpress_pinw=6614-podcast');\" rel=\"nofollow\">Play in new window<\/a> | <a href=\"http:\/\/jornalismo.ufsj.edu.br\/wp-content\/uploads\/2019\/05\/Podcast-5-cultural-editado.mp3\" class=\"powerpress_link_d\" title=\"Download\" rel=\"nofollow\" download=\"Podcast-5-cultural-editado.mp3\">Download<\/a><\/p>","protected":false},"excerpt":{"rendered":"<p>Por Multi Ag\u00eancia Ap\u00f3s uma pausa de dois anos, o 5\u00aa Cultural, projeto de extens\u00e3o do curso, foi retomado. A iniciativa de recuperar a proposta partiu de estudantes do jornalismo que investiram na ideia e decidiram trazer mais lazer e&#8230;<\/p>\n","protected":false},"author":3,"featured_media":0,"comment_status":"open","ping_status":"open","sticky":false,"template":"","format":"standard","meta":{"_monsterinsights_skip_tracking":false,"_monsterinsights_sitenote_active":false,"_monsterinsights_sitenote_note":"","_monsterinsights_sitenote_category":0},"categories":[43],"tags":[],"yoast_head":"<!-- This site is optimized with the Yoast SEO plugin v20.6 - https:\/\/yoast.com\/wordpress\/plugins\/seo\/ -->\n<title>5\u00aa Cultural retorna no CTan - Jornalismo UFSJ<\/title>\n<meta name=\"robots\" content=\"index, follow, max-snippet:-1, max-image-preview:large, max-video-preview:-1\" \/>\n<link rel=\"canonical\" href=\"http:\/\/jornalismo.ufsj.edu.br\/site\/jornalismoufsj\/5a-cultural-retorna-no-ctan\/\" \/>\n<meta property=\"og:locale\" content=\"pt_BR\" \/>\n<meta property=\"og:type\" content=\"article\" \/>\n<meta property=\"og:title\" content=\"5\u00aa Cultural retorna no CTan - Jornalismo UFSJ\" \/>\n<meta property=\"og:description\" content=\"Por Multi Ag\u00eancia Ap\u00f3s uma pausa de dois anos, o 5\u00aa Cultural, projeto de extens\u00e3o do curso, foi retomado. A iniciativa de recuperar a proposta partiu de estudantes do jornalismo que investiram na ideia e decidiram trazer mais lazer e...\" \/>\n<meta property=\"og:url\" content=\"http:\/\/jornalismo.ufsj.edu.br\/site\/jornalismoufsj\/5a-cultural-retorna-no-ctan\/\" \/>\n<meta property=\"og:site_name\" content=\"Jornalismo UFSJ\" \/>\n<meta property=\"article:publisher\" content=\"https:\/\/www.facebook.com\/jornalismoufsj\/\" \/>\n<meta property=\"article:published_time\" content=\"2019-05-31T19:11:19+00:00\" \/>\n<meta property=\"article:modified_time\" content=\"2019-05-31T19:21:45+00:00\" \/>\n<meta name=\"twitter:card\" content=\"summary_large_image\" \/>\n<meta name=\"twitter:creator\" content=\"@jornalismoufsj\" \/>\n<meta name=\"twitter:site\" content=\"@jornalismoufsj\" \/>\n<meta name=\"twitter:label1\" content=\"Escrito por\" \/>\n\t<meta name=\"twitter:data1\" content=\"\" \/>\n\t<meta name=\"twitter:label2\" content=\"Est. tempo de leitura\" \/>\n\t<meta name=\"twitter:data2\" content=\"1 minuto\" \/>\n<script type=\"application\/ld+json\" class=\"yoast-schema-graph\">{\"@context\":\"https:\/\/schema.org\",\"@graph\":[{\"@type\":\"WebPage\",\"@id\":\"http:\/\/jornalismo.ufsj.edu.br\/site\/jornalismoufsj\/5a-cultural-retorna-no-ctan\/\",\"url\":\"http:\/\/jornalismo.ufsj.edu.br\/site\/jornalismoufsj\/5a-cultural-retorna-no-ctan\/\",\"name\":\"5\u00aa Cultural retorna no CTan - Jornalismo UFSJ\",\"isPartOf\":{\"@id\":\"http:\/\/jornalismo.ufsj.edu.br\/site\/#website\"},\"datePublished\":\"2019-05-31T19:11:19+00:00\",\"dateModified\":\"2019-05-31T19:21:45+00:00\",\"author\":{\"@id\":\"\"},\"breadcrumb\":{\"@id\":\"http:\/\/jornalismo.ufsj.edu.br\/site\/jornalismoufsj\/5a-cultural-retorna-no-ctan\/#breadcrumb\"},\"inLanguage\":\"pt-BR\",\"potentialAction\":[{\"@type\":\"ReadAction\",\"target\":[\"http:\/\/jornalismo.ufsj.edu.br\/site\/jornalismoufsj\/5a-cultural-retorna-no-ctan\/\"]}]},{\"@type\":\"BreadcrumbList\",\"@id\":\"http:\/\/jornalismo.ufsj.edu.br\/site\/jornalismoufsj\/5a-cultural-retorna-no-ctan\/#breadcrumb\",\"itemListElement\":[{\"@type\":\"ListItem\",\"position\":1,\"name\":\"In\u00edcio\",\"item\":\"http:\/\/jornalismo.ufsj.edu.br\/site\/\"},{\"@type\":\"ListItem\",\"position\":2,\"name\":\"5\u00aa Cultural retorna no CTan\"}]},{\"@type\":\"WebSite\",\"@id\":\"http:\/\/jornalismo.ufsj.edu.br\/site\/#website\",\"url\":\"http:\/\/jornalismo.ufsj.edu.br\/site\/\",\"name\":\"Jornalismo UFSJ\",\"description\":\"\",\"potentialAction\":[{\"@type\":\"SearchAction\",\"target\":{\"@type\":\"EntryPoint\",\"urlTemplate\":\"http:\/\/jornalismo.ufsj.edu.br\/site\/?s={search_term_string}\"},\"query-input\":\"required name=search_term_string\"}],\"inLanguage\":\"pt-BR\"},{\"@type\":\"Person\",\"@id\":\"\"}]}<\/script>\n<!-- \/ Yoast SEO plugin. -->","yoast_head_json":{"title":"5\u00aa Cultural retorna no CTan - Jornalismo UFSJ","robots":{"index":"index","follow":"follow","max-snippet":"max-snippet:-1","max-image-preview":"max-image-preview:large","max-video-preview":"max-video-preview:-1"},"canonical":"http:\/\/jornalismo.ufsj.edu.br\/site\/jornalismoufsj\/5a-cultural-retorna-no-ctan\/","og_locale":"pt_BR","og_type":"article","og_title":"5\u00aa Cultural retorna no CTan - Jornalismo UFSJ","og_description":"Por Multi Ag\u00eancia Ap\u00f3s uma pausa de dois anos, o 5\u00aa Cultural, projeto de extens\u00e3o do curso, foi retomado. A iniciativa de recuperar a proposta partiu de estudantes do jornalismo que investiram na ideia e decidiram trazer mais lazer e...","og_url":"http:\/\/jornalismo.ufsj.edu.br\/site\/jornalismoufsj\/5a-cultural-retorna-no-ctan\/","og_site_name":"Jornalismo UFSJ","article_publisher":"https:\/\/www.facebook.com\/jornalismoufsj\/","article_published_time":"2019-05-31T19:11:19+00:00","article_modified_time":"2019-05-31T19:21:45+00:00","twitter_card":"summary_large_image","twitter_creator":"@jornalismoufsj","twitter_site":"@jornalismoufsj","twitter_misc":{"Escrito por":"","Est. tempo de leitura":"1 minuto"},"schema":{"@context":"https:\/\/schema.org","@graph":[{"@type":"WebPage","@id":"http:\/\/jornalismo.ufsj.edu.br\/site\/jornalismoufsj\/5a-cultural-retorna-no-ctan\/","url":"http:\/\/jornalismo.ufsj.edu.br\/site\/jornalismoufsj\/5a-cultural-retorna-no-ctan\/","name":"5\u00aa Cultural retorna no CTan - Jornalismo UFSJ","isPartOf":{"@id":"http:\/\/jornalismo.ufsj.edu.br\/site\/#website"},"datePublished":"2019-05-31T19:11:19+00:00","dateModified":"2019-05-31T19:21:45+00:00","author":{"@id":""},"breadcrumb":{"@id":"http:\/\/jornalismo.ufsj.edu.br\/site\/jornalismoufsj\/5a-cultural-retorna-no-ctan\/#breadcrumb"},"inLanguage":"pt-BR","potentialAction":[{"@type":"ReadAction","target":["http:\/\/jornalismo.ufsj.edu.br\/site\/jornalismoufsj\/5a-cultural-retorna-no-ctan\/"]}]},{"@type":"BreadcrumbList","@id":"http:\/\/jornalismo.ufsj.edu.br\/site\/jornalismoufsj\/5a-cultural-retorna-no-ctan\/#breadcrumb","itemListElement":[{"@type":"ListItem","position":1,"name":"In\u00edcio","item":"http:\/\/jornalismo.ufsj.edu.br\/site\/"},{"@type":"ListItem","position":2,"name":"5\u00aa Cultural retorna no CTan"}]},{"@type":"WebSite","@id":"http:\/\/jornalismo.ufsj.edu.br\/site\/#website","url":"http:\/\/jornalismo.ufsj.edu.br\/site\/","name":"Jornalismo UFSJ","description":"","potentialAction":[{"@type":"SearchAction","target":{"@type":"EntryPoint","urlTemplate":"http:\/\/jornalismo.ufsj.edu.br\/site\/?s={search_term_string}"},"query-input":"required name=search_term_string"}],"inLanguage":"pt-BR"},{"@type":"Person","@id":""}]}},"jetpack_featured_media_url":"","_links":{"self":[{"href":"http:\/\/jornalismo.ufsj.edu.br\/site\/wp-json\/wp\/v2\/posts\/6614"}],"collection":[{"href":"http:\/\/jornalismo.ufsj.edu.br\/site\/wp-json\/wp\/v2\/posts"}],"about":[{"href":"http:\/\/jornalismo.ufsj.edu.br\/site\/wp-json\/wp\/v2\/types\/post"}],"author":[{"embeddable":true,"href":"http:\/\/jornalismo.ufsj.edu.br\/site\/wp-json\/wp\/v2\/users\/3"}],"replies":[{"embeddable":true,"href":"http:\/\/jornalismo.ufsj.edu.br\/site\/wp-json\/wp\/v2\/comments?post=6614"}],"version-history":[{"count":3,"href":"http:\/\/jornalismo.ufsj.edu.br\/site\/wp-json\/wp\/v2\/posts\/6614\/revisions"}],"predecessor-version":[{"id":6620,"href":"http:\/\/jornalismo.ufsj.edu.br\/site\/wp-json\/wp\/v2\/posts\/6614\/revisions\/6620"}],"wp:attachment":[{"href":"http:\/\/jornalismo.ufsj.edu.br\/site\/wp-json\/wp\/v2\/media?parent=6614"}],"wp:term":[{"taxonomy":"category","embeddable":true,"href":"http:\/\/jornalismo.ufsj.edu.br\/site\/wp-json\/wp\/v2\/categories?post=6614"},{"taxonomy":"post_tag","embeddable":true,"href":"http:\/\/jornalismo.ufsj.edu.br\/site\/wp-json\/wp\/v2\/tags?post=6614"}],"curies":[{"name":"wp","href":"https:\/\/api.w.org\/{rel}","templated":true}]}}