{"id":6611,"date":"2019-05-27T14:45:59","date_gmt":"2019-05-27T17:45:59","guid":{"rendered":"http:\/\/jornalismo.ufsj.edu.br\/?p=6611"},"modified":"2019-05-27T14:46:45","modified_gmt":"2019-05-27T17:46:45","slug":"por-onde-anda-thayna-faria","status":"publish","type":"post","link":"http:\/\/jornalismo.ufsj.edu.br\/site\/jornalismoufsj\/por-onde-anda-thayna-faria\/","title":{"rendered":"Por onde anda Thayn\u00e1 Faria?"},"content":{"rendered":"\r\n<ul class=\"wp-container-2 wp-block-gallery-1 wp-block-gallery columns-1 is-cropped\"><li class=\"blocks-gallery-item\"><figure><img loading=\"lazy\" width=\"1080\" height=\"718\" src=\"http:\/\/jornalismo.ufsj.edu.br\/wp-content\/uploads\/2019\/05\/29717169_155933708435939_845908600814567424_n.jpg?fit=1024%2C681\" alt=\"\" data-id=\"6612\" data-link=\"http:\/\/jornalismo.ufsj.edu.br\/?attachment_id=6612\" class=\"wp-image-6612\" srcset=\"http:\/\/jornalismo.ufsj.edu.br\/site\/wp-content\/uploads\/2019\/05\/29717169_155933708435939_845908600814567424_n.jpg 1080w, http:\/\/jornalismo.ufsj.edu.br\/site\/wp-content\/uploads\/2019\/05\/29717169_155933708435939_845908600814567424_n-300x199.jpg 300w, http:\/\/jornalismo.ufsj.edu.br\/site\/wp-content\/uploads\/2019\/05\/29717169_155933708435939_845908600814567424_n-768x511.jpg 768w, http:\/\/jornalismo.ufsj.edu.br\/site\/wp-content\/uploads\/2019\/05\/29717169_155933708435939_845908600814567424_n-1024x681.jpg 1024w\" sizes=\"(max-width: 1080px) 100vw, 1080px\" \/><figcaption>Arquivo Pessoal. <strong>Reprodu\u00e7\u00e3o: <\/strong>Instagram<\/figcaption><\/figure><\/li><\/ul>\r\n\r\n\r\n\r\n<p>A Thayn\u00e1 Faria chegou de Resende &#8211; RJ no Jornalismo em 2009, ingressando na primeira turma do curso na UFSJ. A escolha do jornalismo foi por pura afinidade, pois ela sempre gostou muito de ler, escrever, estudar t\u00f3picos sobre cultura e fotografia.<br><\/p>\r\n\r\n\r\n\r\n<p>Nos 4 anos de curso, a vis\u00e3o de mundo da Thayn\u00e1 mudou completamente, uma vez que todo o conte\u00fado escolhido pelos professores do curso a ajudou em pensar criticamente sobre temas pontuais de sua vida e da sociedade. \u201cOs professores, que hoje considero meus amigos, s\u00e3o algumas das pessoas que mais admiro\u201d, diz ela.<br><\/p>\r\n\r\n\r\n\r\n<p>Ainda em seu percurso, Thayn\u00e1 teve d\u00favidas quanto a escolha do curso, como qualquer outro aluno do curso.<br><\/p>\r\n\r\n\r\n\r\n<p><em>\u201cLogo quando ingressamos houve a revoga\u00e7\u00e3o da obrigatoriedade do diploma e durante o curso a discuss\u00e3o tamb\u00e9m surgiu. A princ\u00edpio parecia determinante e \u00e9 realmente uma muito importante, mas percebi com o tempo que o que realmente importa (pra mim) \u00e9 a qualidade do nosso trabalho, nosso empenho em fazer da melhor maneira poss\u00edvel e nos comprometermos com as causas certas, que apoiam e podem de alguma forma dar voz (e nos fazer ouvir) \u00e0 quem n\u00e3o tem, principalmente\u201d, conta ela.<\/em><br><\/p>\r\n\r\n\r\n\r\n<p>Em seu \u00faltimo ano de curso, Thayn\u00e1 resolveu trabalhar na \u00e1rea e viu que isso n\u00e3o era para ela. Isso porque sua experi\u00eancia no mercado de trabalho foi, segundo suas palavras, \u201cde pouco reconhecimento e oportunidades\u201d. Dentre todos os trabalhos com pouca remunera\u00e7\u00e3o e incentivo com a desculpa de \u201cganhar experi\u00eancia\u201d, a levou a repensar seu caminho escolhido. Assim, ela decidiu seguir com outra ideia, \u201cn\u00e3o deu muito certo e com o tempo percebi que meu interesse sempre esteve ligado \u00e0 pesquisa.\u201d<br><\/p>\r\n\r\n\r\n\r\n<p>Em 2018, ela ingressou no PROMEL, Mestrado em Letras, Teoria Liter\u00e1ria e Cr\u00edtica da Cultura na UFSJ. Onde ela trabalha com literatura, fotografia, redes sociais e identidades da mulher, principalmente. Agora, ela pretende seguir sua carreira na academia. \u201cPretendo concluir o mestrado e seguir carreira, ingressar no doutorado, etc. Quero ser professora e trabalhar com pesquisa\u201d, conta Thayn\u00e1.<\/p>\r\n\r\n\r\n\r\n<p><strong>Texto: <\/strong>Clara Rosa<\/p>\r\n","protected":false},"excerpt":{"rendered":"<p>A Thayn\u00e1 Faria chegou de Resende &#8211; RJ no Jornalismo em 2009, ingressando na primeira turma do curso na UFSJ. A escolha do jornalismo foi por pura afinidade, pois ela sempre gostou muito de ler, escrever, estudar t\u00f3picos sobre cultura&#8230;<\/p>\n","protected":false},"author":3,"featured_media":0,"comment_status":"open","ping_status":"open","sticky":false,"template":"","format":"standard","meta":{"_monsterinsights_skip_tracking":false,"_monsterinsights_sitenote_active":false,"_monsterinsights_sitenote_note":"","_monsterinsights_sitenote_category":0},"categories":[43],"tags":[],"yoast_head":"<!-- This site is optimized with the Yoast SEO plugin v20.6 - https:\/\/yoast.com\/wordpress\/plugins\/seo\/ -->\n<title>Por onde anda Thayn\u00e1 Faria? - Jornalismo UFSJ<\/title>\n<meta name=\"robots\" content=\"index, follow, max-snippet:-1, max-image-preview:large, max-video-preview:-1\" \/>\n<link rel=\"canonical\" href=\"https:\/\/jornalismo.ufsj.edu.br\/site\/jornalismoufsj\/por-onde-anda-thayna-faria\/\" \/>\n<meta property=\"og:locale\" content=\"pt_BR\" \/>\n<meta property=\"og:type\" content=\"article\" \/>\n<meta property=\"og:title\" content=\"Por onde anda Thayn\u00e1 Faria? - Jornalismo UFSJ\" \/>\n<meta property=\"og:description\" content=\"A Thayn\u00e1 Faria chegou de Resende &#8211; RJ no Jornalismo em 2009, ingressando na primeira turma do curso na UFSJ. A escolha do jornalismo foi por pura afinidade, pois ela sempre gostou muito de ler, escrever, estudar t\u00f3picos sobre cultura...\" \/>\n<meta property=\"og:url\" content=\"https:\/\/jornalismo.ufsj.edu.br\/site\/jornalismoufsj\/por-onde-anda-thayna-faria\/\" \/>\n<meta property=\"og:site_name\" content=\"Jornalismo UFSJ\" \/>\n<meta property=\"article:publisher\" content=\"https:\/\/www.facebook.com\/jornalismoufsj\/\" \/>\n<meta property=\"article:published_time\" content=\"2019-05-27T17:45:59+00:00\" \/>\n<meta property=\"article:modified_time\" content=\"2019-05-27T17:46:45+00:00\" \/>\n<meta property=\"og:image\" content=\"http:\/\/jornalismo.ufsj.edu.br\/wp-content\/uploads\/2019\/05\/29717169_155933708435939_845908600814567424_n.jpg?fit=1024%2C681\" \/>\n<meta name=\"twitter:card\" content=\"summary_large_image\" \/>\n<meta name=\"twitter:creator\" content=\"@jornalismoufsj\" \/>\n<meta name=\"twitter:site\" content=\"@jornalismoufsj\" \/>\n<meta name=\"twitter:label1\" content=\"Escrito por\" \/>\n\t<meta name=\"twitter:data1\" content=\"\" \/>\n\t<meta name=\"twitter:label2\" content=\"Est. tempo de leitura\" \/>\n\t<meta name=\"twitter:data2\" content=\"2 minutos\" \/>\n<script type=\"application\/ld+json\" class=\"yoast-schema-graph\">{\"@context\":\"https:\/\/schema.org\",\"@graph\":[{\"@type\":\"WebPage\",\"@id\":\"https:\/\/jornalismo.ufsj.edu.br\/site\/jornalismoufsj\/por-onde-anda-thayna-faria\/\",\"url\":\"https:\/\/jornalismo.ufsj.edu.br\/site\/jornalismoufsj\/por-onde-anda-thayna-faria\/\",\"name\":\"Por onde anda Thayn\u00e1 Faria? - Jornalismo UFSJ\",\"isPartOf\":{\"@id\":\"http:\/\/jornalismo.ufsj.edu.br\/site\/#website\"},\"datePublished\":\"2019-05-27T17:45:59+00:00\",\"dateModified\":\"2019-05-27T17:46:45+00:00\",\"author\":{\"@id\":\"\"},\"breadcrumb\":{\"@id\":\"https:\/\/jornalismo.ufsj.edu.br\/site\/jornalismoufsj\/por-onde-anda-thayna-faria\/#breadcrumb\"},\"inLanguage\":\"pt-BR\",\"potentialAction\":[{\"@type\":\"ReadAction\",\"target\":[\"https:\/\/jornalismo.ufsj.edu.br\/site\/jornalismoufsj\/por-onde-anda-thayna-faria\/\"]}]},{\"@type\":\"BreadcrumbList\",\"@id\":\"https:\/\/jornalismo.ufsj.edu.br\/site\/jornalismoufsj\/por-onde-anda-thayna-faria\/#breadcrumb\",\"itemListElement\":[{\"@type\":\"ListItem\",\"position\":1,\"name\":\"In\u00edcio\",\"item\":\"http:\/\/jornalismo.ufsj.edu.br\/site\/\"},{\"@type\":\"ListItem\",\"position\":2,\"name\":\"Por onde anda Thayn\u00e1 Faria?\"}]},{\"@type\":\"WebSite\",\"@id\":\"http:\/\/jornalismo.ufsj.edu.br\/site\/#website\",\"url\":\"http:\/\/jornalismo.ufsj.edu.br\/site\/\",\"name\":\"Jornalismo UFSJ\",\"description\":\"\",\"potentialAction\":[{\"@type\":\"SearchAction\",\"target\":{\"@type\":\"EntryPoint\",\"urlTemplate\":\"http:\/\/jornalismo.ufsj.edu.br\/site\/?s={search_term_string}\"},\"query-input\":\"required name=search_term_string\"}],\"inLanguage\":\"pt-BR\"},{\"@type\":\"Person\",\"@id\":\"\"}]}<\/script>\n<!-- \/ Yoast SEO plugin. -->","yoast_head_json":{"title":"Por onde anda Thayn\u00e1 Faria? - Jornalismo UFSJ","robots":{"index":"index","follow":"follow","max-snippet":"max-snippet:-1","max-image-preview":"max-image-preview:large","max-video-preview":"max-video-preview:-1"},"canonical":"https:\/\/jornalismo.ufsj.edu.br\/site\/jornalismoufsj\/por-onde-anda-thayna-faria\/","og_locale":"pt_BR","og_type":"article","og_title":"Por onde anda Thayn\u00e1 Faria? - Jornalismo UFSJ","og_description":"A Thayn\u00e1 Faria chegou de Resende &#8211; RJ no Jornalismo em 2009, ingressando na primeira turma do curso na UFSJ. A escolha do jornalismo foi por pura afinidade, pois ela sempre gostou muito de ler, escrever, estudar t\u00f3picos sobre cultura...","og_url":"https:\/\/jornalismo.ufsj.edu.br\/site\/jornalismoufsj\/por-onde-anda-thayna-faria\/","og_site_name":"Jornalismo UFSJ","article_publisher":"https:\/\/www.facebook.com\/jornalismoufsj\/","article_published_time":"2019-05-27T17:45:59+00:00","article_modified_time":"2019-05-27T17:46:45+00:00","og_image":[{"url":"http:\/\/jornalismo.ufsj.edu.br\/wp-content\/uploads\/2019\/05\/29717169_155933708435939_845908600814567424_n.jpg?fit=1024%2C681"}],"twitter_card":"summary_large_image","twitter_creator":"@jornalismoufsj","twitter_site":"@jornalismoufsj","twitter_misc":{"Escrito por":"","Est. tempo de leitura":"2 minutos"},"schema":{"@context":"https:\/\/schema.org","@graph":[{"@type":"WebPage","@id":"https:\/\/jornalismo.ufsj.edu.br\/site\/jornalismoufsj\/por-onde-anda-thayna-faria\/","url":"https:\/\/jornalismo.ufsj.edu.br\/site\/jornalismoufsj\/por-onde-anda-thayna-faria\/","name":"Por onde anda Thayn\u00e1 Faria? - Jornalismo UFSJ","isPartOf":{"@id":"http:\/\/jornalismo.ufsj.edu.br\/site\/#website"},"datePublished":"2019-05-27T17:45:59+00:00","dateModified":"2019-05-27T17:46:45+00:00","author":{"@id":""},"breadcrumb":{"@id":"https:\/\/jornalismo.ufsj.edu.br\/site\/jornalismoufsj\/por-onde-anda-thayna-faria\/#breadcrumb"},"inLanguage":"pt-BR","potentialAction":[{"@type":"ReadAction","target":["https:\/\/jornalismo.ufsj.edu.br\/site\/jornalismoufsj\/por-onde-anda-thayna-faria\/"]}]},{"@type":"BreadcrumbList","@id":"https:\/\/jornalismo.ufsj.edu.br\/site\/jornalismoufsj\/por-onde-anda-thayna-faria\/#breadcrumb","itemListElement":[{"@type":"ListItem","position":1,"name":"In\u00edcio","item":"http:\/\/jornalismo.ufsj.edu.br\/site\/"},{"@type":"ListItem","position":2,"name":"Por onde anda Thayn\u00e1 Faria?"}]},{"@type":"WebSite","@id":"http:\/\/jornalismo.ufsj.edu.br\/site\/#website","url":"http:\/\/jornalismo.ufsj.edu.br\/site\/","name":"Jornalismo UFSJ","description":"","potentialAction":[{"@type":"SearchAction","target":{"@type":"EntryPoint","urlTemplate":"http:\/\/jornalismo.ufsj.edu.br\/site\/?s={search_term_string}"},"query-input":"required name=search_term_string"}],"inLanguage":"pt-BR"},{"@type":"Person","@id":""}]}},"jetpack_featured_media_url":"","_links":{"self":[{"href":"http:\/\/jornalismo.ufsj.edu.br\/site\/wp-json\/wp\/v2\/posts\/6611"}],"collection":[{"href":"http:\/\/jornalismo.ufsj.edu.br\/site\/wp-json\/wp\/v2\/posts"}],"about":[{"href":"http:\/\/jornalismo.ufsj.edu.br\/site\/wp-json\/wp\/v2\/types\/post"}],"author":[{"embeddable":true,"href":"http:\/\/jornalismo.ufsj.edu.br\/site\/wp-json\/wp\/v2\/users\/3"}],"replies":[{"embeddable":true,"href":"http:\/\/jornalismo.ufsj.edu.br\/site\/wp-json\/wp\/v2\/comments?post=6611"}],"version-history":[{"count":1,"href":"http:\/\/jornalismo.ufsj.edu.br\/site\/wp-json\/wp\/v2\/posts\/6611\/revisions"}],"predecessor-version":[{"id":6613,"href":"http:\/\/jornalismo.ufsj.edu.br\/site\/wp-json\/wp\/v2\/posts\/6611\/revisions\/6613"}],"wp:attachment":[{"href":"http:\/\/jornalismo.ufsj.edu.br\/site\/wp-json\/wp\/v2\/media?parent=6611"}],"wp:term":[{"taxonomy":"category","embeddable":true,"href":"http:\/\/jornalismo.ufsj.edu.br\/site\/wp-json\/wp\/v2\/categories?post=6611"},{"taxonomy":"post_tag","embeddable":true,"href":"http:\/\/jornalismo.ufsj.edu.br\/site\/wp-json\/wp\/v2\/tags?post=6611"}],"curies":[{"name":"wp","href":"https:\/\/api.w.org\/{rel}","templated":true}]}}