{"id":6601,"date":"2019-05-24T09:00:56","date_gmt":"2019-05-24T12:00:56","guid":{"rendered":"http:\/\/jornalismo.ufsj.edu.br\/?p=6601"},"modified":"2019-05-24T14:06:00","modified_gmt":"2019-05-24T17:06:00","slug":"voce-sabe-como-acontece-o-ciclo-de-debates","status":"publish","type":"post","link":"http:\/\/jornalismo.ufsj.edu.br\/site\/jornalismoufsj\/voce-sabe-como-acontece-o-ciclo-de-debates\/","title":{"rendered":"Voc\u00ea sabe como acontece o Ciclo de Debates?"},"content":{"rendered":"\n<figure class=\"wp-block-image\"><img loading=\"lazy\" width=\"633\" height=\"187\" src=\"http:\/\/jornalismo.ufsj.edu.br\/wp-content\/uploads\/2019\/05\/60592456_2139514759464318_3248598557002825728_n.jpg\" alt=\"\" class=\"wp-image-6602\" srcset=\"http:\/\/jornalismo.ufsj.edu.br\/site\/wp-content\/uploads\/2019\/05\/60592456_2139514759464318_3248598557002825728_n.jpg 633w, http:\/\/jornalismo.ufsj.edu.br\/site\/wp-content\/uploads\/2019\/05\/60592456_2139514759464318_3248598557002825728_n-300x89.jpg 300w\" sizes=\"(max-width: 633px) 100vw, 633px\" \/><figcaption>Divulga\u00e7\u00e3o da 8\u00aa Edi\u00e7\u00e3o. <strong>Reprodu\u00e7\u00e3o:<\/strong> Facebook<\/figcaption><\/figure>\n\n\n\n<p>Todos os anos, a turma da disciplina de Hist\u00f3ria do Jornalismo, ministrada pela professora Filomena Bomfim promove uma edi\u00e7\u00e3o do Ciclo de Debates. O objetivo do evento \u00e9 promover o conhecimento da trajet\u00f3ria do jornalismo e seus protagonistas no Campo das Vertentes, ampliando tamb\u00e9m o conhecimento a respeito da cultura regional que nos envolve.<br><\/p>\n\n\n\n<p>O evento est\u00e1 na sua 8\u00aa edi\u00e7\u00e3o e, como de costume, a professora Filomena coordena e administra a divis\u00e3o de trabalhos da turma. Neste ano, os alunos foram divididos em grupos de 10 a 14 integrantes, que por sua vez, foram designados para cuidar das demandas de divulga\u00e7\u00e3o, apoio ao palestrante, mini curr\u00edculo e cerimonial.<br><\/p>\n\n\n\n<p>O grupo da Larissa Lima, do 1\u00ba per\u00edodo, ficou respons\u00e1vel pelo segundo dia de evento (dia 17). No dia em quest\u00e3o, o tema da mesa redonda foi \u201cHist\u00f3ria dos Jornais Regionais\u201d.<\/p>\n\n\n\n<p><em>\u201cTrabalhamos muito duro para o dia que ficamos respons\u00e1veis e tivemos alguns problemas com as demandas da Filomena, mas no final ocorreu tudo bem\u201d, conta ela.<\/em><br><\/p>\n\n\n\n<p>Para Larissa, a experi\u00eancia est\u00e1 sendo \u00f3tima e esclarecedora. Ela espera que nos \u00faltimos dias de debate as discuss\u00f5es sejam intensificadas e ampliadas dentro dos temas abordados. <br><\/p>\n\n\n\n<p>Lembrando que no dia 23, quinta-feira, a mesa redonda foi sobre a \u201cHist\u00f3ria das R\u00e1dios no Campo das Vertentes\u201d. E hoje, dia 24, sexta-feira, a mesa redonda ser\u00e1 sobre o \u201cJornalismo Audiovisual no Contexto Regional\u201d, \u00e0s 19h. Todos os debates acontecem no Anfiteatro da Biblioteca do CTan. <br><br>N\u00e3o perca!<\/p>\n\n\n\n<p><strong>Texto:<\/strong> Clara Rosa<br><\/p>\n","protected":false},"excerpt":{"rendered":"<p>Todos os anos, a turma da disciplina de Hist\u00f3ria do Jornalismo, ministrada pela professora Filomena Bomfim promove uma edi\u00e7\u00e3o do Ciclo de Debates. O objetivo do evento \u00e9 promover o conhecimento da trajet\u00f3ria do jornalismo e seus protagonistas no Campo&#8230;<\/p>\n","protected":false},"author":3,"featured_media":0,"comment_status":"open","ping_status":"open","sticky":false,"template":"","format":"standard","meta":{"_monsterinsights_skip_tracking":false,"_monsterinsights_sitenote_active":false,"_monsterinsights_sitenote_note":"","_monsterinsights_sitenote_category":0},"categories":[43],"tags":[],"yoast_head":"<!-- This site is optimized with the Yoast SEO plugin v20.6 - https:\/\/yoast.com\/wordpress\/plugins\/seo\/ -->\n<title>Voc\u00ea sabe como acontece o Ciclo de Debates? - Jornalismo UFSJ<\/title>\n<meta name=\"robots\" content=\"index, follow, max-snippet:-1, max-image-preview:large, max-video-preview:-1\" \/>\n<link rel=\"canonical\" href=\"http:\/\/jornalismo.ufsj.edu.br\/site\/jornalismoufsj\/voce-sabe-como-acontece-o-ciclo-de-debates\/\" \/>\n<meta property=\"og:locale\" content=\"pt_BR\" \/>\n<meta property=\"og:type\" content=\"article\" \/>\n<meta property=\"og:title\" content=\"Voc\u00ea sabe como acontece o Ciclo de Debates? - Jornalismo UFSJ\" \/>\n<meta property=\"og:description\" content=\"Todos os anos, a turma da disciplina de Hist\u00f3ria do Jornalismo, ministrada pela professora Filomena Bomfim promove uma edi\u00e7\u00e3o do Ciclo de Debates. O objetivo do evento \u00e9 promover o conhecimento da trajet\u00f3ria do jornalismo e seus protagonistas no Campo...\" \/>\n<meta property=\"og:url\" content=\"http:\/\/jornalismo.ufsj.edu.br\/site\/jornalismoufsj\/voce-sabe-como-acontece-o-ciclo-de-debates\/\" \/>\n<meta property=\"og:site_name\" content=\"Jornalismo UFSJ\" \/>\n<meta property=\"article:publisher\" content=\"https:\/\/www.facebook.com\/jornalismoufsj\/\" \/>\n<meta property=\"article:published_time\" content=\"2019-05-24T12:00:56+00:00\" \/>\n<meta property=\"article:modified_time\" content=\"2019-05-24T17:06:00+00:00\" \/>\n<meta property=\"og:image\" content=\"http:\/\/jornalismo.ufsj.edu.br\/wp-content\/uploads\/2019\/05\/60592456_2139514759464318_3248598557002825728_n.jpg\" \/>\n<meta name=\"twitter:card\" content=\"summary_large_image\" \/>\n<meta name=\"twitter:creator\" content=\"@jornalismoufsj\" \/>\n<meta name=\"twitter:site\" content=\"@jornalismoufsj\" \/>\n<meta name=\"twitter:label1\" content=\"Escrito por\" \/>\n\t<meta name=\"twitter:data1\" content=\"\" \/>\n\t<meta name=\"twitter:label2\" content=\"Est. tempo de leitura\" \/>\n\t<meta name=\"twitter:data2\" content=\"1 minuto\" \/>\n<script type=\"application\/ld+json\" class=\"yoast-schema-graph\">{\"@context\":\"https:\/\/schema.org\",\"@graph\":[{\"@type\":\"WebPage\",\"@id\":\"http:\/\/jornalismo.ufsj.edu.br\/site\/jornalismoufsj\/voce-sabe-como-acontece-o-ciclo-de-debates\/\",\"url\":\"http:\/\/jornalismo.ufsj.edu.br\/site\/jornalismoufsj\/voce-sabe-como-acontece-o-ciclo-de-debates\/\",\"name\":\"Voc\u00ea sabe como acontece o Ciclo de Debates? - Jornalismo UFSJ\",\"isPartOf\":{\"@id\":\"http:\/\/jornalismo.ufsj.edu.br\/site\/#website\"},\"datePublished\":\"2019-05-24T12:00:56+00:00\",\"dateModified\":\"2019-05-24T17:06:00+00:00\",\"author\":{\"@id\":\"\"},\"breadcrumb\":{\"@id\":\"http:\/\/jornalismo.ufsj.edu.br\/site\/jornalismoufsj\/voce-sabe-como-acontece-o-ciclo-de-debates\/#breadcrumb\"},\"inLanguage\":\"pt-BR\",\"potentialAction\":[{\"@type\":\"ReadAction\",\"target\":[\"http:\/\/jornalismo.ufsj.edu.br\/site\/jornalismoufsj\/voce-sabe-como-acontece-o-ciclo-de-debates\/\"]}]},{\"@type\":\"BreadcrumbList\",\"@id\":\"http:\/\/jornalismo.ufsj.edu.br\/site\/jornalismoufsj\/voce-sabe-como-acontece-o-ciclo-de-debates\/#breadcrumb\",\"itemListElement\":[{\"@type\":\"ListItem\",\"position\":1,\"name\":\"In\u00edcio\",\"item\":\"http:\/\/jornalismo.ufsj.edu.br\/site\/\"},{\"@type\":\"ListItem\",\"position\":2,\"name\":\"Voc\u00ea sabe como acontece o Ciclo de Debates?\"}]},{\"@type\":\"WebSite\",\"@id\":\"http:\/\/jornalismo.ufsj.edu.br\/site\/#website\",\"url\":\"http:\/\/jornalismo.ufsj.edu.br\/site\/\",\"name\":\"Jornalismo UFSJ\",\"description\":\"\",\"potentialAction\":[{\"@type\":\"SearchAction\",\"target\":{\"@type\":\"EntryPoint\",\"urlTemplate\":\"http:\/\/jornalismo.ufsj.edu.br\/site\/?s={search_term_string}\"},\"query-input\":\"required name=search_term_string\"}],\"inLanguage\":\"pt-BR\"},{\"@type\":\"Person\",\"@id\":\"\"}]}<\/script>\n<!-- \/ Yoast SEO plugin. -->","yoast_head_json":{"title":"Voc\u00ea sabe como acontece o Ciclo de Debates? - Jornalismo UFSJ","robots":{"index":"index","follow":"follow","max-snippet":"max-snippet:-1","max-image-preview":"max-image-preview:large","max-video-preview":"max-video-preview:-1"},"canonical":"http:\/\/jornalismo.ufsj.edu.br\/site\/jornalismoufsj\/voce-sabe-como-acontece-o-ciclo-de-debates\/","og_locale":"pt_BR","og_type":"article","og_title":"Voc\u00ea sabe como acontece o Ciclo de Debates? - Jornalismo UFSJ","og_description":"Todos os anos, a turma da disciplina de Hist\u00f3ria do Jornalismo, ministrada pela professora Filomena Bomfim promove uma edi\u00e7\u00e3o do Ciclo de Debates. O objetivo do evento \u00e9 promover o conhecimento da trajet\u00f3ria do jornalismo e seus protagonistas no Campo...","og_url":"http:\/\/jornalismo.ufsj.edu.br\/site\/jornalismoufsj\/voce-sabe-como-acontece-o-ciclo-de-debates\/","og_site_name":"Jornalismo UFSJ","article_publisher":"https:\/\/www.facebook.com\/jornalismoufsj\/","article_published_time":"2019-05-24T12:00:56+00:00","article_modified_time":"2019-05-24T17:06:00+00:00","og_image":[{"url":"http:\/\/jornalismo.ufsj.edu.br\/wp-content\/uploads\/2019\/05\/60592456_2139514759464318_3248598557002825728_n.jpg"}],"twitter_card":"summary_large_image","twitter_creator":"@jornalismoufsj","twitter_site":"@jornalismoufsj","twitter_misc":{"Escrito por":"","Est. tempo de leitura":"1 minuto"},"schema":{"@context":"https:\/\/schema.org","@graph":[{"@type":"WebPage","@id":"http:\/\/jornalismo.ufsj.edu.br\/site\/jornalismoufsj\/voce-sabe-como-acontece-o-ciclo-de-debates\/","url":"http:\/\/jornalismo.ufsj.edu.br\/site\/jornalismoufsj\/voce-sabe-como-acontece-o-ciclo-de-debates\/","name":"Voc\u00ea sabe como acontece o Ciclo de Debates? - Jornalismo UFSJ","isPartOf":{"@id":"http:\/\/jornalismo.ufsj.edu.br\/site\/#website"},"datePublished":"2019-05-24T12:00:56+00:00","dateModified":"2019-05-24T17:06:00+00:00","author":{"@id":""},"breadcrumb":{"@id":"http:\/\/jornalismo.ufsj.edu.br\/site\/jornalismoufsj\/voce-sabe-como-acontece-o-ciclo-de-debates\/#breadcrumb"},"inLanguage":"pt-BR","potentialAction":[{"@type":"ReadAction","target":["http:\/\/jornalismo.ufsj.edu.br\/site\/jornalismoufsj\/voce-sabe-como-acontece-o-ciclo-de-debates\/"]}]},{"@type":"BreadcrumbList","@id":"http:\/\/jornalismo.ufsj.edu.br\/site\/jornalismoufsj\/voce-sabe-como-acontece-o-ciclo-de-debates\/#breadcrumb","itemListElement":[{"@type":"ListItem","position":1,"name":"In\u00edcio","item":"http:\/\/jornalismo.ufsj.edu.br\/site\/"},{"@type":"ListItem","position":2,"name":"Voc\u00ea sabe como acontece o Ciclo de Debates?"}]},{"@type":"WebSite","@id":"http:\/\/jornalismo.ufsj.edu.br\/site\/#website","url":"http:\/\/jornalismo.ufsj.edu.br\/site\/","name":"Jornalismo UFSJ","description":"","potentialAction":[{"@type":"SearchAction","target":{"@type":"EntryPoint","urlTemplate":"http:\/\/jornalismo.ufsj.edu.br\/site\/?s={search_term_string}"},"query-input":"required name=search_term_string"}],"inLanguage":"pt-BR"},{"@type":"Person","@id":""}]}},"jetpack_featured_media_url":"","_links":{"self":[{"href":"http:\/\/jornalismo.ufsj.edu.br\/site\/wp-json\/wp\/v2\/posts\/6601"}],"collection":[{"href":"http:\/\/jornalismo.ufsj.edu.br\/site\/wp-json\/wp\/v2\/posts"}],"about":[{"href":"http:\/\/jornalismo.ufsj.edu.br\/site\/wp-json\/wp\/v2\/types\/post"}],"author":[{"embeddable":true,"href":"http:\/\/jornalismo.ufsj.edu.br\/site\/wp-json\/wp\/v2\/users\/3"}],"replies":[{"embeddable":true,"href":"http:\/\/jornalismo.ufsj.edu.br\/site\/wp-json\/wp\/v2\/comments?post=6601"}],"version-history":[{"count":5,"href":"http:\/\/jornalismo.ufsj.edu.br\/site\/wp-json\/wp\/v2\/posts\/6601\/revisions"}],"predecessor-version":[{"id":6610,"href":"http:\/\/jornalismo.ufsj.edu.br\/site\/wp-json\/wp\/v2\/posts\/6601\/revisions\/6610"}],"wp:attachment":[{"href":"http:\/\/jornalismo.ufsj.edu.br\/site\/wp-json\/wp\/v2\/media?parent=6601"}],"wp:term":[{"taxonomy":"category","embeddable":true,"href":"http:\/\/jornalismo.ufsj.edu.br\/site\/wp-json\/wp\/v2\/categories?post=6601"},{"taxonomy":"post_tag","embeddable":true,"href":"http:\/\/jornalismo.ufsj.edu.br\/site\/wp-json\/wp\/v2\/tags?post=6601"}],"curies":[{"name":"wp","href":"https:\/\/api.w.org\/{rel}","templated":true}]}}