{"id":6574,"date":"2019-05-15T12:00:57","date_gmt":"2019-05-15T15:00:57","guid":{"rendered":"http:\/\/jornalismo.ufsj.edu.br\/?p=6574"},"modified":"2019-05-15T11:50:55","modified_gmt":"2019-05-15T14:50:55","slug":"livia-gallo-lanca-livro-de-poesias","status":"publish","type":"post","link":"http:\/\/jornalismo.ufsj.edu.br\/site\/jornalismoufsj\/livia-gallo-lanca-livro-de-poesias\/","title":{"rendered":"L\u00edvia Gallo lan\u00e7a livro de poesias"},"content":{"rendered":"\n<p><em>Obra foi escrita em dois anos e o lan\u00e7amento ocorreu no \u00faltimo dia 3.<\/em><br><\/p>\n\n\n\n<figure class=\"wp-block-image\"><img loading=\"lazy\" width=\"960\" height=\"960\" src=\"http:\/\/jornalismo.ufsj.edu.br\/wp-content\/uploads\/2019\/05\/livro-livia.jpg\" alt=\"\" class=\"wp-image-6575\" srcset=\"http:\/\/jornalismo.ufsj.edu.br\/site\/wp-content\/uploads\/2019\/05\/livro-livia.jpg 960w, http:\/\/jornalismo.ufsj.edu.br\/site\/wp-content\/uploads\/2019\/05\/livro-livia-150x150.jpg 150w, http:\/\/jornalismo.ufsj.edu.br\/site\/wp-content\/uploads\/2019\/05\/livro-livia-300x300.jpg 300w, http:\/\/jornalismo.ufsj.edu.br\/site\/wp-content\/uploads\/2019\/05\/livro-livia-768x768.jpg 768w\" sizes=\"(max-width: 960px) 100vw, 960px\" \/><figcaption>&#8220;Antes do outro, um&#8221; foi publicado pela editora Chiado Books. Foto: Rafaella Vieira<\/figcaption><\/figure>\n\n\n\n<p>\u201cCreio que a vida apenas vai apontando caminhos, e eu fui seguindo as dire\u00e7\u00f5es\u201d. &nbsp;<\/p>\n\n\n\n<p>Essa foi a resposta de L\u00edvia quando perguntada se ser escritora j\u00e1 estava nos seus planos antes de cursar jornalismo. Para a aluna, a produ\u00e7\u00e3o do livro \u201cAntes do outro, um\u201d aconteceu de maneira natural. <br><\/p>\n\n\n\n<p>L\u00edvia sempre gostou de escrever e acredita que todas as disciplinas do curso contribu\u00edram para sua escrita. E foi ao longo do curso, mais precisamente em 2017, durante um interc\u00e2mbio na Col\u00f4mbia, que surgiram as primeiras poesias. Para ela, escrever era \u201cuma forma de falar honestamente com o mundo\u201d, e, depois de dois anos, o livro estava pronto.<br><\/p>\n\n\n\n<p>O livro foi lan\u00e7ado pela editora Chiado Books. O evento de lan\u00e7amento ocorreu no dia 3 de maio, no Centro Cultural UFSJ, que fica no Centro Hist\u00f3rico de S\u00e3o Jo\u00e3o del-Rei. A localiza\u00e7\u00e3o foi um dos fatores determinantes para a escolha do local. De acordo com a autora, tanto a facilidade de acesso do p\u00fablico, quanto a tradi\u00e7\u00e3o em receber eventos desse tipo, despertaram nela a vontade de realizar ali o lan\u00e7amento.<\/p>\n\n\n\n<figure class=\"wp-block-image\"><img loading=\"lazy\" width=\"960\" height=\"960\" src=\"http:\/\/jornalismo.ufsj.edu.br\/wp-content\/uploads\/2019\/05\/lan\u00e7amento-livia-3.jpg\" alt=\"\" class=\"wp-image-6582\" srcset=\"http:\/\/jornalismo.ufsj.edu.br\/site\/wp-content\/uploads\/2019\/05\/lan\u00e7amento-livia-3.jpg 960w, http:\/\/jornalismo.ufsj.edu.br\/site\/wp-content\/uploads\/2019\/05\/lan\u00e7amento-livia-3-150x150.jpg 150w, http:\/\/jornalismo.ufsj.edu.br\/site\/wp-content\/uploads\/2019\/05\/lan\u00e7amento-livia-3-300x300.jpg 300w, http:\/\/jornalismo.ufsj.edu.br\/site\/wp-content\/uploads\/2019\/05\/lan\u00e7amento-livia-3-768x768.jpg 768w\" sizes=\"(max-width: 960px) 100vw, 960px\" \/><\/figure>\n\n\n\n<p>\u201cAntes do outro, um\u201d pode ser comprado online, atrav\u00e9s do site da editora <a href=\"http:\/\/(https:\/\/www.chiadobooks.com\/livraria\/antes-do-outro-um\">Chiado Books<\/a>. Tamb\u00e9m \u00e9 poss\u00edvel adquirir a obra entrando em contato com L\u00edvia atrav\u00e9s do seu <a href=\"https:\/\/www.facebook.com\/livia.gallo.58\">perfil<\/a> no Facebook ou na sua <a href=\"http:\/\/ https:\/\/www.instagram.com\/versariarse\/\">p\u00e1gina<\/a> de poesias no Instagram. <br><\/p>\n","protected":false},"excerpt":{"rendered":"<p>Obra foi escrita em dois anos e o lan\u00e7amento ocorreu no \u00faltimo dia 3. \u201cCreio que a vida apenas vai apontando caminhos, e eu fui seguindo as dire\u00e7\u00f5es\u201d. &nbsp; Essa foi a resposta de L\u00edvia quando perguntada se ser escritora&#8230;<\/p>\n","protected":false},"author":3,"featured_media":0,"comment_status":"open","ping_status":"open","sticky":false,"template":"","format":"standard","meta":{"_monsterinsights_skip_tracking":false,"_monsterinsights_sitenote_active":false,"_monsterinsights_sitenote_note":"","_monsterinsights_sitenote_category":0},"categories":[43],"tags":[],"yoast_head":"<!-- This site is optimized with the Yoast SEO plugin v20.6 - https:\/\/yoast.com\/wordpress\/plugins\/seo\/ -->\n<title>L\u00edvia Gallo lan\u00e7a livro de poesias - Jornalismo UFSJ<\/title>\n<meta name=\"robots\" content=\"index, follow, max-snippet:-1, max-image-preview:large, max-video-preview:-1\" \/>\n<link rel=\"canonical\" href=\"http:\/\/jornalismo.ufsj.edu.br\/site\/jornalismoufsj\/livia-gallo-lanca-livro-de-poesias\/\" \/>\n<meta property=\"og:locale\" content=\"pt_BR\" \/>\n<meta property=\"og:type\" content=\"article\" \/>\n<meta property=\"og:title\" content=\"L\u00edvia Gallo lan\u00e7a livro de poesias - Jornalismo UFSJ\" \/>\n<meta property=\"og:description\" content=\"Obra foi escrita em dois anos e o lan\u00e7amento ocorreu no \u00faltimo dia 3. \u201cCreio que a vida apenas vai apontando caminhos, e eu fui seguindo as dire\u00e7\u00f5es\u201d. &nbsp; Essa foi a resposta de L\u00edvia quando perguntada se ser escritora...\" \/>\n<meta property=\"og:url\" content=\"http:\/\/jornalismo.ufsj.edu.br\/site\/jornalismoufsj\/livia-gallo-lanca-livro-de-poesias\/\" \/>\n<meta property=\"og:site_name\" content=\"Jornalismo UFSJ\" \/>\n<meta property=\"article:publisher\" content=\"https:\/\/www.facebook.com\/jornalismoufsj\/\" \/>\n<meta property=\"article:published_time\" content=\"2019-05-15T15:00:57+00:00\" \/>\n<meta property=\"article:modified_time\" content=\"2019-05-15T14:50:55+00:00\" \/>\n<meta property=\"og:image\" content=\"http:\/\/jornalismo.ufsj.edu.br\/wp-content\/uploads\/2019\/05\/livro-livia.jpg\" \/>\n<meta name=\"twitter:card\" content=\"summary_large_image\" \/>\n<meta name=\"twitter:creator\" content=\"@jornalismoufsj\" \/>\n<meta name=\"twitter:site\" content=\"@jornalismoufsj\" \/>\n<meta name=\"twitter:label1\" content=\"Escrito por\" \/>\n\t<meta name=\"twitter:data1\" content=\"\" \/>\n\t<meta name=\"twitter:label2\" content=\"Est. tempo de leitura\" \/>\n\t<meta name=\"twitter:data2\" content=\"1 minuto\" \/>\n<script type=\"application\/ld+json\" class=\"yoast-schema-graph\">{\"@context\":\"https:\/\/schema.org\",\"@graph\":[{\"@type\":\"WebPage\",\"@id\":\"http:\/\/jornalismo.ufsj.edu.br\/site\/jornalismoufsj\/livia-gallo-lanca-livro-de-poesias\/\",\"url\":\"http:\/\/jornalismo.ufsj.edu.br\/site\/jornalismoufsj\/livia-gallo-lanca-livro-de-poesias\/\",\"name\":\"L\u00edvia Gallo lan\u00e7a livro de poesias - Jornalismo UFSJ\",\"isPartOf\":{\"@id\":\"http:\/\/jornalismo.ufsj.edu.br\/site\/#website\"},\"datePublished\":\"2019-05-15T15:00:57+00:00\",\"dateModified\":\"2019-05-15T14:50:55+00:00\",\"author\":{\"@id\":\"\"},\"breadcrumb\":{\"@id\":\"http:\/\/jornalismo.ufsj.edu.br\/site\/jornalismoufsj\/livia-gallo-lanca-livro-de-poesias\/#breadcrumb\"},\"inLanguage\":\"pt-BR\",\"potentialAction\":[{\"@type\":\"ReadAction\",\"target\":[\"http:\/\/jornalismo.ufsj.edu.br\/site\/jornalismoufsj\/livia-gallo-lanca-livro-de-poesias\/\"]}]},{\"@type\":\"BreadcrumbList\",\"@id\":\"http:\/\/jornalismo.ufsj.edu.br\/site\/jornalismoufsj\/livia-gallo-lanca-livro-de-poesias\/#breadcrumb\",\"itemListElement\":[{\"@type\":\"ListItem\",\"position\":1,\"name\":\"In\u00edcio\",\"item\":\"http:\/\/jornalismo.ufsj.edu.br\/site\/\"},{\"@type\":\"ListItem\",\"position\":2,\"name\":\"L\u00edvia Gallo lan\u00e7a livro de poesias\"}]},{\"@type\":\"WebSite\",\"@id\":\"http:\/\/jornalismo.ufsj.edu.br\/site\/#website\",\"url\":\"http:\/\/jornalismo.ufsj.edu.br\/site\/\",\"name\":\"Jornalismo UFSJ\",\"description\":\"\",\"potentialAction\":[{\"@type\":\"SearchAction\",\"target\":{\"@type\":\"EntryPoint\",\"urlTemplate\":\"http:\/\/jornalismo.ufsj.edu.br\/site\/?s={search_term_string}\"},\"query-input\":\"required name=search_term_string\"}],\"inLanguage\":\"pt-BR\"},{\"@type\":\"Person\",\"@id\":\"\"}]}<\/script>\n<!-- \/ Yoast SEO plugin. -->","yoast_head_json":{"title":"L\u00edvia Gallo lan\u00e7a livro de poesias - Jornalismo UFSJ","robots":{"index":"index","follow":"follow","max-snippet":"max-snippet:-1","max-image-preview":"max-image-preview:large","max-video-preview":"max-video-preview:-1"},"canonical":"http:\/\/jornalismo.ufsj.edu.br\/site\/jornalismoufsj\/livia-gallo-lanca-livro-de-poesias\/","og_locale":"pt_BR","og_type":"article","og_title":"L\u00edvia Gallo lan\u00e7a livro de poesias - Jornalismo UFSJ","og_description":"Obra foi escrita em dois anos e o lan\u00e7amento ocorreu no \u00faltimo dia 3. \u201cCreio que a vida apenas vai apontando caminhos, e eu fui seguindo as dire\u00e7\u00f5es\u201d. &nbsp; Essa foi a resposta de L\u00edvia quando perguntada se ser escritora...","og_url":"http:\/\/jornalismo.ufsj.edu.br\/site\/jornalismoufsj\/livia-gallo-lanca-livro-de-poesias\/","og_site_name":"Jornalismo UFSJ","article_publisher":"https:\/\/www.facebook.com\/jornalismoufsj\/","article_published_time":"2019-05-15T15:00:57+00:00","article_modified_time":"2019-05-15T14:50:55+00:00","og_image":[{"url":"http:\/\/jornalismo.ufsj.edu.br\/wp-content\/uploads\/2019\/05\/livro-livia.jpg"}],"twitter_card":"summary_large_image","twitter_creator":"@jornalismoufsj","twitter_site":"@jornalismoufsj","twitter_misc":{"Escrito por":"","Est. tempo de leitura":"1 minuto"},"schema":{"@context":"https:\/\/schema.org","@graph":[{"@type":"WebPage","@id":"http:\/\/jornalismo.ufsj.edu.br\/site\/jornalismoufsj\/livia-gallo-lanca-livro-de-poesias\/","url":"http:\/\/jornalismo.ufsj.edu.br\/site\/jornalismoufsj\/livia-gallo-lanca-livro-de-poesias\/","name":"L\u00edvia Gallo lan\u00e7a livro de poesias - Jornalismo UFSJ","isPartOf":{"@id":"http:\/\/jornalismo.ufsj.edu.br\/site\/#website"},"datePublished":"2019-05-15T15:00:57+00:00","dateModified":"2019-05-15T14:50:55+00:00","author":{"@id":""},"breadcrumb":{"@id":"http:\/\/jornalismo.ufsj.edu.br\/site\/jornalismoufsj\/livia-gallo-lanca-livro-de-poesias\/#breadcrumb"},"inLanguage":"pt-BR","potentialAction":[{"@type":"ReadAction","target":["http:\/\/jornalismo.ufsj.edu.br\/site\/jornalismoufsj\/livia-gallo-lanca-livro-de-poesias\/"]}]},{"@type":"BreadcrumbList","@id":"http:\/\/jornalismo.ufsj.edu.br\/site\/jornalismoufsj\/livia-gallo-lanca-livro-de-poesias\/#breadcrumb","itemListElement":[{"@type":"ListItem","position":1,"name":"In\u00edcio","item":"http:\/\/jornalismo.ufsj.edu.br\/site\/"},{"@type":"ListItem","position":2,"name":"L\u00edvia Gallo lan\u00e7a livro de poesias"}]},{"@type":"WebSite","@id":"http:\/\/jornalismo.ufsj.edu.br\/site\/#website","url":"http:\/\/jornalismo.ufsj.edu.br\/site\/","name":"Jornalismo UFSJ","description":"","potentialAction":[{"@type":"SearchAction","target":{"@type":"EntryPoint","urlTemplate":"http:\/\/jornalismo.ufsj.edu.br\/site\/?s={search_term_string}"},"query-input":"required name=search_term_string"}],"inLanguage":"pt-BR"},{"@type":"Person","@id":""}]}},"jetpack_featured_media_url":"","_links":{"self":[{"href":"http:\/\/jornalismo.ufsj.edu.br\/site\/wp-json\/wp\/v2\/posts\/6574"}],"collection":[{"href":"http:\/\/jornalismo.ufsj.edu.br\/site\/wp-json\/wp\/v2\/posts"}],"about":[{"href":"http:\/\/jornalismo.ufsj.edu.br\/site\/wp-json\/wp\/v2\/types\/post"}],"author":[{"embeddable":true,"href":"http:\/\/jornalismo.ufsj.edu.br\/site\/wp-json\/wp\/v2\/users\/3"}],"replies":[{"embeddable":true,"href":"http:\/\/jornalismo.ufsj.edu.br\/site\/wp-json\/wp\/v2\/comments?post=6574"}],"version-history":[{"count":4,"href":"http:\/\/jornalismo.ufsj.edu.br\/site\/wp-json\/wp\/v2\/posts\/6574\/revisions"}],"predecessor-version":[{"id":6583,"href":"http:\/\/jornalismo.ufsj.edu.br\/site\/wp-json\/wp\/v2\/posts\/6574\/revisions\/6583"}],"wp:attachment":[{"href":"http:\/\/jornalismo.ufsj.edu.br\/site\/wp-json\/wp\/v2\/media?parent=6574"}],"wp:term":[{"taxonomy":"category","embeddable":true,"href":"http:\/\/jornalismo.ufsj.edu.br\/site\/wp-json\/wp\/v2\/categories?post=6574"},{"taxonomy":"post_tag","embeddable":true,"href":"http:\/\/jornalismo.ufsj.edu.br\/site\/wp-json\/wp\/v2\/tags?post=6574"}],"curies":[{"name":"wp","href":"https:\/\/api.w.org\/{rel}","templated":true}]}}