{"id":6544,"date":"2019-04-30T16:12:34","date_gmt":"2019-04-30T19:12:34","guid":{"rendered":"http:\/\/jornalismo.ufsj.edu.br\/?p=6544"},"modified":"2019-05-02T21:44:53","modified_gmt":"2019-05-03T00:44:53","slug":"por-onde-anda-jose-paulo","status":"publish","type":"post","link":"http:\/\/jornalismo.ufsj.edu.br\/site\/jornalismoufsj\/por-onde-anda-jose-paulo\/","title":{"rendered":"Por onde anda: Jos\u00e9 Paulo"},"content":{"rendered":"\n<figure class=\"wp-block-image\"><img loading=\"lazy\" width=\"2048\" height=\"1365\" src=\"http:\/\/jornalismo.ufsj.edu.br\/wp-content\/uploads\/2019\/04\/IMG_5622-2.jpg?fit=1024%2C683\" alt=\"\" class=\"wp-image-6547\" srcset=\"http:\/\/jornalismo.ufsj.edu.br\/site\/wp-content\/uploads\/2019\/04\/IMG_5622-2.jpg 2048w, http:\/\/jornalismo.ufsj.edu.br\/site\/wp-content\/uploads\/2019\/04\/IMG_5622-2-300x200.jpg 300w, http:\/\/jornalismo.ufsj.edu.br\/site\/wp-content\/uploads\/2019\/04\/IMG_5622-2-768x512.jpg 768w, http:\/\/jornalismo.ufsj.edu.br\/site\/wp-content\/uploads\/2019\/04\/IMG_5622-2-1024x683.jpg 1024w\" sizes=\"(max-width: 2048px) 100vw, 2048px\" \/><figcaption>Arquivo Pessoal<\/figcaption><\/figure>\n\n\n\n<p>Jos\u00e9 Paulo, mais conhecido como Goiaba, chegou no Jornalismo em 2011, aos 17 anos. Direto de Carrancas para S\u00e3o Jo\u00e3o, Jos\u00e9 Paulo conta que sempre se interessou por comunica\u00e7\u00e3o mas essa escolha s\u00f3 aconteceu no \u00faltimo dia de inscri\u00e7\u00f5es para o vestibular.<br><\/p>\n\n\n\n<p>Dentre todas as dificuldades e perrengues durante seu percurso no curso, Jos\u00e9 Paulo teve d\u00favidas em rela\u00e7\u00e3o a sua escolha pois imaginava como seria dif\u00edcil trabalhar com as coisas que ele gostava.<br><\/p>\n\n\n\n<p><em>\u201cPassei bastante tempo explorando todos os campos \u00e0 procura de algo que fizesse sentido e que pudesse me satisfazer profissionalmente e pessoalmente. N\u00e3o tinha d\u00favidas sobre o que queria, s\u00f3 n\u00e3o sabia como mesclar as obriga\u00e7\u00f5es do trabalho com minhas prefer\u00eancias pessoais.\u201d, diz ele.<\/em><br><\/p>\n\n\n\n<p>Durante o curso, Jos\u00e9 trabalhou nas \u00e1reas de assessoria, produ\u00e7\u00e3o, reda\u00e7\u00e3o e edi\u00e7\u00e3o. Para ele, a experi\u00eancia adquirida nesse per\u00edodo foi de suma import\u00e2ncia para solidificar suas escolhas.<\/p>\n\n\n\n<p>Com os conte\u00fados produzidos, montou um portf\u00f3lio e procurou por vagas com o seu perfil. E, como as \u00e1reas de design, publicidade e cinema s\u00e3o escassas de oportunidades, a multidisciplinaridade ajudou bastante na hora de ser selecionado. <br><\/p>\n\n\n\n<p>Hoje, aos 25 anos, decidiu seguir a \u00e1rea de reda\u00e7\u00e3o e edi\u00e7\u00e3o. Atualmente, ele mora em Varginha e trabalha como editor de texto e de arte na EPTV Sul de Minas.<br><\/p>\n\n\n\n<p><strong>Texto: <\/strong>Rhayssa Souza<br><\/p>\n","protected":false},"excerpt":{"rendered":"<p>Jos\u00e9 Paulo, mais conhecido como Goiaba, chegou no Jornalismo em 2011, aos 17 anos. Direto de Carrancas para S\u00e3o Jo\u00e3o, Jos\u00e9 Paulo conta que sempre se interessou por comunica\u00e7\u00e3o mas essa escolha s\u00f3 aconteceu no \u00faltimo dia de inscri\u00e7\u00f5es para&#8230;<\/p>\n","protected":false},"author":3,"featured_media":0,"comment_status":"open","ping_status":"open","sticky":false,"template":"","format":"standard","meta":{"_monsterinsights_skip_tracking":false,"_monsterinsights_sitenote_active":false,"_monsterinsights_sitenote_note":"","_monsterinsights_sitenote_category":0},"categories":[43],"tags":[],"yoast_head":"<!-- This site is optimized with the Yoast SEO plugin v20.6 - https:\/\/yoast.com\/wordpress\/plugins\/seo\/ -->\n<title>Por onde anda: Jos\u00e9 Paulo - Jornalismo UFSJ<\/title>\n<meta name=\"robots\" content=\"index, follow, max-snippet:-1, max-image-preview:large, max-video-preview:-1\" \/>\n<link rel=\"canonical\" href=\"http:\/\/jornalismo.ufsj.edu.br\/site\/jornalismoufsj\/por-onde-anda-jose-paulo\/\" \/>\n<meta property=\"og:locale\" content=\"pt_BR\" \/>\n<meta property=\"og:type\" content=\"article\" \/>\n<meta property=\"og:title\" content=\"Por onde anda: Jos\u00e9 Paulo - Jornalismo UFSJ\" \/>\n<meta property=\"og:description\" content=\"Jos\u00e9 Paulo, mais conhecido como Goiaba, chegou no Jornalismo em 2011, aos 17 anos. Direto de Carrancas para S\u00e3o Jo\u00e3o, Jos\u00e9 Paulo conta que sempre se interessou por comunica\u00e7\u00e3o mas essa escolha s\u00f3 aconteceu no \u00faltimo dia de inscri\u00e7\u00f5es para...\" \/>\n<meta property=\"og:url\" content=\"http:\/\/jornalismo.ufsj.edu.br\/site\/jornalismoufsj\/por-onde-anda-jose-paulo\/\" \/>\n<meta property=\"og:site_name\" content=\"Jornalismo UFSJ\" \/>\n<meta property=\"article:publisher\" content=\"https:\/\/www.facebook.com\/jornalismoufsj\/\" \/>\n<meta property=\"article:published_time\" content=\"2019-04-30T19:12:34+00:00\" \/>\n<meta property=\"article:modified_time\" content=\"2019-05-03T00:44:53+00:00\" \/>\n<meta property=\"og:image\" content=\"http:\/\/jornalismo.ufsj.edu.br\/wp-content\/uploads\/2019\/04\/IMG_5622-2.jpg?fit=1024%2C683\" \/>\n<meta name=\"twitter:card\" content=\"summary_large_image\" \/>\n<meta name=\"twitter:creator\" content=\"@jornalismoufsj\" \/>\n<meta name=\"twitter:site\" content=\"@jornalismoufsj\" \/>\n<meta name=\"twitter:label1\" content=\"Escrito por\" \/>\n\t<meta name=\"twitter:data1\" content=\"\" \/>\n\t<meta name=\"twitter:label2\" content=\"Est. tempo de leitura\" \/>\n\t<meta name=\"twitter:data2\" content=\"1 minuto\" \/>\n<script type=\"application\/ld+json\" class=\"yoast-schema-graph\">{\"@context\":\"https:\/\/schema.org\",\"@graph\":[{\"@type\":\"WebPage\",\"@id\":\"http:\/\/jornalismo.ufsj.edu.br\/site\/jornalismoufsj\/por-onde-anda-jose-paulo\/\",\"url\":\"http:\/\/jornalismo.ufsj.edu.br\/site\/jornalismoufsj\/por-onde-anda-jose-paulo\/\",\"name\":\"Por onde anda: Jos\u00e9 Paulo - Jornalismo UFSJ\",\"isPartOf\":{\"@id\":\"http:\/\/jornalismo.ufsj.edu.br\/site\/#website\"},\"datePublished\":\"2019-04-30T19:12:34+00:00\",\"dateModified\":\"2019-05-03T00:44:53+00:00\",\"author\":{\"@id\":\"\"},\"breadcrumb\":{\"@id\":\"http:\/\/jornalismo.ufsj.edu.br\/site\/jornalismoufsj\/por-onde-anda-jose-paulo\/#breadcrumb\"},\"inLanguage\":\"pt-BR\",\"potentialAction\":[{\"@type\":\"ReadAction\",\"target\":[\"http:\/\/jornalismo.ufsj.edu.br\/site\/jornalismoufsj\/por-onde-anda-jose-paulo\/\"]}]},{\"@type\":\"BreadcrumbList\",\"@id\":\"http:\/\/jornalismo.ufsj.edu.br\/site\/jornalismoufsj\/por-onde-anda-jose-paulo\/#breadcrumb\",\"itemListElement\":[{\"@type\":\"ListItem\",\"position\":1,\"name\":\"In\u00edcio\",\"item\":\"http:\/\/jornalismo.ufsj.edu.br\/site\/\"},{\"@type\":\"ListItem\",\"position\":2,\"name\":\"Por onde anda: Jos\u00e9 Paulo\"}]},{\"@type\":\"WebSite\",\"@id\":\"http:\/\/jornalismo.ufsj.edu.br\/site\/#website\",\"url\":\"http:\/\/jornalismo.ufsj.edu.br\/site\/\",\"name\":\"Jornalismo UFSJ\",\"description\":\"\",\"potentialAction\":[{\"@type\":\"SearchAction\",\"target\":{\"@type\":\"EntryPoint\",\"urlTemplate\":\"http:\/\/jornalismo.ufsj.edu.br\/site\/?s={search_term_string}\"},\"query-input\":\"required name=search_term_string\"}],\"inLanguage\":\"pt-BR\"},{\"@type\":\"Person\",\"@id\":\"\"}]}<\/script>\n<!-- \/ Yoast SEO plugin. -->","yoast_head_json":{"title":"Por onde anda: Jos\u00e9 Paulo - Jornalismo UFSJ","robots":{"index":"index","follow":"follow","max-snippet":"max-snippet:-1","max-image-preview":"max-image-preview:large","max-video-preview":"max-video-preview:-1"},"canonical":"http:\/\/jornalismo.ufsj.edu.br\/site\/jornalismoufsj\/por-onde-anda-jose-paulo\/","og_locale":"pt_BR","og_type":"article","og_title":"Por onde anda: Jos\u00e9 Paulo - Jornalismo UFSJ","og_description":"Jos\u00e9 Paulo, mais conhecido como Goiaba, chegou no Jornalismo em 2011, aos 17 anos. Direto de Carrancas para S\u00e3o Jo\u00e3o, Jos\u00e9 Paulo conta que sempre se interessou por comunica\u00e7\u00e3o mas essa escolha s\u00f3 aconteceu no \u00faltimo dia de inscri\u00e7\u00f5es para...","og_url":"http:\/\/jornalismo.ufsj.edu.br\/site\/jornalismoufsj\/por-onde-anda-jose-paulo\/","og_site_name":"Jornalismo UFSJ","article_publisher":"https:\/\/www.facebook.com\/jornalismoufsj\/","article_published_time":"2019-04-30T19:12:34+00:00","article_modified_time":"2019-05-03T00:44:53+00:00","og_image":[{"url":"http:\/\/jornalismo.ufsj.edu.br\/wp-content\/uploads\/2019\/04\/IMG_5622-2.jpg?fit=1024%2C683"}],"twitter_card":"summary_large_image","twitter_creator":"@jornalismoufsj","twitter_site":"@jornalismoufsj","twitter_misc":{"Escrito por":"","Est. tempo de leitura":"1 minuto"},"schema":{"@context":"https:\/\/schema.org","@graph":[{"@type":"WebPage","@id":"http:\/\/jornalismo.ufsj.edu.br\/site\/jornalismoufsj\/por-onde-anda-jose-paulo\/","url":"http:\/\/jornalismo.ufsj.edu.br\/site\/jornalismoufsj\/por-onde-anda-jose-paulo\/","name":"Por onde anda: Jos\u00e9 Paulo - Jornalismo UFSJ","isPartOf":{"@id":"http:\/\/jornalismo.ufsj.edu.br\/site\/#website"},"datePublished":"2019-04-30T19:12:34+00:00","dateModified":"2019-05-03T00:44:53+00:00","author":{"@id":""},"breadcrumb":{"@id":"http:\/\/jornalismo.ufsj.edu.br\/site\/jornalismoufsj\/por-onde-anda-jose-paulo\/#breadcrumb"},"inLanguage":"pt-BR","potentialAction":[{"@type":"ReadAction","target":["http:\/\/jornalismo.ufsj.edu.br\/site\/jornalismoufsj\/por-onde-anda-jose-paulo\/"]}]},{"@type":"BreadcrumbList","@id":"http:\/\/jornalismo.ufsj.edu.br\/site\/jornalismoufsj\/por-onde-anda-jose-paulo\/#breadcrumb","itemListElement":[{"@type":"ListItem","position":1,"name":"In\u00edcio","item":"http:\/\/jornalismo.ufsj.edu.br\/site\/"},{"@type":"ListItem","position":2,"name":"Por onde anda: Jos\u00e9 Paulo"}]},{"@type":"WebSite","@id":"http:\/\/jornalismo.ufsj.edu.br\/site\/#website","url":"http:\/\/jornalismo.ufsj.edu.br\/site\/","name":"Jornalismo UFSJ","description":"","potentialAction":[{"@type":"SearchAction","target":{"@type":"EntryPoint","urlTemplate":"http:\/\/jornalismo.ufsj.edu.br\/site\/?s={search_term_string}"},"query-input":"required name=search_term_string"}],"inLanguage":"pt-BR"},{"@type":"Person","@id":""}]}},"jetpack_featured_media_url":"","_links":{"self":[{"href":"http:\/\/jornalismo.ufsj.edu.br\/site\/wp-json\/wp\/v2\/posts\/6544"}],"collection":[{"href":"http:\/\/jornalismo.ufsj.edu.br\/site\/wp-json\/wp\/v2\/posts"}],"about":[{"href":"http:\/\/jornalismo.ufsj.edu.br\/site\/wp-json\/wp\/v2\/types\/post"}],"author":[{"embeddable":true,"href":"http:\/\/jornalismo.ufsj.edu.br\/site\/wp-json\/wp\/v2\/users\/3"}],"replies":[{"embeddable":true,"href":"http:\/\/jornalismo.ufsj.edu.br\/site\/wp-json\/wp\/v2\/comments?post=6544"}],"version-history":[{"count":3,"href":"http:\/\/jornalismo.ufsj.edu.br\/site\/wp-json\/wp\/v2\/posts\/6544\/revisions"}],"predecessor-version":[{"id":6561,"href":"http:\/\/jornalismo.ufsj.edu.br\/site\/wp-json\/wp\/v2\/posts\/6544\/revisions\/6561"}],"wp:attachment":[{"href":"http:\/\/jornalismo.ufsj.edu.br\/site\/wp-json\/wp\/v2\/media?parent=6544"}],"wp:term":[{"taxonomy":"category","embeddable":true,"href":"http:\/\/jornalismo.ufsj.edu.br\/site\/wp-json\/wp\/v2\/categories?post=6544"},{"taxonomy":"post_tag","embeddable":true,"href":"http:\/\/jornalismo.ufsj.edu.br\/site\/wp-json\/wp\/v2\/tags?post=6544"}],"curies":[{"name":"wp","href":"https:\/\/api.w.org\/{rel}","templated":true}]}}