{"id":6539,"date":"2019-04-25T19:00:14","date_gmt":"2019-04-25T22:00:14","guid":{"rendered":"http:\/\/jornalismo.ufsj.edu.br\/?p=6539"},"modified":"2019-04-25T18:05:58","modified_gmt":"2019-04-25T21:05:58","slug":"conheca-o-projeto-jornal-delas","status":"publish","type":"post","link":"http:\/\/jornalismo.ufsj.edu.br\/site\/jornalismoufsj\/conheca-o-projeto-jornal-delas\/","title":{"rendered":"Conhe\u00e7a o projeto: Jornal Delas"},"content":{"rendered":"\n<p><em>O jornalismo que empodera mulheres informando<\/em><br><\/p>\n\n\n\n<figure class=\"wp-block-image is-resized\"><img loading=\"lazy\" src=\"http:\/\/jornalismo.ufsj.edu.br\/wp-content\/uploads\/2019\/04\/delas-1.png\" alt=\"\" class=\"wp-image-6540\" width=\"696\" height=\"264\" srcset=\"http:\/\/jornalismo.ufsj.edu.br\/site\/wp-content\/uploads\/2019\/04\/delas-1.png 828w, http:\/\/jornalismo.ufsj.edu.br\/site\/wp-content\/uploads\/2019\/04\/delas-1-300x114.png 300w, http:\/\/jornalismo.ufsj.edu.br\/site\/wp-content\/uploads\/2019\/04\/delas-1-768x292.png 768w\" sizes=\"(max-width: 696px) 100vw, 696px\" \/><figcaption> <br>Foto de capa do Facebook do Jornal Delas. <strong>Reprodu\u00e7\u00e3o:  <\/strong><br>Facebook <\/figcaption><\/figure>\n\n\n\n<p>O Jornal Delas \u00e9 uma plataforma de reportagens on-line destinadas ao p\u00fablico feminino, que foi um projeto de extens\u00e3o da Universidade Federal de S\u00e3o Jo\u00e3o del &#8211; Rei (UFSJ) durante os anos de 2017 e 2018. O projeto reunia alunas do Jornalismo e Letras da UFSJ e tinha como foco o p\u00fablico feminino e universit\u00e1rio da cidade. Criado no segundo semestre de 2015, como produto final da disciplina de Produ\u00e7\u00e3o Editorial do curso de Jornalismo. A ideia surgiu a partir do descontentamento de um grupo de amigas com o modo que a m\u00eddia brasileira retrata a mulher e os assuntos relacionados ao tema. E assim, tinha a inten\u00e7\u00e3o de informar, conscientizar e empoderar por meio do seu conte\u00fado.<\/p>\n\n\n\n<p>Inicialmente a proposta do projeto era ser um jornal impresso. Mas ao longo dos anos foi visto a necessidade migrar para o online que acabou sendo uma grande satisfa\u00e7\u00e3o. O jornal cobria pautas desde desde a pol\u00edtica nacional \u00e0 eventos regionais e assuntos que fossem relevante para a mulher. E conforme a Mariana Tirelli, produtora gr\u00e1fica do Delas,\u201cT\u00ednhamos um n\u00famero limitado de pessoal, e portanto, as pautas eram distribu\u00eddas de acordo com o interesse e disponibilidade de cada uma.\u201d Com a aprova\u00e7\u00e3o pelo edital da Pibex pela UFSJ, tornando-se projeto de extens\u00e3o, em 2017, e novamente em 2018, a equipe do Delas come\u00e7ou a desenvolver projetos com, a comunidade como: interven\u00e7\u00f5es urbanas, rodas de conversa, exposi\u00e7\u00f5es, oficinas, debates.<\/p>\n\n\n\n<p>\u201cAssim, criamos um jornal que tem como objetivo informar, conscientizar e empoderar mulheres atrav\u00e9s da divulga\u00e7\u00e3o de reportagens, incentivando o pensamento cr\u00edtico e debate sobre a esfera p\u00fablica, al\u00e9m de impulsionar a transforma\u00e7\u00e3o cotidiana por meio do feminismo e do midiativismo.\u201d, ressalta Mariana.<\/p>\n\n\n\n<p>O Delas trabalha com tr\u00eas frentes de atua\u00e7\u00e3o. A institucional: que atua na produ\u00e7\u00e3o de conte\u00fado e a\u00e7\u00f5es de extens\u00e3o. A jornal\u00edstica: que atinge mais de 2.000 pessoas com o site e mais de 1.600 nas redes sociais. E a extensionista: na qual j\u00e1 foi alcan\u00e7ado o n\u00famero de &nbsp;mais de 100 mulheres atingidas.<br><\/p>\n\n\n\n<p><strong>Quem faz parte do projeto?<\/strong><br><\/p>\n\n\n\n<p> \tDurante o ano de 2018 integraram a equipe do jornal dez mulheres. Entre elas quatro rep\u00f3rteres do curso de Jornalismo, uma jornalista respons\u00e1vel, uma revisora de texto do curso de Letras, e as quatro idealizadoras do projeto, atuando nas \u00e1reas de: gest\u00e3o de rede, gest\u00e3o de conte\u00fado, produ\u00e7\u00e3o gr\u00e1fica e gest\u00e3o de multim\u00eddias. De acordo com a rep\u00f3rter Jordana, \u201cO projeto era todo feito por mulheres, desde a parte da UFSJ da Cibele, que era a orientadora e professora respons\u00e1vel pelo projeto, desde n\u00f3s rep\u00f3rteres. Era toda uma cadeia feminina\u201c. No decorrer de sua jornada, de tr\u00eas anos, mais de 20 alunas j\u00e1 passaram pelo Delas.<\/p>\n\n\n\n<p>Atualmente fazem parte do projeto Mariana Tirelli, Rebeca Oliveira e Clara Fernandes &#8211; como editoras &#8211; e Cibele de Moraes &#8211; jornalista respons\u00e1vel. \u201cNosso quadro de rep\u00f3rteres ainda \u00e9 incerto! Mas a nossa \u00faltima equipe (maravilhosa, diga-se de passagem) era composta por Ta\u00eds Soares, Cleo Moraes, Jordana Nery e Samara Santos.\u201d, declara Mariana.<\/p>\n\n\n\n<p>Para Jordana sua experi\u00eancia no projeto foi muito engrandecedora, tanto no pessoal quanto na vida profissional. Foi um per\u00edodo de grande aprendizado e troca de viv\u00eancias, com mulheres de diferentes mas que tinham perspectivas de vida semelhantes a dela.\u201cFoi muito bom, eu convivi com meninas de outros per\u00edodos, mulheres que tem mais ou menos a mesma ideia que eu, em assuntos que eu gosto: mulheres, feminismo, protagonismo da mulher\u201d, afirma. <br><\/p>\n\n\n\n<figure class=\"wp-block-image is-resized\"><img loading=\"lazy\" src=\"http:\/\/jornalismo.ufsj.edu.br\/wp-content\/uploads\/2019\/04\/delas.jpg\" alt=\"\" class=\"wp-image-6541\" width=\"669\" height=\"669\" srcset=\"http:\/\/jornalismo.ufsj.edu.br\/site\/wp-content\/uploads\/2019\/04\/delas.jpg 960w, http:\/\/jornalismo.ufsj.edu.br\/site\/wp-content\/uploads\/2019\/04\/delas-150x150.jpg 150w, http:\/\/jornalismo.ufsj.edu.br\/site\/wp-content\/uploads\/2019\/04\/delas-300x300.jpg 300w, http:\/\/jornalismo.ufsj.edu.br\/site\/wp-content\/uploads\/2019\/04\/delas-768x768.jpg 768w\" sizes=\"(max-width: 669px) 100vw, 669px\" \/><figcaption> <br>Equipe do Delas durante a Recep\u00e7\u00e3o do Centro Acad\u00eamico do Jornalismo de 2018.<strong><br>Reprodu\u00e7\u00e3o: <\/strong>Acervo Delas<br> <\/figcaption><\/figure>\n\n\n\n<p><strong>O impacto no p\u00fablico<\/strong><br><\/p>\n\n\n\n<p>\tO Delas \u00e9 visto como de grande import\u00e2ncia pela sociedade. Visto que a mulher precisa cada vez mais ocupar espa\u00e7os principalmente que s\u00e3o dominados por homens, que s\u00e3o geralmente os chefes dos grandes portais de not\u00edcia e tratam de assuntos femininos, deixando de lado a \u00f3tica feminina, relata a rep\u00f3rter Jordana.<\/p>\n\n\n\n<p>Segundo Karen Resende, 22, uma leitora do portal, \u201cO conte\u00fado do site \u00e9 muito bacana, por abranger v\u00e1rios temas e falar sobre assuntos que v\u00e3o ajudar as mulheres que querem se descobrir e mostram o quanto o feminismo \u00e9 importante nos dias atuais.\u201d<\/p>\n\n\n\n<p>\u201cDentro de uma sociedade patriarcal e machista, falar sobre direito das mulheres e feminismo \u00e9 constante um risco. Mas \u00e9 correndo esse risco que podemos fazer alguma diferen\u00e7a. Acredito que a import\u00e2ncia do Delas \u00e9 ser resist\u00eancia &#8211; num mundo de intoler\u00e2ncia, preconceito e opress\u00e3o\u201d, acrescenta Mariana. <br><\/p>\n\n\n\n<p><strong>Situa\u00e7\u00e3o atual<\/strong><br><\/p>\n\n\n\n<p>Atualmente, o Delas est\u00e1 se preparando para um novo momento. Sua trajet\u00f3ria dentro da Ufsj foi encerrada no fim de mar\u00e7o, com o fim do \u00faltimo edital em que foram contempladas. Todo esse per\u00edodo foi muito importante e proveitoso para o desenvolvimento da equipe. \u201cFrente aos desafios pol\u00edticos e sociais que vivemos, decidimos expandir o projeto para fora da Academia, e viver a experi\u00eancia de ser, efetivamente, uma m\u00eddia independente no mercado. Para isso, estamos nos preparando\u201d, declara Tirelli<\/p>\n\n\n\n<p>Atualmente, a plataforma online est\u00e1 em stand by, enquanto s\u00e3o preparados os novos projetos, formatos e conte\u00fados. \u201cEm breve voltamos, reestruturadas, com mais energia do que nunca para comunicar e empoderar!\u201d<br><\/p>\n\n\n\n<p>O Jornal Delas pode ser encontrado no seu <a href=\"http:\/\/jornaldelas.com.br\/\">site oficial.<\/a><br><\/p>\n\n\n\n<p>Para saber mais das meninas, acompanhe o Delas no <a href=\"https:\/\/www.facebook.com\/jornaldelas \">Facebook<\/a> e <a href=\"http:\/\/\ufeffhttps:\/\/www.instagram.com\/delasjornal\/\">Instagram<\/a>. <\/p>\n\n\n\n<p><strong>Texto:<\/strong> Lara Aquino e Maria Eduarda Carvalho <br><\/p>\n","protected":false},"excerpt":{"rendered":"<p>O jornalismo que empodera mulheres informando O Jornal Delas \u00e9 uma plataforma de reportagens on-line destinadas ao p\u00fablico feminino, que foi um projeto de extens\u00e3o da Universidade Federal de S\u00e3o Jo\u00e3o del &#8211; Rei (UFSJ) durante os anos de 2017&#8230;<\/p>\n","protected":false},"author":3,"featured_media":0,"comment_status":"open","ping_status":"open","sticky":false,"template":"","format":"standard","meta":{"_monsterinsights_skip_tracking":false,"_monsterinsights_sitenote_active":false,"_monsterinsights_sitenote_note":"","_monsterinsights_sitenote_category":0},"categories":[43],"tags":[],"yoast_head":"<!-- This site is optimized with the Yoast SEO plugin v20.6 - https:\/\/yoast.com\/wordpress\/plugins\/seo\/ -->\n<title>Conhe\u00e7a o projeto: Jornal Delas - Jornalismo UFSJ<\/title>\n<meta name=\"robots\" content=\"index, follow, max-snippet:-1, max-image-preview:large, max-video-preview:-1\" \/>\n<link rel=\"canonical\" href=\"http:\/\/jornalismo.ufsj.edu.br\/site\/jornalismoufsj\/conheca-o-projeto-jornal-delas\/\" \/>\n<meta property=\"og:locale\" content=\"pt_BR\" \/>\n<meta property=\"og:type\" content=\"article\" \/>\n<meta property=\"og:title\" content=\"Conhe\u00e7a o projeto: Jornal Delas - Jornalismo UFSJ\" \/>\n<meta property=\"og:description\" content=\"O jornalismo que empodera mulheres informando O Jornal Delas \u00e9 uma plataforma de reportagens on-line destinadas ao p\u00fablico feminino, que foi um projeto de extens\u00e3o da Universidade Federal de S\u00e3o Jo\u00e3o del &#8211; Rei (UFSJ) durante os anos de 2017...\" \/>\n<meta property=\"og:url\" content=\"http:\/\/jornalismo.ufsj.edu.br\/site\/jornalismoufsj\/conheca-o-projeto-jornal-delas\/\" \/>\n<meta property=\"og:site_name\" content=\"Jornalismo UFSJ\" \/>\n<meta property=\"article:publisher\" content=\"https:\/\/www.facebook.com\/jornalismoufsj\/\" \/>\n<meta property=\"article:published_time\" content=\"2019-04-25T22:00:14+00:00\" \/>\n<meta property=\"article:modified_time\" content=\"2019-04-25T21:05:58+00:00\" \/>\n<meta property=\"og:image\" content=\"http:\/\/jornalismo.ufsj.edu.br\/wp-content\/uploads\/2019\/04\/delas-1.png\" \/>\n<meta name=\"twitter:card\" content=\"summary_large_image\" \/>\n<meta name=\"twitter:creator\" content=\"@jornalismoufsj\" \/>\n<meta name=\"twitter:site\" content=\"@jornalismoufsj\" \/>\n<meta name=\"twitter:label1\" content=\"Escrito por\" \/>\n\t<meta name=\"twitter:data1\" content=\"\" \/>\n\t<meta name=\"twitter:label2\" content=\"Est. tempo de leitura\" \/>\n\t<meta name=\"twitter:data2\" content=\"5 minutos\" \/>\n<script type=\"application\/ld+json\" class=\"yoast-schema-graph\">{\"@context\":\"https:\/\/schema.org\",\"@graph\":[{\"@type\":\"WebPage\",\"@id\":\"http:\/\/jornalismo.ufsj.edu.br\/site\/jornalismoufsj\/conheca-o-projeto-jornal-delas\/\",\"url\":\"http:\/\/jornalismo.ufsj.edu.br\/site\/jornalismoufsj\/conheca-o-projeto-jornal-delas\/\",\"name\":\"Conhe\u00e7a o projeto: Jornal Delas - Jornalismo UFSJ\",\"isPartOf\":{\"@id\":\"http:\/\/jornalismo.ufsj.edu.br\/site\/#website\"},\"datePublished\":\"2019-04-25T22:00:14+00:00\",\"dateModified\":\"2019-04-25T21:05:58+00:00\",\"author\":{\"@id\":\"\"},\"breadcrumb\":{\"@id\":\"http:\/\/jornalismo.ufsj.edu.br\/site\/jornalismoufsj\/conheca-o-projeto-jornal-delas\/#breadcrumb\"},\"inLanguage\":\"pt-BR\",\"potentialAction\":[{\"@type\":\"ReadAction\",\"target\":[\"http:\/\/jornalismo.ufsj.edu.br\/site\/jornalismoufsj\/conheca-o-projeto-jornal-delas\/\"]}]},{\"@type\":\"BreadcrumbList\",\"@id\":\"http:\/\/jornalismo.ufsj.edu.br\/site\/jornalismoufsj\/conheca-o-projeto-jornal-delas\/#breadcrumb\",\"itemListElement\":[{\"@type\":\"ListItem\",\"position\":1,\"name\":\"In\u00edcio\",\"item\":\"http:\/\/jornalismo.ufsj.edu.br\/site\/\"},{\"@type\":\"ListItem\",\"position\":2,\"name\":\"Conhe\u00e7a o projeto: Jornal Delas\"}]},{\"@type\":\"WebSite\",\"@id\":\"http:\/\/jornalismo.ufsj.edu.br\/site\/#website\",\"url\":\"http:\/\/jornalismo.ufsj.edu.br\/site\/\",\"name\":\"Jornalismo UFSJ\",\"description\":\"\",\"potentialAction\":[{\"@type\":\"SearchAction\",\"target\":{\"@type\":\"EntryPoint\",\"urlTemplate\":\"http:\/\/jornalismo.ufsj.edu.br\/site\/?s={search_term_string}\"},\"query-input\":\"required name=search_term_string\"}],\"inLanguage\":\"pt-BR\"},{\"@type\":\"Person\",\"@id\":\"\"}]}<\/script>\n<!-- \/ Yoast SEO plugin. -->","yoast_head_json":{"title":"Conhe\u00e7a o projeto: Jornal Delas - Jornalismo UFSJ","robots":{"index":"index","follow":"follow","max-snippet":"max-snippet:-1","max-image-preview":"max-image-preview:large","max-video-preview":"max-video-preview:-1"},"canonical":"http:\/\/jornalismo.ufsj.edu.br\/site\/jornalismoufsj\/conheca-o-projeto-jornal-delas\/","og_locale":"pt_BR","og_type":"article","og_title":"Conhe\u00e7a o projeto: Jornal Delas - Jornalismo UFSJ","og_description":"O jornalismo que empodera mulheres informando O Jornal Delas \u00e9 uma plataforma de reportagens on-line destinadas ao p\u00fablico feminino, que foi um projeto de extens\u00e3o da Universidade Federal de S\u00e3o Jo\u00e3o del &#8211; Rei (UFSJ) durante os anos de 2017...","og_url":"http:\/\/jornalismo.ufsj.edu.br\/site\/jornalismoufsj\/conheca-o-projeto-jornal-delas\/","og_site_name":"Jornalismo UFSJ","article_publisher":"https:\/\/www.facebook.com\/jornalismoufsj\/","article_published_time":"2019-04-25T22:00:14+00:00","article_modified_time":"2019-04-25T21:05:58+00:00","og_image":[{"url":"http:\/\/jornalismo.ufsj.edu.br\/wp-content\/uploads\/2019\/04\/delas-1.png"}],"twitter_card":"summary_large_image","twitter_creator":"@jornalismoufsj","twitter_site":"@jornalismoufsj","twitter_misc":{"Escrito por":"","Est. tempo de leitura":"5 minutos"},"schema":{"@context":"https:\/\/schema.org","@graph":[{"@type":"WebPage","@id":"http:\/\/jornalismo.ufsj.edu.br\/site\/jornalismoufsj\/conheca-o-projeto-jornal-delas\/","url":"http:\/\/jornalismo.ufsj.edu.br\/site\/jornalismoufsj\/conheca-o-projeto-jornal-delas\/","name":"Conhe\u00e7a o projeto: Jornal Delas - Jornalismo UFSJ","isPartOf":{"@id":"http:\/\/jornalismo.ufsj.edu.br\/site\/#website"},"datePublished":"2019-04-25T22:00:14+00:00","dateModified":"2019-04-25T21:05:58+00:00","author":{"@id":""},"breadcrumb":{"@id":"http:\/\/jornalismo.ufsj.edu.br\/site\/jornalismoufsj\/conheca-o-projeto-jornal-delas\/#breadcrumb"},"inLanguage":"pt-BR","potentialAction":[{"@type":"ReadAction","target":["http:\/\/jornalismo.ufsj.edu.br\/site\/jornalismoufsj\/conheca-o-projeto-jornal-delas\/"]}]},{"@type":"BreadcrumbList","@id":"http:\/\/jornalismo.ufsj.edu.br\/site\/jornalismoufsj\/conheca-o-projeto-jornal-delas\/#breadcrumb","itemListElement":[{"@type":"ListItem","position":1,"name":"In\u00edcio","item":"http:\/\/jornalismo.ufsj.edu.br\/site\/"},{"@type":"ListItem","position":2,"name":"Conhe\u00e7a o projeto: Jornal Delas"}]},{"@type":"WebSite","@id":"http:\/\/jornalismo.ufsj.edu.br\/site\/#website","url":"http:\/\/jornalismo.ufsj.edu.br\/site\/","name":"Jornalismo UFSJ","description":"","potentialAction":[{"@type":"SearchAction","target":{"@type":"EntryPoint","urlTemplate":"http:\/\/jornalismo.ufsj.edu.br\/site\/?s={search_term_string}"},"query-input":"required name=search_term_string"}],"inLanguage":"pt-BR"},{"@type":"Person","@id":""}]}},"jetpack_featured_media_url":"","_links":{"self":[{"href":"http:\/\/jornalismo.ufsj.edu.br\/site\/wp-json\/wp\/v2\/posts\/6539"}],"collection":[{"href":"http:\/\/jornalismo.ufsj.edu.br\/site\/wp-json\/wp\/v2\/posts"}],"about":[{"href":"http:\/\/jornalismo.ufsj.edu.br\/site\/wp-json\/wp\/v2\/types\/post"}],"author":[{"embeddable":true,"href":"http:\/\/jornalismo.ufsj.edu.br\/site\/wp-json\/wp\/v2\/users\/3"}],"replies":[{"embeddable":true,"href":"http:\/\/jornalismo.ufsj.edu.br\/site\/wp-json\/wp\/v2\/comments?post=6539"}],"version-history":[{"count":1,"href":"http:\/\/jornalismo.ufsj.edu.br\/site\/wp-json\/wp\/v2\/posts\/6539\/revisions"}],"predecessor-version":[{"id":6542,"href":"http:\/\/jornalismo.ufsj.edu.br\/site\/wp-json\/wp\/v2\/posts\/6539\/revisions\/6542"}],"wp:attachment":[{"href":"http:\/\/jornalismo.ufsj.edu.br\/site\/wp-json\/wp\/v2\/media?parent=6539"}],"wp:term":[{"taxonomy":"category","embeddable":true,"href":"http:\/\/jornalismo.ufsj.edu.br\/site\/wp-json\/wp\/v2\/categories?post=6539"},{"taxonomy":"post_tag","embeddable":true,"href":"http:\/\/jornalismo.ufsj.edu.br\/site\/wp-json\/wp\/v2\/tags?post=6539"}],"curies":[{"name":"wp","href":"https:\/\/api.w.org\/{rel}","templated":true}]}}