{"id":6531,"date":"2019-04-22T11:00:15","date_gmt":"2019-04-22T14:00:15","guid":{"rendered":"http:\/\/jornalismo.ufsj.edu.br\/?p=6531"},"modified":"2019-04-22T00:08:49","modified_gmt":"2019-04-22T03:08:49","slug":"ufsj-abre-as-portas-para-a-semana-fashion-revolution","status":"publish","type":"post","link":"http:\/\/jornalismo.ufsj.edu.br\/site\/jornalismoufsj\/ufsj-abre-as-portas-para-a-semana-fashion-revolution\/","title":{"rendered":"UFSJ abre as portas para a semana Fashion Revolution"},"content":{"rendered":"\n<p>Evento promove discuss\u00f5es sobre a ind\u00fastria da moda e seu impacto positivo na sociedade. <\/p>\n\n\n\n<figure class=\"wp-block-image\"><img loading=\"lazy\" width=\"960\" height=\"540\" src=\"http:\/\/jornalismo.ufsj.edu.br\/wp-content\/uploads\/2019\/04\/fashion-revolution-1.jpg\" alt=\"\" class=\"wp-image-6534\" srcset=\"http:\/\/jornalismo.ufsj.edu.br\/site\/wp-content\/uploads\/2019\/04\/fashion-revolution-1.jpg 960w, http:\/\/jornalismo.ufsj.edu.br\/site\/wp-content\/uploads\/2019\/04\/fashion-revolution-1-300x169.jpg 300w, http:\/\/jornalismo.ufsj.edu.br\/site\/wp-content\/uploads\/2019\/04\/fashion-revolution-1-768x432.jpg 768w\" sizes=\"(max-width: 960px) 100vw, 960px\" \/><figcaption>Arte: Wellington Oliveira<\/figcaption><\/figure>\n\n\n\n<p>A quinta edi\u00e7\u00e3o brasileira da Fashion Revolution acontece esta semana. Entre os dias 22 e 28 de abril s\u00e3o mais de 50 cidades debatendo de que maneira a ind\u00fastria da moda pode atuar de forma honesta e transparente e ajudar na promo\u00e7\u00e3o do trabalho justo, na promo\u00e7\u00e3o ambiental e na igualdade de g\u00eanero.<\/p>\n\n\n\n<p>Ao redor do mundo, cerca de 80 universidades abrem espa\u00e7o para o evento. Na cidade de S\u00e3o Jo\u00e3o del-Rei, a Semana Fashion Revolution acontece em parceria com a UFSJ. Durante os cinco dias ser\u00e3o 11 atividades variando entre oficinas, debates, worshops, rodas de conversa e trocas de roupa. A programa\u00e7\u00e3o objetiva discutir quest\u00f5es como padr\u00f5es de beleza, empreendedorismo perif\u00e9rico e feminino, customiza\u00e7\u00e3o, sustentabilidade na moda, entre outras. <\/p>\n\n\n\n<p>O evento come\u00e7a hoje, \u00e0s 13h, com a oficina &#8220;Customiza\u00e7\u00e3o Criativa&#8221;. O objetivo \u00e9 estimular a criatividade dos participantes por meio da concep\u00e7\u00e3o art\u00edstica de roupas e adere\u00e7os. A oficina \u00e9 seguida da roda de conversa &#8220;Eu n\u00e3o sou padr\u00e3o, e o que \u00e9 que tem?&#8221;, com a presen\u00e7a de Mariana Tirelli, formada em Jornalismo pela UFSJ. A ex-aluna \u00e9 autora da coluna &#8220;T\u00e3o Bonita de Rosto&#8221;, e na roda de conversa ir\u00e1 discutir a abordagem dos corpos fora do padr\u00e3o pelo mercado e pela m\u00eddia, os tamanhos especiais e a constru\u00e7\u00e3o da moda plus size ao longo do tempo. <\/p>\n\n\n\n<p>A Semana Fashion Revolution acontece do dia 22 at\u00e9 o dia 28 de abril, no Campus Dom Bosco da UFSJ. O evento \u00e9 gratuito e aberto ao p\u00fablico. Para conferir a programa\u00e7\u00e3o completa, clique <a href=\"https:\/\/www.facebook.com\/events\/329504484370519\/\">aqui<\/a>.<\/p>\n\n\n\n<p>Texto: Rhayssa Souza <\/p>\n","protected":false},"excerpt":{"rendered":"<p>Evento promove discuss\u00f5es sobre a ind\u00fastria da moda e seu impacto positivo na sociedade. A quinta edi\u00e7\u00e3o brasileira da Fashion Revolution acontece esta semana. Entre os dias 22 e 28 de abril s\u00e3o mais de 50 cidades debatendo de que&#8230;<\/p>\n","protected":false},"author":3,"featured_media":0,"comment_status":"open","ping_status":"open","sticky":false,"template":"","format":"standard","meta":{"_monsterinsights_skip_tracking":false,"_monsterinsights_sitenote_active":false,"_monsterinsights_sitenote_note":"","_monsterinsights_sitenote_category":0},"categories":[43],"tags":[],"yoast_head":"<!-- This site is optimized with the Yoast SEO plugin v20.6 - https:\/\/yoast.com\/wordpress\/plugins\/seo\/ -->\n<title>UFSJ abre as portas para a semana Fashion Revolution - Jornalismo UFSJ<\/title>\n<meta name=\"robots\" content=\"index, follow, max-snippet:-1, max-image-preview:large, max-video-preview:-1\" \/>\n<link rel=\"canonical\" href=\"http:\/\/anu.ufsj.edu.br\/site\/jornalismoufsj\/ufsj-abre-as-portas-para-a-semana-fashion-revolution\/\" \/>\n<meta property=\"og:locale\" content=\"pt_BR\" \/>\n<meta property=\"og:type\" content=\"article\" \/>\n<meta property=\"og:title\" content=\"UFSJ abre as portas para a semana Fashion Revolution - Jornalismo UFSJ\" \/>\n<meta property=\"og:description\" content=\"Evento promove discuss\u00f5es sobre a ind\u00fastria da moda e seu impacto positivo na sociedade. A quinta edi\u00e7\u00e3o brasileira da Fashion Revolution acontece esta semana. Entre os dias 22 e 28 de abril s\u00e3o mais de 50 cidades debatendo de que...\" \/>\n<meta property=\"og:url\" content=\"http:\/\/anu.ufsj.edu.br\/site\/jornalismoufsj\/ufsj-abre-as-portas-para-a-semana-fashion-revolution\/\" \/>\n<meta property=\"og:site_name\" content=\"Jornalismo UFSJ\" \/>\n<meta property=\"article:publisher\" content=\"https:\/\/www.facebook.com\/jornalismoufsj\/\" \/>\n<meta property=\"article:published_time\" content=\"2019-04-22T14:00:15+00:00\" \/>\n<meta property=\"article:modified_time\" content=\"2019-04-22T03:08:49+00:00\" \/>\n<meta property=\"og:image\" content=\"http:\/\/jornalismo.ufsj.edu.br\/wp-content\/uploads\/2019\/04\/fashion-revolution-1.jpg\" \/>\n<meta name=\"twitter:card\" content=\"summary_large_image\" \/>\n<meta name=\"twitter:creator\" content=\"@jornalismoufsj\" \/>\n<meta name=\"twitter:site\" content=\"@jornalismoufsj\" \/>\n<meta name=\"twitter:label1\" content=\"Escrito por\" \/>\n\t<meta name=\"twitter:data1\" content=\"\" \/>\n\t<meta name=\"twitter:label2\" content=\"Est. tempo de leitura\" \/>\n\t<meta name=\"twitter:data2\" content=\"1 minuto\" \/>\n<script type=\"application\/ld+json\" class=\"yoast-schema-graph\">{\"@context\":\"https:\/\/schema.org\",\"@graph\":[{\"@type\":\"WebPage\",\"@id\":\"http:\/\/anu.ufsj.edu.br\/site\/jornalismoufsj\/ufsj-abre-as-portas-para-a-semana-fashion-revolution\/\",\"url\":\"http:\/\/anu.ufsj.edu.br\/site\/jornalismoufsj\/ufsj-abre-as-portas-para-a-semana-fashion-revolution\/\",\"name\":\"UFSJ abre as portas para a semana Fashion Revolution - Jornalismo UFSJ\",\"isPartOf\":{\"@id\":\"http:\/\/jornalismo.ufsj.edu.br\/site\/#website\"},\"datePublished\":\"2019-04-22T14:00:15+00:00\",\"dateModified\":\"2019-04-22T03:08:49+00:00\",\"author\":{\"@id\":\"\"},\"breadcrumb\":{\"@id\":\"http:\/\/anu.ufsj.edu.br\/site\/jornalismoufsj\/ufsj-abre-as-portas-para-a-semana-fashion-revolution\/#breadcrumb\"},\"inLanguage\":\"pt-BR\",\"potentialAction\":[{\"@type\":\"ReadAction\",\"target\":[\"http:\/\/anu.ufsj.edu.br\/site\/jornalismoufsj\/ufsj-abre-as-portas-para-a-semana-fashion-revolution\/\"]}]},{\"@type\":\"BreadcrumbList\",\"@id\":\"http:\/\/anu.ufsj.edu.br\/site\/jornalismoufsj\/ufsj-abre-as-portas-para-a-semana-fashion-revolution\/#breadcrumb\",\"itemListElement\":[{\"@type\":\"ListItem\",\"position\":1,\"name\":\"In\u00edcio\",\"item\":\"http:\/\/jornalismo.ufsj.edu.br\/site\/\"},{\"@type\":\"ListItem\",\"position\":2,\"name\":\"UFSJ abre as portas para a semana Fashion Revolution\"}]},{\"@type\":\"WebSite\",\"@id\":\"http:\/\/jornalismo.ufsj.edu.br\/site\/#website\",\"url\":\"http:\/\/jornalismo.ufsj.edu.br\/site\/\",\"name\":\"Jornalismo UFSJ\",\"description\":\"\",\"potentialAction\":[{\"@type\":\"SearchAction\",\"target\":{\"@type\":\"EntryPoint\",\"urlTemplate\":\"http:\/\/jornalismo.ufsj.edu.br\/site\/?s={search_term_string}\"},\"query-input\":\"required name=search_term_string\"}],\"inLanguage\":\"pt-BR\"},{\"@type\":\"Person\",\"@id\":\"\"}]}<\/script>\n<!-- \/ Yoast SEO plugin. -->","yoast_head_json":{"title":"UFSJ abre as portas para a semana Fashion Revolution - Jornalismo UFSJ","robots":{"index":"index","follow":"follow","max-snippet":"max-snippet:-1","max-image-preview":"max-image-preview:large","max-video-preview":"max-video-preview:-1"},"canonical":"http:\/\/anu.ufsj.edu.br\/site\/jornalismoufsj\/ufsj-abre-as-portas-para-a-semana-fashion-revolution\/","og_locale":"pt_BR","og_type":"article","og_title":"UFSJ abre as portas para a semana Fashion Revolution - Jornalismo UFSJ","og_description":"Evento promove discuss\u00f5es sobre a ind\u00fastria da moda e seu impacto positivo na sociedade. A quinta edi\u00e7\u00e3o brasileira da Fashion Revolution acontece esta semana. Entre os dias 22 e 28 de abril s\u00e3o mais de 50 cidades debatendo de que...","og_url":"http:\/\/anu.ufsj.edu.br\/site\/jornalismoufsj\/ufsj-abre-as-portas-para-a-semana-fashion-revolution\/","og_site_name":"Jornalismo UFSJ","article_publisher":"https:\/\/www.facebook.com\/jornalismoufsj\/","article_published_time":"2019-04-22T14:00:15+00:00","article_modified_time":"2019-04-22T03:08:49+00:00","og_image":[{"url":"http:\/\/jornalismo.ufsj.edu.br\/wp-content\/uploads\/2019\/04\/fashion-revolution-1.jpg"}],"twitter_card":"summary_large_image","twitter_creator":"@jornalismoufsj","twitter_site":"@jornalismoufsj","twitter_misc":{"Escrito por":"","Est. tempo de leitura":"1 minuto"},"schema":{"@context":"https:\/\/schema.org","@graph":[{"@type":"WebPage","@id":"http:\/\/anu.ufsj.edu.br\/site\/jornalismoufsj\/ufsj-abre-as-portas-para-a-semana-fashion-revolution\/","url":"http:\/\/anu.ufsj.edu.br\/site\/jornalismoufsj\/ufsj-abre-as-portas-para-a-semana-fashion-revolution\/","name":"UFSJ abre as portas para a semana Fashion Revolution - Jornalismo UFSJ","isPartOf":{"@id":"http:\/\/jornalismo.ufsj.edu.br\/site\/#website"},"datePublished":"2019-04-22T14:00:15+00:00","dateModified":"2019-04-22T03:08:49+00:00","author":{"@id":""},"breadcrumb":{"@id":"http:\/\/anu.ufsj.edu.br\/site\/jornalismoufsj\/ufsj-abre-as-portas-para-a-semana-fashion-revolution\/#breadcrumb"},"inLanguage":"pt-BR","potentialAction":[{"@type":"ReadAction","target":["http:\/\/anu.ufsj.edu.br\/site\/jornalismoufsj\/ufsj-abre-as-portas-para-a-semana-fashion-revolution\/"]}]},{"@type":"BreadcrumbList","@id":"http:\/\/anu.ufsj.edu.br\/site\/jornalismoufsj\/ufsj-abre-as-portas-para-a-semana-fashion-revolution\/#breadcrumb","itemListElement":[{"@type":"ListItem","position":1,"name":"In\u00edcio","item":"http:\/\/jornalismo.ufsj.edu.br\/site\/"},{"@type":"ListItem","position":2,"name":"UFSJ abre as portas para a semana Fashion Revolution"}]},{"@type":"WebSite","@id":"http:\/\/jornalismo.ufsj.edu.br\/site\/#website","url":"http:\/\/jornalismo.ufsj.edu.br\/site\/","name":"Jornalismo UFSJ","description":"","potentialAction":[{"@type":"SearchAction","target":{"@type":"EntryPoint","urlTemplate":"http:\/\/jornalismo.ufsj.edu.br\/site\/?s={search_term_string}"},"query-input":"required name=search_term_string"}],"inLanguage":"pt-BR"},{"@type":"Person","@id":""}]}},"jetpack_featured_media_url":"","_links":{"self":[{"href":"http:\/\/jornalismo.ufsj.edu.br\/site\/wp-json\/wp\/v2\/posts\/6531"}],"collection":[{"href":"http:\/\/jornalismo.ufsj.edu.br\/site\/wp-json\/wp\/v2\/posts"}],"about":[{"href":"http:\/\/jornalismo.ufsj.edu.br\/site\/wp-json\/wp\/v2\/types\/post"}],"author":[{"embeddable":true,"href":"http:\/\/jornalismo.ufsj.edu.br\/site\/wp-json\/wp\/v2\/users\/3"}],"replies":[{"embeddable":true,"href":"http:\/\/jornalismo.ufsj.edu.br\/site\/wp-json\/wp\/v2\/comments?post=6531"}],"version-history":[{"count":4,"href":"http:\/\/jornalismo.ufsj.edu.br\/site\/wp-json\/wp\/v2\/posts\/6531\/revisions"}],"predecessor-version":[{"id":6537,"href":"http:\/\/jornalismo.ufsj.edu.br\/site\/wp-json\/wp\/v2\/posts\/6531\/revisions\/6537"}],"wp:attachment":[{"href":"http:\/\/jornalismo.ufsj.edu.br\/site\/wp-json\/wp\/v2\/media?parent=6531"}],"wp:term":[{"taxonomy":"category","embeddable":true,"href":"http:\/\/jornalismo.ufsj.edu.br\/site\/wp-json\/wp\/v2\/categories?post=6531"},{"taxonomy":"post_tag","embeddable":true,"href":"http:\/\/jornalismo.ufsj.edu.br\/site\/wp-json\/wp\/v2\/tags?post=6531"}],"curies":[{"name":"wp","href":"https:\/\/api.w.org\/{rel}","templated":true}]}}