{"id":6527,"date":"2019-04-18T16:01:30","date_gmt":"2019-04-18T19:01:30","guid":{"rendered":"http:\/\/jornalismo.ufsj.edu.br\/?p=6527"},"modified":"2019-04-18T16:04:13","modified_gmt":"2019-04-18T19:04:13","slug":"semana-santa-pelo-olhar-dos-universitarios","status":"publish","type":"post","link":"http:\/\/jornalismo.ufsj.edu.br\/site\/jornalismoufsj\/semana-santa-pelo-olhar-dos-universitarios\/","title":{"rendered":"Semana Santa pelo olhar dos universit\u00e1rios"},"content":{"rendered":"\n<p><em>Como a Semana Santa \u00e9 um evento muito importante em S\u00e3o Jo\u00e3o del-Rei, entrevistamos dois universit\u00e1rios da UFSJ, para n\u00f3s falar um pouco da experi\u00eancia cultural do evento. <\/em>\u00a0<br><\/p>\n\n\n\n<figure class=\"wp-block-image is-resized\"><img loading=\"lazy\" src=\"http:\/\/jornalismo.ufsj.edu.br\/wp-content\/uploads\/2019\/04\/procissc3a3o-do-encontro-1_640x480.jpg\" alt=\"\" class=\"wp-image-6528\" width=\"581\" height=\"436\" srcset=\"http:\/\/jornalismo.ufsj.edu.br\/site\/wp-content\/uploads\/2019\/04\/procissc3a3o-do-encontro-1_640x480.jpg 500w, http:\/\/jornalismo.ufsj.edu.br\/site\/wp-content\/uploads\/2019\/04\/procissc3a3o-do-encontro-1_640x480-300x225.jpg 300w\" sizes=\"(max-width: 581px) 100vw, 581px\" \/><figcaption> <br>Prociss\u00e3o do Senhor Bom Jesus dos Passos.<strong>Reprodu\u00e7\u00e3o:<\/strong> Thiago Morandi<\/figcaption><\/figure>\n\n\n\n<p>Essa semana come\u00e7ou a Semana Santa em S\u00e3o Jo\u00e3o del-Rei, e como a cidade \u00e9 conhecida pelas suas Igrejas e Universidades, resolvemos juntar esses dois lados para saber mais sobre a opini\u00e3o de alguns estudantes universit\u00e1rios sobre a t\u00e3o famosa Semana Santa.<\/p>\n\n\n\n<p>Por ser uma cidade tur\u00edstica e universit\u00e1ria, a Semana Santa em S\u00e3o Jo\u00e3o del-Rei, atrai muitos curiosos e por causa de sua beleza e cultura, muitos estudantes acabam participando para conhecer um pouco mais sobre os costumes tradicionais e a cultura do lugar.<\/p>\n\n\n\n<p>Segundo Elimar do Carmo, estudante de Arquitetura e Urbanismo da UFSJ, a Semana Santa \u201c\u00e9 um evento cultural forte da cidade que tem tradi\u00e7\u00f5es antigas que n\u00e3o s\u00e3o adotadas mais por outras igrejas, o que torna o evento particularmente melhor por ser mais hist\u00f3rico e mais tradicionalista\u201d, ele mora na cidade h\u00e1 3 anos e j\u00e1 participou do evento por causa de sua dimens\u00e3o. Ele acha importante por causa do contexto hist\u00f3rico e patrimonial do munic\u00edpio e isso faz com que ajude no crescimento da cidade por meio dos turistas que ficam animados para conhecer mais sobre a cultura do local.<\/p>\n\n\n\n<p>Esses eventos religiosos que acontecem, acabam trazendo muitas oportunidades para os universit\u00e1rios, segundo Isadora Jales, estudante de Jornalismo da UFSJ. Ela conheceu mais sobre a Semana Santa da cidade porque ela tinha que fazer uma mat\u00e9ria e acabou se interessando pelo evento, ela mora na cidade h\u00e1 1 ano e 2 meses e na sua opini\u00e3o o evento &nbsp;\u00e9 maravilhoso e muito peculiar, foi a primeira vez que ela viu a celebra\u00e7\u00e3o da Semana Santa. Segundo ela o evento \u00e9 muito importante, apesar de n\u00e3o ser cat\u00f3lica e n\u00e3o participar muito desse tipo de evento, ela acha importante para cidade e para as pessoas que acreditam na f\u00e9. \u201cInclusive acho uma pena n\u00e3o ocorrer esse tipo de evento em outros locais do Brasil\u201d, afirma Isadora.<\/p>\n\n\n\n<p>Al\u00e9m disso, a opini\u00e3o dos entrevistados revela que nas demais cidades a Semana Santa n\u00e3o costuma ser t\u00e3o tradicional como em S\u00e3o Jo\u00e3o del-Rei, pelo fato do munic\u00edpio abrir as portas para um grande n\u00famero de turistas e por ter uma programa\u00e7\u00e3o impec\u00e1vel, enquanto as demais cidades s\u00e3o mais comuns com missas e prociss\u00f5es. <br><\/p>\n\n\n\n<p><strong>Texto: <\/strong>Vit\u00f3ria Cristina<\/p>\n","protected":false},"excerpt":{"rendered":"<p>Como a Semana Santa \u00e9 um evento muito importante em S\u00e3o Jo\u00e3o del-Rei, entrevistamos dois universit\u00e1rios da UFSJ, para n\u00f3s falar um pouco da experi\u00eancia cultural do evento. \u00a0 Essa semana come\u00e7ou a Semana Santa em S\u00e3o Jo\u00e3o del-Rei, e&#8230;<\/p>\n","protected":false},"author":3,"featured_media":0,"comment_status":"open","ping_status":"open","sticky":false,"template":"","format":"standard","meta":{"_monsterinsights_skip_tracking":false,"_monsterinsights_sitenote_active":false,"_monsterinsights_sitenote_note":"","_monsterinsights_sitenote_category":0},"categories":[43],"tags":[],"yoast_head":"<!-- This site is optimized with the Yoast SEO plugin v20.6 - https:\/\/yoast.com\/wordpress\/plugins\/seo\/ -->\n<title>Semana Santa pelo olhar dos universit\u00e1rios - Jornalismo UFSJ<\/title>\n<meta name=\"robots\" content=\"index, follow, max-snippet:-1, max-image-preview:large, max-video-preview:-1\" \/>\n<link rel=\"canonical\" href=\"http:\/\/anu.ufsj.edu.br\/site\/jornalismoufsj\/semana-santa-pelo-olhar-dos-universitarios\/\" \/>\n<meta property=\"og:locale\" content=\"pt_BR\" \/>\n<meta property=\"og:type\" content=\"article\" \/>\n<meta property=\"og:title\" content=\"Semana Santa pelo olhar dos universit\u00e1rios - Jornalismo UFSJ\" \/>\n<meta property=\"og:description\" content=\"Como a Semana Santa \u00e9 um evento muito importante em S\u00e3o Jo\u00e3o del-Rei, entrevistamos dois universit\u00e1rios da UFSJ, para n\u00f3s falar um pouco da experi\u00eancia cultural do evento. \u00a0 Essa semana come\u00e7ou a Semana Santa em S\u00e3o Jo\u00e3o del-Rei, e...\" \/>\n<meta property=\"og:url\" content=\"http:\/\/anu.ufsj.edu.br\/site\/jornalismoufsj\/semana-santa-pelo-olhar-dos-universitarios\/\" \/>\n<meta property=\"og:site_name\" content=\"Jornalismo UFSJ\" \/>\n<meta property=\"article:publisher\" content=\"https:\/\/www.facebook.com\/jornalismoufsj\/\" \/>\n<meta property=\"article:published_time\" content=\"2019-04-18T19:01:30+00:00\" \/>\n<meta property=\"article:modified_time\" content=\"2019-04-18T19:04:13+00:00\" \/>\n<meta property=\"og:image\" content=\"http:\/\/jornalismo.ufsj.edu.br\/wp-content\/uploads\/2019\/04\/procissc3a3o-do-encontro-1_640x480.jpg\" \/>\n<meta name=\"twitter:card\" content=\"summary_large_image\" \/>\n<meta name=\"twitter:creator\" content=\"@jornalismoufsj\" \/>\n<meta name=\"twitter:site\" content=\"@jornalismoufsj\" \/>\n<meta name=\"twitter:label1\" content=\"Escrito por\" \/>\n\t<meta name=\"twitter:data1\" content=\"\" \/>\n\t<meta name=\"twitter:label2\" content=\"Est. tempo de leitura\" \/>\n\t<meta name=\"twitter:data2\" content=\"2 minutos\" \/>\n<script type=\"application\/ld+json\" class=\"yoast-schema-graph\">{\"@context\":\"https:\/\/schema.org\",\"@graph\":[{\"@type\":\"WebPage\",\"@id\":\"http:\/\/anu.ufsj.edu.br\/site\/jornalismoufsj\/semana-santa-pelo-olhar-dos-universitarios\/\",\"url\":\"http:\/\/anu.ufsj.edu.br\/site\/jornalismoufsj\/semana-santa-pelo-olhar-dos-universitarios\/\",\"name\":\"Semana Santa pelo olhar dos universit\u00e1rios - Jornalismo UFSJ\",\"isPartOf\":{\"@id\":\"https:\/\/jornalismo.ufsj.edu.br\/site\/#website\"},\"datePublished\":\"2019-04-18T19:01:30+00:00\",\"dateModified\":\"2019-04-18T19:04:13+00:00\",\"author\":{\"@id\":\"\"},\"breadcrumb\":{\"@id\":\"http:\/\/anu.ufsj.edu.br\/site\/jornalismoufsj\/semana-santa-pelo-olhar-dos-universitarios\/#breadcrumb\"},\"inLanguage\":\"pt-BR\",\"potentialAction\":[{\"@type\":\"ReadAction\",\"target\":[\"http:\/\/anu.ufsj.edu.br\/site\/jornalismoufsj\/semana-santa-pelo-olhar-dos-universitarios\/\"]}]},{\"@type\":\"BreadcrumbList\",\"@id\":\"http:\/\/anu.ufsj.edu.br\/site\/jornalismoufsj\/semana-santa-pelo-olhar-dos-universitarios\/#breadcrumb\",\"itemListElement\":[{\"@type\":\"ListItem\",\"position\":1,\"name\":\"In\u00edcio\",\"item\":\"https:\/\/jornalismo.ufsj.edu.br\/site\/\"},{\"@type\":\"ListItem\",\"position\":2,\"name\":\"Semana Santa pelo olhar dos universit\u00e1rios\"}]},{\"@type\":\"WebSite\",\"@id\":\"https:\/\/jornalismo.ufsj.edu.br\/site\/#website\",\"url\":\"https:\/\/jornalismo.ufsj.edu.br\/site\/\",\"name\":\"Jornalismo UFSJ\",\"description\":\"\",\"potentialAction\":[{\"@type\":\"SearchAction\",\"target\":{\"@type\":\"EntryPoint\",\"urlTemplate\":\"https:\/\/jornalismo.ufsj.edu.br\/site\/?s={search_term_string}\"},\"query-input\":\"required name=search_term_string\"}],\"inLanguage\":\"pt-BR\"},{\"@type\":\"Person\",\"@id\":\"\"}]}<\/script>\n<!-- \/ Yoast SEO plugin. -->","yoast_head_json":{"title":"Semana Santa pelo olhar dos universit\u00e1rios - Jornalismo UFSJ","robots":{"index":"index","follow":"follow","max-snippet":"max-snippet:-1","max-image-preview":"max-image-preview:large","max-video-preview":"max-video-preview:-1"},"canonical":"http:\/\/anu.ufsj.edu.br\/site\/jornalismoufsj\/semana-santa-pelo-olhar-dos-universitarios\/","og_locale":"pt_BR","og_type":"article","og_title":"Semana Santa pelo olhar dos universit\u00e1rios - Jornalismo UFSJ","og_description":"Como a Semana Santa \u00e9 um evento muito importante em S\u00e3o Jo\u00e3o del-Rei, entrevistamos dois universit\u00e1rios da UFSJ, para n\u00f3s falar um pouco da experi\u00eancia cultural do evento. \u00a0 Essa semana come\u00e7ou a Semana Santa em S\u00e3o Jo\u00e3o del-Rei, e...","og_url":"http:\/\/anu.ufsj.edu.br\/site\/jornalismoufsj\/semana-santa-pelo-olhar-dos-universitarios\/","og_site_name":"Jornalismo UFSJ","article_publisher":"https:\/\/www.facebook.com\/jornalismoufsj\/","article_published_time":"2019-04-18T19:01:30+00:00","article_modified_time":"2019-04-18T19:04:13+00:00","og_image":[{"url":"http:\/\/jornalismo.ufsj.edu.br\/wp-content\/uploads\/2019\/04\/procissc3a3o-do-encontro-1_640x480.jpg"}],"twitter_card":"summary_large_image","twitter_creator":"@jornalismoufsj","twitter_site":"@jornalismoufsj","twitter_misc":{"Escrito por":"","Est. tempo de leitura":"2 minutos"},"schema":{"@context":"https:\/\/schema.org","@graph":[{"@type":"WebPage","@id":"http:\/\/anu.ufsj.edu.br\/site\/jornalismoufsj\/semana-santa-pelo-olhar-dos-universitarios\/","url":"http:\/\/anu.ufsj.edu.br\/site\/jornalismoufsj\/semana-santa-pelo-olhar-dos-universitarios\/","name":"Semana Santa pelo olhar dos universit\u00e1rios - Jornalismo UFSJ","isPartOf":{"@id":"https:\/\/jornalismo.ufsj.edu.br\/site\/#website"},"datePublished":"2019-04-18T19:01:30+00:00","dateModified":"2019-04-18T19:04:13+00:00","author":{"@id":""},"breadcrumb":{"@id":"http:\/\/anu.ufsj.edu.br\/site\/jornalismoufsj\/semana-santa-pelo-olhar-dos-universitarios\/#breadcrumb"},"inLanguage":"pt-BR","potentialAction":[{"@type":"ReadAction","target":["http:\/\/anu.ufsj.edu.br\/site\/jornalismoufsj\/semana-santa-pelo-olhar-dos-universitarios\/"]}]},{"@type":"BreadcrumbList","@id":"http:\/\/anu.ufsj.edu.br\/site\/jornalismoufsj\/semana-santa-pelo-olhar-dos-universitarios\/#breadcrumb","itemListElement":[{"@type":"ListItem","position":1,"name":"In\u00edcio","item":"https:\/\/jornalismo.ufsj.edu.br\/site\/"},{"@type":"ListItem","position":2,"name":"Semana Santa pelo olhar dos universit\u00e1rios"}]},{"@type":"WebSite","@id":"https:\/\/jornalismo.ufsj.edu.br\/site\/#website","url":"https:\/\/jornalismo.ufsj.edu.br\/site\/","name":"Jornalismo UFSJ","description":"","potentialAction":[{"@type":"SearchAction","target":{"@type":"EntryPoint","urlTemplate":"https:\/\/jornalismo.ufsj.edu.br\/site\/?s={search_term_string}"},"query-input":"required name=search_term_string"}],"inLanguage":"pt-BR"},{"@type":"Person","@id":""}]}},"jetpack_featured_media_url":"","_links":{"self":[{"href":"http:\/\/jornalismo.ufsj.edu.br\/site\/wp-json\/wp\/v2\/posts\/6527"}],"collection":[{"href":"http:\/\/jornalismo.ufsj.edu.br\/site\/wp-json\/wp\/v2\/posts"}],"about":[{"href":"http:\/\/jornalismo.ufsj.edu.br\/site\/wp-json\/wp\/v2\/types\/post"}],"author":[{"embeddable":true,"href":"http:\/\/jornalismo.ufsj.edu.br\/site\/wp-json\/wp\/v2\/users\/3"}],"replies":[{"embeddable":true,"href":"http:\/\/jornalismo.ufsj.edu.br\/site\/wp-json\/wp\/v2\/comments?post=6527"}],"version-history":[{"count":2,"href":"http:\/\/jornalismo.ufsj.edu.br\/site\/wp-json\/wp\/v2\/posts\/6527\/revisions"}],"predecessor-version":[{"id":6530,"href":"http:\/\/jornalismo.ufsj.edu.br\/site\/wp-json\/wp\/v2\/posts\/6527\/revisions\/6530"}],"wp:attachment":[{"href":"http:\/\/jornalismo.ufsj.edu.br\/site\/wp-json\/wp\/v2\/media?parent=6527"}],"wp:term":[{"taxonomy":"category","embeddable":true,"href":"http:\/\/jornalismo.ufsj.edu.br\/site\/wp-json\/wp\/v2\/categories?post=6527"},{"taxonomy":"post_tag","embeddable":true,"href":"http:\/\/jornalismo.ufsj.edu.br\/site\/wp-json\/wp\/v2\/tags?post=6527"}],"curies":[{"name":"wp","href":"https:\/\/api.w.org\/{rel}","templated":true}]}}